{"id":1875,"date":"2025-06-06T09:05:00","date_gmt":"2025-06-06T07:05:00","guid":{"rendered":"https:\/\/conseillerfinanciergeneve.ch\/?p=1875"},"modified":"2025-03-13T10:22:25","modified_gmt":"2025-03-13T08:22:25","slug":"systeme-fiscal-canton-valais","status":"publish","type":"post","link":"https:\/\/conseillerfinanciergeneve.ch\/en\/systeme-fiscal-canton-valais\/","title":{"rendered":"Le Syst\u00e8me Fiscal du Canton du Valais : Un Aper\u00e7u D\u00e9taill\u00e9"},"content":{"rendered":"<p>Le canton du Valais se trouve au c\u0153ur des Alpes suisses, par cons\u00e9quent, avec des paysages magnifiques, il est une r\u00e9gion r\u00e9put\u00e9e pour son syst\u00e8me fiscal \u00e0 bas taux. Une connaissance suffisante du fonctionnement des imp\u00f4ts dans le canton du Valais peut vous aider \u00e0 am\u00e9liorer votre situation financi\u00e8re et \u00e0 tirer le meilleur parti possible des avantages. Cet article se penche sur le sujet de l\u2019imp\u00f4t dans le canton du Valais et offre une revue compl\u00e8te des imp\u00f4ts et taxes, des r\u00e9ductions d\u2019imp\u00f4t et des recommandations sur l\u2019optimisation de la situation fiscale.<\/p>\n\n\n\n<h2 class=\"wp-block-heading\">Les Types d&rsquo;Imp\u00f4ts dans le Canton du Valais<\/h2>\n\n\n\n<h3 class=\"wp-block-heading\">Imp\u00f4t sur le Revenu<\/h3>\n\n\n\n<p>Dans le canton du Valais, l&rsquo;imp\u00f4t sur le revenu figure parmi les imp\u00f4ts les plus importants. Cela englobe tous les revenus provenant des r\u00e9sidents, qu&rsquo;ils soient issus de salaires, d&rsquo;investissements ou d&rsquo;autres sources. Le taux d&rsquo;imposition est diff\u00e9rent selon le revenu imposable et la situation familiale du contribuable.<\/p>\n\n\n\n<h3 class=\"wp-block-heading\">Imp\u00f4t sur la Fortune<\/h3>\n\n\n\n<p>Un imp\u00f4t sur la fortune est \u00e9galement pr\u00e9lev\u00e9 dans le canton du Valais, en fonction de la valeur totale des biens poss\u00e9d\u00e9s par une personne. Ce taxe est gradu\u00e9e, avec des pourcentages croissants en fonction de la valeur du patrimoine.<\/p>\n\n\n\n<h3 class=\"wp-block-heading\">Imp\u00f4t Immobilier<\/h3>\n\n\n\n<p>Il est obligatoire pour les propri\u00e9taires immobiliers de s&rsquo;acquitter d&rsquo;une taxe sur les biens immobiliers localis\u00e9s dans la r\u00e9gion. Le montant de cet imp\u00f4t est d\u00e9termin\u00e9 en fonction de la valeur fiscale de la propri\u00e9t\u00e9 et peut fluctuer selon la municipalit\u00e9 dans laquelle elle se situe.<\/p>\n\n\n\n<h3 class=\"wp-block-heading\">Imp\u00f4t sur les Successions et Donations<\/h3>\n\n\n\n<p>Le Valais impose aussi les successions et donations dans son canton. Les taux sont d\u00e9termin\u00e9s en se basant sur le degr\u00e9 de parent\u00e9 entre le donateur et le b\u00e9n\u00e9ficiaire. En r\u00e8gle g\u00e9n\u00e9rale, les conjoints et les descendants directs peuvent b\u00e9n\u00e9ficier d&rsquo;exemptions ou de taux r\u00e9duits.<\/p>\n\n\n\n<h2 class=\"wp-block-heading\">D\u00e9ductions et All\u00e9gements Fiscaux<\/h2>\n\n\n\n<h3 class=\"wp-block-heading\">Frais de Sant\u00e9 et Assurance<\/h3>\n\n\n\n<p>Il est possible pour les contribuables de d\u00e9duire les frais m\u00e9dicaux qui ne sont pas couverts par l&rsquo;assurance maladie, ainsi que les primes d&rsquo;assurance li\u00e9es \u00e0 la sant\u00e9 et aux accidents. L\u2019imp\u00f4t sur le revenu peut \u00eatre consid\u00e9rablement r\u00e9duit gr\u00e2ce \u00e0 ces d\u00e9ductions.<\/p>\n\n\n\n<h3 class=\"wp-block-heading\">Frais de Garde d&rsquo;Enfants<\/h3>\n\n\n\n<p>Les familles \u00e0 double revenu sont les principales gagnantes gr\u00e2ce \u00e0 la possibilit\u00e9 pour les parents de d\u00e9duire les frais de garde d\u2019enfants de la base d\u2019imposition et le montant des imp\u00f4ts \u00e0 payer.<\/p>\n\n\n\n<h3 class=\"wp-block-heading\">D\u00e9ductions pour \u00c9pargne-Retraite<\/h3>\n\n\n\n<p>Il est possible de d\u00e9duire du revenu imposable les cotisations vers\u00e9es \u00e0 des plans d&rsquo;\u00e9pargne-retraite, comme le 3\u00e8me pilier. En offrant des avantages fiscaux imm\u00e9diats, cela incite \u00e0 \u00e9pargner pour la retraite.<\/p>\n\n\n\n<h3 class=\"wp-block-heading\">Int\u00e9r\u00eats Hypoth\u00e9caires<\/h3>\n\n\n\n<p>Il est possible de d\u00e9duire du revenu imposable les int\u00e9r\u00eats vers\u00e9s sur les pr\u00eats hypoth\u00e9caires. Les propri\u00e9taires immobiliers trouvent un avantage particuli\u00e8rement b\u00e9n\u00e9fique dans cette d\u00e9duction, car elle r\u00e9duit leur charge fiscale globale.<\/p>\n\n\n\n<h2 class=\"wp-block-heading\">Strat\u00e9gies d&rsquo;Optimisation Fiscale<\/h2>\n\n\n\n<h3 class=\"wp-block-heading\">Planification de la Retraite<\/h3>\n\n\n\n<p>L&rsquo;investissement dans des plans de retraite tels que le 3\u00e8me pilier peut entra\u00eener des r\u00e9ductions d&rsquo;imp\u00f4ts consid\u00e9rables. En optimisant vos cotisations, vous minimisez votre revenu imposable tout en compensant financi\u00e8rement votre retraite.<\/p>\n\n\n\n<h3 class=\"wp-block-heading\">Optimisation des Investissements<\/h3>\n\n\n\n<p>Comment la charge fiscale peut-elle \u00eatre influenc\u00e9e? Elle d\u00e9pend \u00e9galement du choix des investissements. Lorsque vous placez de l\u2019argent dans les produits financiers qui, conform\u00e9ment aux lois fiscales suisse, laissent la place \u00e0 des avantages fiscaux, tels que les fonds d\u2019investissement assortis de d\u00e9ductions, vous pouvez payer moins d\u2019imp\u00f4ts sur votre revenu.<\/p>\n\n\n\n<h3 class=\"wp-block-heading\">Gestion de la Fortune<\/h3>\n\n\n\n<p>La fa\u00e7on dont est organis\u00e9e votre fortune peut avoir des cons\u00e9quences fiscales. Consultez un sp\u00e9cialiste en planification patrimoniale. Elle vous aidera \u00e0 organiser vos actifs de mani\u00e8re \u00e0 ce que les imp\u00f4ts en d\u00e9coulant affectent moins l\u2019impact de votre fortune et \u00e0 utiliser autant de d\u00e9ductions que possible.<\/p>\n\n\n\n<h3 class=\"wp-block-heading\">Don et Donation<\/h3>\n\n\n\n<p>L\u2019organisation des dons peut \u00e9galement \u00eatre une bonne mani\u00e8re de r\u00e9duire les imp\u00f4ts lors d\u2019une succession anticip\u00e9e. Assurez-vous de faire des dons en votre nom propre. Cela vous permettra de r\u00e9duire les imp\u00f4ts sur votre h\u00e9ritage et de transmettre une partie de votre h\u00e9ritage \u00e0 vos successeurs.<\/p>\n\n\n\n<h2 class=\"wp-block-heading\">Call to Action : Maximisez Vos Avantages Fiscaux avec Wallswiss<\/h2>\n\n\n\n<p>\u00c0 <a href=\"https:\/\/conseillerfinanciergeneve.ch\/en\/comment-gerer-efficacement-finances-personnelles-Wallswiss\/\">Wallswiss<\/a>, nous sommes conscients des difficult\u00e9s li\u00e9es au syst\u00e8me fiscal du canton du Valais et nous serons pr\u00e9sents pour vous accompagner dans l&rsquo;optimisation de votre situation fiscale. Nous mettons \u00e0 votre disposition nos experts sp\u00e9cialis\u00e9s en fiscalit\u00e9 et en gestion de patrimoine, qui se tiennent pr\u00eats \u00e0 vous fournir des conseils personnalis\u00e9s ainsi que des solutions adapt\u00e9es selon vos besoins.<\/p>\n\n\n\n<p>N&rsquo;h\u00e9sitez pas \u00e0 nous contacter d\u00e8s maintenant pour une consultation gratuite et d\u00e9couvrez comment Wallswiss peut vous aider \u00e0 maximiser les avantages fiscaux offerts par le canton du Valais.<\/p>\n\n\n\n<h2 class=\"wp-block-heading\">Conclusion<\/h2>\n\n\n\n<p>Les r\u00e9sidents et les investisseurs peuvent profiter de nombreuses opportunit\u00e9s d&rsquo;optimisation fiscale gr\u00e2ce au syst\u00e8me fiscal du canton du Valais. En ayant une bonne compr\u00e9hension des diff\u00e9rentes cat\u00e9gories d&rsquo;imp\u00f4ts, en identifiant les d\u00e9ductions qui vous sont accessibles et en mettant en place des strat\u00e9gies pour optimiser votre fiscalit\u00e9, il est possible de diminuer la somme que vous devez payer au fisc tout en maximisant vos avantages financiers.<\/p>\n\n\n\n<p>Ne risquez pas vos finances. <a href=\"https:\/\/conseillerfinanciergeneve.ch\/en\/rendez-vous-conseiller-geneve\/\">Prenez contact avec nous d\u00e8s aujourd\u2019hui pour obtenir une consultation gratuite <\/a>avant d\u2019optimiser en toute confiance votre fiscalit\u00e9 sur une relation de confiance avec un partenaire cr\u00e9dible. Nous sommes ici pour vous aider \u00e0 comprendre le syst\u00e8me fiscal du Valais et nous vous garantissons que vos objectifs financiers se r\u00e9aliseront pendant longtemps.<\/p>","protected":false},"excerpt":{"rendered":"<p>Le canton du Valais se trouve au c\u0153ur des Alpes suisses, par cons\u00e9quent, avec des paysages magnifiques, il est une r\u00e9gion r\u00e9put\u00e9e pour son syst\u00e8me fiscal \u00e0 bas taux. Une connaissance suffisante du fonctionnement des imp\u00f4ts dans le canton du Valais peut vous aider \u00e0 am\u00e9liorer votre situation financi\u00e8re et \u00e0 tirer le meilleur parti [&hellip;]<\/p>\n","protected":false},"author":1,"featured_media":1876,"comment_status":"open","ping_status":"open","sticky":false,"template":"","format":"standard","meta":{"footnotes":""},"categories":[11],"tags":[],"class_list":["post-1875","post","type-post","status-publish","format-standard","has-post-thumbnail","hentry","category-fiscalite"],"yoast_head":"<!-- This site is optimized with the Yoast SEO plugin v27.5 - https:\/\/yoast.com\/product\/yoast-seo-wordpress\/ -->\n<title>Le Syst\u00e8me Fiscal du Canton du Valais : Un Aper\u00e7u D\u00e9taill\u00e9<\/title>\n<meta name=\"description\" content=\"D\u00e9couvrez le syst\u00e8me fiscal du canton du Valais. Apprenez comment optimiser votre fiscalit\u00e9 en profitant des avantages fiscaux offerts.\" \/>\n<meta name=\"robots\" content=\"index, follow, max-snippet:-1, max-image-preview:large, max-video-preview:-1\" \/>\n<link rel=\"canonical\" href=\"https:\/\/conseillerfinanciergeneve.ch\/en\/systeme-fiscal-canton-valais\/\" \/>\n<meta property=\"og:locale\" content=\"en_US\" \/>\n<meta property=\"og:type\" content=\"article\" \/>\n<meta property=\"og:title\" content=\"Le Syst\u00e8me Fiscal du Canton du Valais : Un Aper\u00e7u D\u00e9taill\u00e9\" \/>\n<meta property=\"og:description\" content=\"D\u00e9couvrez le syst\u00e8me fiscal du canton du Valais. Apprenez comment optimiser votre fiscalit\u00e9 en profitant des avantages fiscaux offerts.\" \/>\n<meta property=\"og:url\" content=\"https:\/\/conseillerfinanciergeneve.ch\/en\/systeme-fiscal-canton-valais\/\" \/>\n<meta property=\"og:site_name\" content=\"Conseiller financier Gen&egrave;ve\" \/>\n<meta property=\"article:published_time\" content=\"2025-06-06T07:05:00+00:00\" \/>\n<meta property=\"og:image\" content=\"https:\/\/conseillerfinanciergeneve.ch\/wp-content\/uploads\/2024\/08\/Systeme-Fiscal-Canton-Valais-scaled.jpg\" \/>\n\t<meta property=\"og:image:width\" content=\"1707\" \/>\n\t<meta property=\"og:image:height\" content=\"2560\" \/>\n\t<meta property=\"og:image:type\" content=\"image\/jpeg\" \/>\n<meta name=\"author\" content=\"administrateur\" \/>\n<meta name=\"twitter:card\" content=\"summary_large_image\" \/>\n<meta name=\"twitter:label1\" content=\"Written by\" \/>\n\t<meta name=\"twitter:data1\" content=\"administrateur\" \/>\n\t<meta name=\"twitter:label2\" content=\"Est. reading time\" \/>\n\t<meta name=\"twitter:data2\" content=\"5 minutes\" \/>\n<script type=\"application\/ld+json\" class=\"yoast-schema-graph\">{\"@context\":\"https:\\\/\\\/schema.org\",\"@graph\":[{\"@type\":\"Article\",\"@id\":\"https:\\\/\\\/conseillerfinanciergeneve.ch\\\/systeme-fiscal-canton-valais\\\/#article\",\"isPartOf\":{\"@id\":\"https:\\\/\\\/conseillerfinanciergeneve.ch\\\/systeme-fiscal-canton-valais\\\/\"},\"author\":{\"name\":\"administrateur\",\"@id\":\"https:\\\/\\\/conseillerfinanciergeneve.ch\\\/#\\\/schema\\\/person\\\/fe24fe6787fe0cb362b7de00dd996498\"},\"headline\":\"Le Syst\u00e8me Fiscal du Canton du Valais : Un Aper\u00e7u D\u00e9taill\u00e9\",\"datePublished\":\"2025-06-06T07:05:00+00:00\",\"mainEntityOfPage\":{\"@id\":\"https:\\\/\\\/conseillerfinanciergeneve.ch\\\/systeme-fiscal-canton-valais\\\/\"},\"wordCount\":1031,\"commentCount\":0,\"publisher\":{\"@id\":\"https:\\\/\\\/conseillerfinanciergeneve.ch\\\/#organization\"},\"image\":{\"@id\":\"https:\\\/\\\/conseillerfinanciergeneve.ch\\\/systeme-fiscal-canton-valais\\\/#primaryimage\"},\"thumbnailUrl\":\"https:\\\/\\\/conseillerfinanciergeneve.ch\\\/wp-content\\\/uploads\\\/2024\\\/08\\\/Systeme-Fiscal-Canton-Valais-scaled.jpg\",\"articleSection\":[\"Fiscalit\u00e9\"],\"inLanguage\":\"en-US\",\"potentialAction\":[{\"@type\":\"CommentAction\",\"name\":\"Comment\",\"target\":[\"https:\\\/\\\/conseillerfinanciergeneve.ch\\\/systeme-fiscal-canton-valais\\\/#respond\"]}]},{\"@type\":\"WebPage\",\"@id\":\"https:\\\/\\\/conseillerfinanciergeneve.ch\\\/systeme-fiscal-canton-valais\\\/\",\"url\":\"https:\\\/\\\/conseillerfinanciergeneve.ch\\\/systeme-fiscal-canton-valais\\\/\",\"name\":\"Le Syst\u00e8me Fiscal du Canton du Valais : Un Aper\u00e7u D\u00e9taill\u00e9\",\"isPartOf\":{\"@id\":\"https:\\\/\\\/conseillerfinanciergeneve.ch\\\/#website\"},\"primaryImageOfPage\":{\"@id\":\"https:\\\/\\\/conseillerfinanciergeneve.ch\\\/systeme-fiscal-canton-valais\\\/#primaryimage\"},\"image\":{\"@id\":\"https:\\\/\\\/conseillerfinanciergeneve.ch\\\/systeme-fiscal-canton-valais\\\/#primaryimage\"},\"thumbnailUrl\":\"https:\\\/\\\/conseillerfinanciergeneve.ch\\\/wp-content\\\/uploads\\\/2024\\\/08\\\/Systeme-Fiscal-Canton-Valais-scaled.jpg\",\"datePublished\":\"2025-06-06T07:05:00+00:00\",\"description\":\"D\u00e9couvrez le syst\u00e8me fiscal du canton du Valais. Apprenez comment optimiser votre fiscalit\u00e9 en profitant des avantages fiscaux offerts.\",\"breadcrumb\":{\"@id\":\"https:\\\/\\\/conseillerfinanciergeneve.ch\\\/systeme-fiscal-canton-valais\\\/#breadcrumb\"},\"inLanguage\":\"en-US\",\"potentialAction\":[{\"@type\":\"ReadAction\",\"target\":[\"https:\\\/\\\/conseillerfinanciergeneve.ch\\\/systeme-fiscal-canton-valais\\\/\"]}]},{\"@type\":\"ImageObject\",\"inLanguage\":\"en-US\",\"@id\":\"https:\\\/\\\/conseillerfinanciergeneve.ch\\\/systeme-fiscal-canton-valais\\\/#primaryimage\",\"url\":\"https:\\\/\\\/conseillerfinanciergeneve.ch\\\/wp-content\\\/uploads\\\/2024\\\/08\\\/Systeme-Fiscal-Canton-Valais-scaled.jpg\",\"contentUrl\":\"https:\\\/\\\/conseillerfinanciergeneve.ch\\\/wp-content\\\/uploads\\\/2024\\\/08\\\/Systeme-Fiscal-Canton-Valais-scaled.jpg\",\"width\":1707,\"height\":2560},{\"@type\":\"BreadcrumbList\",\"@id\":\"https:\\\/\\\/conseillerfinanciergeneve.ch\\\/systeme-fiscal-canton-valais\\\/#breadcrumb\",\"itemListElement\":[{\"@type\":\"ListItem\",\"position\":1,\"name\":\"Accueil\",\"item\":\"https:\\\/\\\/conseillerfinanciergeneve.ch\\\/\"},{\"@type\":\"ListItem\",\"position\":2,\"name\":\"Fiscalit\u00e9\",\"item\":\"https:\\\/\\\/conseillerfinanciergeneve.ch\\\/fiscalite\\\/\"},{\"@type\":\"ListItem\",\"position\":3,\"name\":\"Le Syst\u00e8me Fiscal du Canton du Valais : Un Aper\u00e7u D\u00e9taill\u00e9\"}]},{\"@type\":\"WebSite\",\"@id\":\"https:\\\/\\\/conseillerfinanciergeneve.ch\\\/#website\",\"url\":\"https:\\\/\\\/conseillerfinanciergeneve.ch\\\/\",\"name\":\"Conseiller financier Gen\u00e8ve\",\"description\":\"\",\"publisher\":{\"@id\":\"https:\\\/\\\/conseillerfinanciergeneve.ch\\\/#organization\"},\"potentialAction\":[{\"@type\":\"SearchAction\",\"target\":{\"@type\":\"EntryPoint\",\"urlTemplate\":\"https:\\\/\\\/conseillerfinanciergeneve.ch\\\/?s={search_term_string}\"},\"query-input\":{\"@type\":\"PropertyValueSpecification\",\"valueRequired\":true,\"valueName\":\"search_term_string\"}}],\"inLanguage\":\"en-US\"},{\"@type\":\"Organization\",\"@id\":\"https:\\\/\\\/conseillerfinanciergeneve.ch\\\/#organization\",\"name\":\"Conseiller financier Gen\u00e8ve\",\"url\":\"https:\\\/\\\/conseillerfinanciergeneve.ch\\\/\",\"logo\":{\"@type\":\"ImageObject\",\"inLanguage\":\"en-US\",\"@id\":\"https:\\\/\\\/conseillerfinanciergeneve.ch\\\/#\\\/schema\\\/logo\\\/image\\\/\",\"url\":\"https:\\\/\\\/conseillerfinanciergeneve.ch\\\/wp-content\\\/uploads\\\/2024\\\/11\\\/cropped-cropped-conseiller-financier-2-2.png\",\"contentUrl\":\"https:\\\/\\\/conseillerfinanciergeneve.ch\\\/wp-content\\\/uploads\\\/2024\\\/11\\\/cropped-cropped-conseiller-financier-2-2.png\",\"width\":499,\"height\":258,\"caption\":\"Conseiller financier Gen\u00e8ve\"},\"image\":{\"@id\":\"https:\\\/\\\/conseillerfinanciergeneve.ch\\\/#\\\/schema\\\/logo\\\/image\\\/\"}},{\"@type\":\"Person\",\"@id\":\"https:\\\/\\\/conseillerfinanciergeneve.ch\\\/#\\\/schema\\\/person\\\/fe24fe6787fe0cb362b7de00dd996498\",\"name\":\"administrateur\",\"image\":{\"@type\":\"ImageObject\",\"inLanguage\":\"en-US\",\"@id\":\"https:\\\/\\\/secure.gravatar.com\\\/avatar\\\/4a8b18800befc1a369b14c97823a8dcd4c383cddeeda04aa2c53e53058caa45e?s=96&d=mm&r=g\",\"url\":\"https:\\\/\\\/secure.gravatar.com\\\/avatar\\\/4a8b18800befc1a369b14c97823a8dcd4c383cddeeda04aa2c53e53058caa45e?s=96&d=mm&r=g\",\"contentUrl\":\"https:\\\/\\\/secure.gravatar.com\\\/avatar\\\/4a8b18800befc1a369b14c97823a8dcd4c383cddeeda04aa2c53e53058caa45e?s=96&d=mm&r=g\",\"caption\":\"administrateur\"},\"sameAs\":[\"https:\\\/\\\/conseillerfinanciergeneve.ch\"],\"url\":\"https:\\\/\\\/conseillerfinanciergeneve.ch\\\/en\\\/author\\\/admin\\\/\"}]}<\/script>\n<!-- \/ Yoast SEO plugin. -->","yoast_head_json":{"title":"Le Syst\u00e8me Fiscal du Canton du Valais : Un Aper\u00e7u D\u00e9taill\u00e9","description":"D\u00e9couvrez le syst\u00e8me fiscal du canton du Valais. Apprenez comment optimiser votre fiscalit\u00e9 en profitant des avantages fiscaux offerts.","robots":{"index":"index","follow":"follow","max-snippet":"max-snippet:-1","max-image-preview":"max-image-preview:large","max-video-preview":"max-video-preview:-1"},"canonical":"https:\/\/conseillerfinanciergeneve.ch\/en\/systeme-fiscal-canton-valais\/","og_locale":"en_US","og_type":"article","og_title":"Le Syst\u00e8me Fiscal du Canton du Valais : Un Aper\u00e7u D\u00e9taill\u00e9","og_description":"D\u00e9couvrez le syst\u00e8me fiscal du canton du Valais. Apprenez comment optimiser votre fiscalit\u00e9 en profitant des avantages fiscaux offerts.","og_url":"https:\/\/conseillerfinanciergeneve.ch\/en\/systeme-fiscal-canton-valais\/","og_site_name":"Conseiller financier Gen&egrave;ve","article_published_time":"2025-06-06T07:05:00+00:00","og_image":[{"width":1707,"height":2560,"url":"https:\/\/conseillerfinanciergeneve.ch\/wp-content\/uploads\/2024\/08\/Systeme-Fiscal-Canton-Valais-scaled.jpg","type":"image\/jpeg"}],"author":"administrateur","twitter_card":"summary_large_image","twitter_misc":{"Written by":"administrateur","Est. reading time":"5 minutes"},"schema":{"@context":"https:\/\/schema.org","@graph":[{"@type":"Article","@id":"https:\/\/conseillerfinanciergeneve.ch\/systeme-fiscal-canton-valais\/#article","isPartOf":{"@id":"https:\/\/conseillerfinanciergeneve.ch\/systeme-fiscal-canton-valais\/"},"author":{"name":"administrateur","@id":"https:\/\/conseillerfinanciergeneve.ch\/#\/schema\/person\/fe24fe6787fe0cb362b7de00dd996498"},"headline":"Le Syst\u00e8me Fiscal du Canton du Valais : Un Aper\u00e7u D\u00e9taill\u00e9","datePublished":"2025-06-06T07:05:00+00:00","mainEntityOfPage":{"@id":"https:\/\/conseillerfinanciergeneve.ch\/systeme-fiscal-canton-valais\/"},"wordCount":1031,"commentCount":0,"publisher":{"@id":"https:\/\/conseillerfinanciergeneve.ch\/#organization"},"image":{"@id":"https:\/\/conseillerfinanciergeneve.ch\/systeme-fiscal-canton-valais\/#primaryimage"},"thumbnailUrl":"https:\/\/conseillerfinanciergeneve.ch\/wp-content\/uploads\/2024\/08\/Systeme-Fiscal-Canton-Valais-scaled.jpg","articleSection":["Fiscalit\u00e9"],"inLanguage":"en-US","potentialAction":[{"@type":"CommentAction","name":"Comment","target":["https:\/\/conseillerfinanciergeneve.ch\/systeme-fiscal-canton-valais\/#respond"]}]},{"@type":"WebPage","@id":"https:\/\/conseillerfinanciergeneve.ch\/systeme-fiscal-canton-valais\/","url":"https:\/\/conseillerfinanciergeneve.ch\/systeme-fiscal-canton-valais\/","name":"Le Syst\u00e8me Fiscal du Canton du Valais : Un Aper\u00e7u D\u00e9taill\u00e9","isPartOf":{"@id":"https:\/\/conseillerfinanciergeneve.ch\/#website"},"primaryImageOfPage":{"@id":"https:\/\/conseillerfinanciergeneve.ch\/systeme-fiscal-canton-valais\/#primaryimage"},"image":{"@id":"https:\/\/conseillerfinanciergeneve.ch\/systeme-fiscal-canton-valais\/#primaryimage"},"thumbnailUrl":"https:\/\/conseillerfinanciergeneve.ch\/wp-content\/uploads\/2024\/08\/Systeme-Fiscal-Canton-Valais-scaled.jpg","datePublished":"2025-06-06T07:05:00+00:00","description":"D\u00e9couvrez le syst\u00e8me fiscal du canton du Valais. Apprenez comment optimiser votre fiscalit\u00e9 en profitant des avantages fiscaux offerts.","breadcrumb":{"@id":"https:\/\/conseillerfinanciergeneve.ch\/systeme-fiscal-canton-valais\/#breadcrumb"},"inLanguage":"en-US","potentialAction":[{"@type":"ReadAction","target":["https:\/\/conseillerfinanciergeneve.ch\/systeme-fiscal-canton-valais\/"]}]},{"@type":"ImageObject","inLanguage":"en-US","@id":"https:\/\/conseillerfinanciergeneve.ch\/systeme-fiscal-canton-valais\/#primaryimage","url":"https:\/\/conseillerfinanciergeneve.ch\/wp-content\/uploads\/2024\/08\/Systeme-Fiscal-Canton-Valais-scaled.jpg","contentUrl":"https:\/\/conseillerfinanciergeneve.ch\/wp-content\/uploads\/2024\/08\/Systeme-Fiscal-Canton-Valais-scaled.jpg","width":1707,"height":2560},{"@type":"BreadcrumbList","@id":"https:\/\/conseillerfinanciergeneve.ch\/systeme-fiscal-canton-valais\/#breadcrumb","itemListElement":[{"@type":"ListItem","position":1,"name":"Accueil","item":"https:\/\/conseillerfinanciergeneve.ch\/"},{"@type":"ListItem","position":2,"name":"Fiscalit\u00e9","item":"https:\/\/conseillerfinanciergeneve.ch\/fiscalite\/"},{"@type":"ListItem","position":3,"name":"Le Syst\u00e8me Fiscal du Canton du Valais : Un Aper\u00e7u D\u00e9taill\u00e9"}]},{"@type":"WebSite","@id":"https:\/\/conseillerfinanciergeneve.ch\/#website","url":"https:\/\/conseillerfinanciergeneve.ch\/","name":"Financial advisor Geneva","description":"","publisher":{"@id":"https:\/\/conseillerfinanciergeneve.ch\/#organization"},"potentialAction":[{"@type":"SearchAction","target":{"@type":"EntryPoint","urlTemplate":"https:\/\/conseillerfinanciergeneve.ch\/?s={search_term_string}"},"query-input":{"@type":"PropertyValueSpecification","valueRequired":true,"valueName":"search_term_string"}}],"inLanguage":"en-US"},{"@type":"Organization","@id":"https:\/\/conseillerfinanciergeneve.ch\/#organization","name":"Financial advisor Geneva","url":"https:\/\/conseillerfinanciergeneve.ch\/","logo":{"@type":"ImageObject","inLanguage":"en-US","@id":"https:\/\/conseillerfinanciergeneve.ch\/#\/schema\/logo\/image\/","url":"https:\/\/conseillerfinanciergeneve.ch\/wp-content\/uploads\/2024\/11\/cropped-cropped-conseiller-financier-2-2.png","contentUrl":"https:\/\/conseillerfinanciergeneve.ch\/wp-content\/uploads\/2024\/11\/cropped-cropped-conseiller-financier-2-2.png","width":499,"height":258,"caption":"Conseiller financier Gen\u00e8ve"},"image":{"@id":"https:\/\/conseillerfinanciergeneve.ch\/#\/schema\/logo\/image\/"}},{"@type":"Person","@id":"https:\/\/conseillerfinanciergeneve.ch\/#\/schema\/person\/fe24fe6787fe0cb362b7de00dd996498","name":"administrateur","image":{"@type":"ImageObject","inLanguage":"en-US","@id":"https:\/\/secure.gravatar.com\/avatar\/4a8b18800befc1a369b14c97823a8dcd4c383cddeeda04aa2c53e53058caa45e?s=96&d=mm&r=g","url":"https:\/\/secure.gravatar.com\/avatar\/4a8b18800befc1a369b14c97823a8dcd4c383cddeeda04aa2c53e53058caa45e?s=96&d=mm&r=g","contentUrl":"https:\/\/secure.gravatar.com\/avatar\/4a8b18800befc1a369b14c97823a8dcd4c383cddeeda04aa2c53e53058caa45e?s=96&d=mm&r=g","caption":"administrateur"},"sameAs":["https:\/\/conseillerfinanciergeneve.ch"],"url":"https:\/\/conseillerfinanciergeneve.ch\/en\/author\/admin\/"}]}},"_links":{"self":[{"href":"https:\/\/conseillerfinanciergeneve.ch\/en\/wp-json\/wp\/v2\/posts\/1875","targetHints":{"allow":["GET"]}}],"collection":[{"href":"https:\/\/conseillerfinanciergeneve.ch\/en\/wp-json\/wp\/v2\/posts"}],"about":[{"href":"https:\/\/conseillerfinanciergeneve.ch\/en\/wp-json\/wp\/v2\/types\/post"}],"author":[{"embeddable":true,"href":"https:\/\/conseillerfinanciergeneve.ch\/en\/wp-json\/wp\/v2\/users\/1"}],"replies":[{"embeddable":true,"href":"https:\/\/conseillerfinanciergeneve.ch\/en\/wp-json\/wp\/v2\/comments?post=1875"}],"version-history":[{"count":2,"href":"https:\/\/conseillerfinanciergeneve.ch\/en\/wp-json\/wp\/v2\/posts\/1875\/revisions"}],"predecessor-version":[{"id":3137,"href":"https:\/\/conseillerfinanciergeneve.ch\/en\/wp-json\/wp\/v2\/posts\/1875\/revisions\/3137"}],"wp:featuredmedia":[{"embeddable":true,"href":"https:\/\/conseillerfinanciergeneve.ch\/en\/wp-json\/wp\/v2\/media\/1876"}],"wp:attachment":[{"href":"https:\/\/conseillerfinanciergeneve.ch\/en\/wp-json\/wp\/v2\/media?parent=1875"}],"wp:term":[{"taxonomy":"category","embeddable":true,"href":"https:\/\/conseillerfinanciergeneve.ch\/en\/wp-json\/wp\/v2\/categories?post=1875"},{"taxonomy":"post_tag","embeddable":true,"href":"https:\/\/conseillerfinanciergeneve.ch\/en\/wp-json\/wp\/v2\/tags?post=1875"}],"curies":[{"name":"wp","href":"https:\/\/api.w.org\/{rel}","templated":true}]}}