{"id":1913,"date":"2025-05-06T09:32:00","date_gmt":"2025-05-06T07:32:00","guid":{"rendered":"https:\/\/conseillerfinanciergeneve.ch\/?p=1913"},"modified":"2025-03-11T14:15:04","modified_gmt":"2025-03-11T12:15:04","slug":"systeme-retraite-suisse-frontaliers","status":"publish","type":"post","link":"https:\/\/conseillerfinanciergeneve.ch\/en\/systeme-retraite-suisse-frontaliers\/","title":{"rendered":"Le Syst\u00e8me de Retraite en Suisse : Ce que les Frontaliers Doivent Savoir pour Pr\u00e9parer leur Avenir"},"content":{"rendered":"<p>Le syst\u00e8me de retraite suisse est assez robuste et stable, il est bien connu de tous. Cependant, pour les personnes vivant \u00e0 la fronti\u00e8re, il est souvent difficile de comprendre pleinement le fonctionnement du syst\u00e8me et de l\u2019optimiser. En Suisse, il existe un syst\u00e8me de retraite \u00e0 trois piliers, qui est un levier-cl\u00e9 en termes de s\u00e9curit\u00e9 financi\u00e8re pour les ann\u00e9es de retraite. L\u2019objectif de cet article est de donner une id\u00e9e g\u00e9n\u00e9rale du syst\u00e8me de retraite en Suisse et de fournir des recommandations pratiques pour les travailleurs frontaliers sur l\u2019optimisation de la retraite.<\/p>\n\n\n\n<h2 class=\"wp-block-heading\">Les Trois Principes Fondamentaux du Syst\u00e8me de Retraite en Suisse<\/h2>\n\n\n\n<h3 class=\"wp-block-heading\">1er Pilier : L&rsquo;AVS (Assurance Vieillesse et Survivants)<\/h3>\n\n\n\n<p>Bas\u00e9 sur l\u2019 assurance-vieillesse et survivants, l\u2019AVS est ce qui forme les fondements du r\u00e9gime de retraite en Suisse et assure donc la s\u00e9curit\u00e9 sociale dans ce pays. Ce socle repose sur toutes les personnes r\u00e9sidents en Suisse, y compris celles qui n y habitent pas et y sont seulement pour travailler, c\u2019est-\u00e0-dire les frontaliers. Le salaire est le financement de ce pilier via des cotisations sociales.<\/p>\n\n\n\n<ul class=\"wp-block-list\">\n<li><strong>Objectif<\/strong> : L\u2019objectif principal du 1er pilier est de garantir aux retrait\u00e9s un revenu minimum qui couvre leurs besoins essentiels.<\/li>\n\n\n\n<li><strong>Cotisations<\/strong> : L&#8217;employeur et l&#8217;employ\u00e9 partagent les cotisations, qui sont fix\u00e9es \u00e0 un taux constant. Les frontaliers peuvent d\u00e9duire ces cotisations de leurs imp\u00f4ts.<\/li>\n\n\n\n<li><strong>Montant de la Pension<\/strong> : Le montant de la pension d\u00e9pend \u00e0 la fois du nombre d&rsquo;ann\u00e9es de cotisations et du revenu moyen gagn\u00e9 pendant la carri\u00e8re professionnelle. Les travailleurs vivant \u00e0 la fronti\u00e8re ont droit \u00e0 une retraite qui est proportionnelle au temps qu&rsquo;ils ont pass\u00e9 \u00e0 travailler en Suisse.<\/li>\n<\/ul>\n\n\n\n<h3 class=\"wp-block-heading\">2\u00e8me Pilier : La Pr\u00e9voyance Professionnelle (LPP)<\/h3>\n\n\n\n<p>Le deuxi\u00e8me pilier, \u00e9galement connu sous le nom de Pr\u00e9voyance Professionnelle (LPP), vient s&rsquo;ajouter au premier pilier en apportant un revenu compl\u00e9mentaire pour la retraite. \u00c0 partir d&rsquo;un certain seuil de revenu, tous les salari\u00e9s sont \u00e9galement tenus de le faire.<\/p>\n\n\n\n<ul class=\"wp-block-list\">\n<li><strong>Objectif<\/strong> : L&rsquo;objectif du 2\u00e8me pilier est de garantir le maintien du niveau de vie habituel une fois \u00e0 la retraite, en cumulant les prestations accord\u00e9es par le 1er pilier.<\/li>\n\n\n\n<li><strong>Cotisations<\/strong> : Les charges sont \u00e9galement r\u00e9parties entre l\u2019employeur et le salari\u00e9. Les cotisations sont \u00e9galement fonction de l\u2019\u00e2ge de l\u2019assur\u00e9. Ils progressent \u00e0 mesure que le salari\u00e9 atteint l\u2019\u00e2ge l\u00e9gal de la cessation de l\u2019activit\u00e9 professionnelle.<\/li>\n\n\n\n<li><strong>Portabilit\u00e9<\/strong> : S\u2019il d\u00e9cide de quitter la Suisse et l&rsquo;Europe, les frontaliers ont deux possibilit\u00e9s, soit de transf\u00e9rer leur avoir LPP dans un compte de libre passage, soit de la r\u00e9cup\u00e9rer, pour ce faire, les conditions sont l\u2019une d\u2019entre elles le d\u00e9part du pays, de mani\u00e8re d\u00e9finitive.<\/li>\n<\/ul>\n\n\n\n<h3 class=\"wp-block-heading\">3\u00e8me Pilier : La Pr\u00e9voyance Individuelle<\/h3>\n\n\n\n<p>Bien que le troisi\u00e8me pilier soit facultatif, il est vivement conseill\u00e9 de l&rsquo;int\u00e9grer afin de compl\u00e9ter les deux premiers piliers. Il se d\u00e9cline en deux variantes : On peut distinguer le <a href=\"https:\/\/conseillerfinanciergeneve.ch\/en\/assurance-vie-3eme-pilier-vous-devez-savoir\/\">3\u00e8me pilier A, qui est d\u00e9ductible des imp\u00f4ts, et le 3\u00e8me pilier B<\/a>, qui offre plus de flexibilit\u00e9 mais n&rsquo;est pas d\u00e9ductible.<\/p>\n\n\n\n<ul class=\"wp-block-list\">\n<li><strong>Objectif<\/strong> : Proposer une \u00e9conomie additionnelle pour faire face aux exigences particuli\u00e8res de la retraite, telles que des d\u00e9penses impr\u00e9vues ou un projet sp\u00e9cifique.<\/li>\n\n\n\n<li><strong>Taxation<\/strong> : Les frontaliers b\u00e9n\u00e9ficient d&rsquo;un avantage particulier avec le 3\u00e8me pilier A, car ils peuvent d\u00e9duire les cotisations de leur revenu imposable en Suisse, ce qui permet de r\u00e9duire l&rsquo;imp\u00f4t \u00e0 payer.<\/li>\n\n\n\n<li><strong>Placement<\/strong> : Il est possible de choisir entre des comptes \u00e9pargne ou des fonds de placement pour investir les fonds du 3\u00e8me pilier, ce qui permet d&rsquo;obtenir potentiellement des rendements attractifs.<\/li>\n<\/ul>\n\n\n\n<h2 class=\"wp-block-heading\">Les D\u00e9fis pour les Frontaliers<\/h2>\n\n\n\n<h3 class=\"wp-block-heading\">D\u00e9claration des Revenus et Fiscalit\u00e9<\/h3>\n\n\n\n<p>Les personnes qui r\u00e9sident \u00e0 la fronti\u00e8re sont soumises \u00e0 des r\u00e8gles fiscales particuli\u00e8res, notamment concernant leur retraite. Se prot\u00e9ger de la double imposition\u00a0; il est capital de comprendre les accords relatifs \u00e0 ce point entre la Suisse et votre pays de r\u00e9sidence.<\/p>\n\n\n\n<ul class=\"wp-block-list\">\n<li><strong>Imp\u00f4t \u00e0 la Source<\/strong> : Les frontaliers en Suisse y r\u00e9sidant payent un imp\u00f4t \u00e0 la source sur les revenus suisses. Cependant, ils doivent \u00e9galement d\u00e9clarer ces revenus dans leur pays de r\u00e9sidence.<\/li>\n\n\n\n<li><strong>D\u00e9ductions<\/strong> : Les frontaliers peuvent d\u00e9duire leurs cotisations au 2 \u00e8me et 3 \u00e8me lors du calcul de l\u2019imp\u00f4t. Cependant, ils devraient v\u00e9rifier comment cela influe sur les revenus dans leur pays de r\u00e9sidence.<\/li>\n<\/ul>\n\n\n\n<h3 class=\"wp-block-heading\">Transfert et R\u00e9cup\u00e9ration des Cotisations<\/h3>\n\n\n\n<p>Il est important pour les frontaliers de v\u00e9rifier des options de transfert et de r\u00e9cup\u00e9ration.<\/p>\n\n\n\n<ul class=\"wp-block-list\">\n<li><strong>Compte de Libre Passage<\/strong> : Le compte de libre passage est la meilleure option pour stocker l\u2019argent avant la retraite si un frontalier d\u00e9cide qu\u2019il ne veut plus travailler en Suisse et cherche un autre emploi.<\/li>\n\n\n\n<li><strong>Retrait en Capital<\/strong> : Le retrait des fonds sous forme de capital unique est \u00e9galement possible dans certaines conditions, y compris le d\u00e9part de Suisse ou de l&rsquo;acquisition d&rsquo;une r\u00e9sidence principale.<\/li>\n<\/ul>\n\n\n\n<h2 class=\"wp-block-heading\">Pr\u00e9parer sa Retraite : Conseils Pratiques<\/h2>\n\n\n\n<h3 class=\"wp-block-heading\">Choisir le Bon Pilier<\/h3>\n\n\n\n<p>Aussi, pour mieux se pr\u00e9parer pour sa retraite, il est n\u00e9cessaire de choisir les bonnes options en mati\u00e8re de protection sociale selon sa situation personnelle et son activit\u00e9.<\/p>\n\n\n\n<ul class=\"wp-block-list\">\n<li><strong>Optimisation Fiscale<\/strong> : les frontaliers peuvent profiter des d\u00e9ductions fiscales offertes en investissant dans le 3\u00e8me pilier.<\/li>\n\n\n\n<li><strong>Diversification<\/strong> : Il est \u00e9galement recommand\u00e9 de r\u00e9partir vos investissements dans plusieurs piliers afin de maximiser le rendement et de limiter les risques.<\/li>\n<\/ul>\n\n\n\n<h3 class=\"wp-block-heading\">Suivi R\u00e9gulier de ses Cotisations<\/h3>\n\n\n\n<p>Il est essentiel de consulter r\u00e9guli\u00e8rement vos cotisations aux diff\u00e9rents piliers et le montant accumul\u00e9.<\/p>\n\n\n\n<h3 class=\"wp-block-heading\">Anticiper les \u00c9ventuelles Modifications de Statut<\/h3>\n\n\n\n<p>Il est \u00e9galement important pour les r\u00e9sidents frontaliers de pr\u00e9voir d&rsquo;\u00e9ventuelles modifications de leur statut, telles qu&rsquo;un d\u00e9m\u00e9nagement dans un autre pays ou des changements dans leur carri\u00e8re.<\/p>\n\n\n\n<ul class=\"wp-block-list\">\n<li><strong>R\u00e9vision de la Pr\u00e9voyance<\/strong> : Tout changement de situation peut entra\u00eener les modifications de gestion de la pr\u00e9voyance et ainsi n\u00e9cessiter une r\u00e9vision des strat\u00e9gies pr\u00e9\u00e9tablies.<\/li>\n\n\n\n<li><strong>Transfert des Droits<\/strong> : Tout changement de pays de r\u00e9sidence impose de bien comprendre les implications sur la transf\u00e9rabilit\u00e9 des droits \u00e0 la retraite et les normes fiscales aff\u00e9rentes.<\/li>\n<\/ul>\n\n\n\n<h2 class=\"wp-block-heading\">Conclusion<\/h2>\n\n\n\n<p>Bien que le syst\u00e8me de retraite de la Suisse constitue un socle s\u00fbr financi\u00e8rement, les ouvriers frontaliers doivent absolument conna\u00eetre les subtilit\u00e9s de ce syst\u00e8me pour en tirer le meilleur parti. \u00c0 l\u2019aide d\u2019une gestion bien r\u00e9fl\u00e9chie de vos contributions et de la bonne strat\u00e9gie de placement, vous pouvez vous rendre un avenir sans soucis et agr\u00e9able. Wallswiss sera heureux de vous aider \u00e0 accomplir cela, vous fournissant des recommandations personnalis\u00e9es pour la pr\u00e9voyance et vous aidant \u00e0 promulguer la strat\u00e9gie n\u00e9cessaire pour votre situation. <a href=\"https:\/\/conseillerfinanciergeneve.ch\/en\/rendez-vous-conseiller-geneve\/\">Vous pouvez toujours prendre un rendez-vous pour un bilan patrimoniale sans frais honoraire<\/a>.<\/p>","protected":false},"excerpt":{"rendered":"<p>Le syst\u00e8me de retraite suisse est assez robuste et stable, il est bien connu de tous. Cependant, pour les personnes vivant \u00e0 la fronti\u00e8re, il est souvent difficile de comprendre pleinement le fonctionnement du syst\u00e8me et de l\u2019optimiser. En Suisse, il existe un syst\u00e8me de retraite \u00e0 trois piliers, qui est un levier-cl\u00e9 en termes [&hellip;]<\/p>\n","protected":false},"author":1,"featured_media":1915,"comment_status":"open","ping_status":"open","sticky":false,"template":"","format":"standard","meta":{"footnotes":""},"categories":[10],"tags":[],"class_list":["post-1913","post","type-post","status-publish","format-standard","has-post-thumbnail","hentry","category-prevoyance"],"yoast_head":"<!-- This site is optimized with the Yoast SEO plugin v27.5 - https:\/\/yoast.com\/product\/yoast-seo-wordpress\/ -->\n<title>Le Syst\u00e8me de Retraite en Suisse : Ce que les Frontaliers Doivent Savoir<\/title>\n<meta name=\"description\" content=\"D\u00e9couvrez les sp\u00e9cificit\u00e9s du syst\u00e8me de retraite en Suisse et apprenez comment les frontaliers peuvent optimiser leur pr\u00e9voyance.\" \/>\n<meta name=\"robots\" content=\"index, follow, max-snippet:-1, max-image-preview:large, max-video-preview:-1\" \/>\n<link rel=\"canonical\" href=\"https:\/\/conseillerfinanciergeneve.ch\/en\/systeme-retraite-suisse-frontaliers\/\" \/>\n<meta property=\"og:locale\" content=\"en_US\" \/>\n<meta property=\"og:type\" content=\"article\" \/>\n<meta property=\"og:title\" content=\"Le Syst\u00e8me de Retraite en Suisse : Ce que les Frontaliers Doivent Savoir\" \/>\n<meta property=\"og:description\" content=\"D\u00e9couvrez les sp\u00e9cificit\u00e9s du syst\u00e8me de retraite en Suisse et apprenez comment les frontaliers peuvent optimiser leur pr\u00e9voyance.\" \/>\n<meta property=\"og:url\" content=\"https:\/\/conseillerfinanciergeneve.ch\/en\/systeme-retraite-suisse-frontaliers\/\" \/>\n<meta property=\"og:site_name\" content=\"Conseiller financier Gen&egrave;ve\" \/>\n<meta property=\"article:published_time\" content=\"2025-05-06T07:32:00+00:00\" \/>\n<meta property=\"og:image\" content=\"https:\/\/conseillerfinanciergeneve.ch\/wp-content\/uploads\/2024\/08\/Systeme-Retraite-Suisse-Frontaliers-scaled.jpg\" \/>\n\t<meta property=\"og:image:width\" content=\"2560\" \/>\n\t<meta property=\"og:image:height\" content=\"1443\" \/>\n\t<meta property=\"og:image:type\" content=\"image\/jpeg\" \/>\n<meta name=\"author\" content=\"administrateur\" \/>\n<meta name=\"twitter:card\" content=\"summary_large_image\" \/>\n<meta name=\"twitter:label1\" content=\"Written by\" \/>\n\t<meta name=\"twitter:data1\" content=\"administrateur\" \/>\n\t<meta name=\"twitter:label2\" content=\"Est. reading time\" \/>\n\t<meta name=\"twitter:data2\" content=\"6 minutes\" \/>\n<script type=\"application\/ld+json\" class=\"yoast-schema-graph\">{\"@context\":\"https:\\\/\\\/schema.org\",\"@graph\":[{\"@type\":\"Article\",\"@id\":\"https:\\\/\\\/conseillerfinanciergeneve.ch\\\/systeme-retraite-suisse-frontaliers\\\/#article\",\"isPartOf\":{\"@id\":\"https:\\\/\\\/conseillerfinanciergeneve.ch\\\/systeme-retraite-suisse-frontaliers\\\/\"},\"author\":{\"name\":\"administrateur\",\"@id\":\"https:\\\/\\\/conseillerfinanciergeneve.ch\\\/#\\\/schema\\\/person\\\/fe24fe6787fe0cb362b7de00dd996498\"},\"headline\":\"Le Syst\u00e8me de Retraite en Suisse : Ce que les Frontaliers Doivent Savoir pour Pr\u00e9parer leur Avenir\",\"datePublished\":\"2025-05-06T07:32:00+00:00\",\"mainEntityOfPage\":{\"@id\":\"https:\\\/\\\/conseillerfinanciergeneve.ch\\\/systeme-retraite-suisse-frontaliers\\\/\"},\"wordCount\":1210,\"commentCount\":0,\"publisher\":{\"@id\":\"https:\\\/\\\/conseillerfinanciergeneve.ch\\\/#organization\"},\"image\":{\"@id\":\"https:\\\/\\\/conseillerfinanciergeneve.ch\\\/systeme-retraite-suisse-frontaliers\\\/#primaryimage\"},\"thumbnailUrl\":\"https:\\\/\\\/conseillerfinanciergeneve.ch\\\/wp-content\\\/uploads\\\/2024\\\/08\\\/Systeme-Retraite-Suisse-Frontaliers-scaled.jpg\",\"articleSection\":[\"Pr\u00e9voyance\"],\"inLanguage\":\"en-US\",\"potentialAction\":[{\"@type\":\"CommentAction\",\"name\":\"Comment\",\"target\":[\"https:\\\/\\\/conseillerfinanciergeneve.ch\\\/systeme-retraite-suisse-frontaliers\\\/#respond\"]}]},{\"@type\":\"WebPage\",\"@id\":\"https:\\\/\\\/conseillerfinanciergeneve.ch\\\/systeme-retraite-suisse-frontaliers\\\/\",\"url\":\"https:\\\/\\\/conseillerfinanciergeneve.ch\\\/systeme-retraite-suisse-frontaliers\\\/\",\"name\":\"Le Syst\u00e8me de Retraite en Suisse : Ce que les Frontaliers Doivent Savoir\",\"isPartOf\":{\"@id\":\"https:\\\/\\\/conseillerfinanciergeneve.ch\\\/#website\"},\"primaryImageOfPage\":{\"@id\":\"https:\\\/\\\/conseillerfinanciergeneve.ch\\\/systeme-retraite-suisse-frontaliers\\\/#primaryimage\"},\"image\":{\"@id\":\"https:\\\/\\\/conseillerfinanciergeneve.ch\\\/systeme-retraite-suisse-frontaliers\\\/#primaryimage\"},\"thumbnailUrl\":\"https:\\\/\\\/conseillerfinanciergeneve.ch\\\/wp-content\\\/uploads\\\/2024\\\/08\\\/Systeme-Retraite-Suisse-Frontaliers-scaled.jpg\",\"datePublished\":\"2025-05-06T07:32:00+00:00\",\"description\":\"D\u00e9couvrez les sp\u00e9cificit\u00e9s du syst\u00e8me de retraite en Suisse et apprenez comment les frontaliers peuvent optimiser leur pr\u00e9voyance.\",\"breadcrumb\":{\"@id\":\"https:\\\/\\\/conseillerfinanciergeneve.ch\\\/systeme-retraite-suisse-frontaliers\\\/#breadcrumb\"},\"inLanguage\":\"en-US\",\"potentialAction\":[{\"@type\":\"ReadAction\",\"target\":[\"https:\\\/\\\/conseillerfinanciergeneve.ch\\\/systeme-retraite-suisse-frontaliers\\\/\"]}]},{\"@type\":\"ImageObject\",\"inLanguage\":\"en-US\",\"@id\":\"https:\\\/\\\/conseillerfinanciergeneve.ch\\\/systeme-retraite-suisse-frontaliers\\\/#primaryimage\",\"url\":\"https:\\\/\\\/conseillerfinanciergeneve.ch\\\/wp-content\\\/uploads\\\/2024\\\/08\\\/Systeme-Retraite-Suisse-Frontaliers-scaled.jpg\",\"contentUrl\":\"https:\\\/\\\/conseillerfinanciergeneve.ch\\\/wp-content\\\/uploads\\\/2024\\\/08\\\/Systeme-Retraite-Suisse-Frontaliers-scaled.jpg\",\"width\":2560,\"height\":1443},{\"@type\":\"BreadcrumbList\",\"@id\":\"https:\\\/\\\/conseillerfinanciergeneve.ch\\\/systeme-retraite-suisse-frontaliers\\\/#breadcrumb\",\"itemListElement\":[{\"@type\":\"ListItem\",\"position\":1,\"name\":\"Accueil\",\"item\":\"https:\\\/\\\/conseillerfinanciergeneve.ch\\\/\"},{\"@type\":\"ListItem\",\"position\":2,\"name\":\"Pr\u00e9voyance\",\"item\":\"https:\\\/\\\/conseillerfinanciergeneve.ch\\\/prevoyance\\\/\"},{\"@type\":\"ListItem\",\"position\":3,\"name\":\"Le Syst\u00e8me de Retraite en Suisse : Ce que les Frontaliers Doivent Savoir pour Pr\u00e9parer leur Avenir\"}]},{\"@type\":\"WebSite\",\"@id\":\"https:\\\/\\\/conseillerfinanciergeneve.ch\\\/#website\",\"url\":\"https:\\\/\\\/conseillerfinanciergeneve.ch\\\/\",\"name\":\"Conseiller financier Gen\u00e8ve\",\"description\":\"\",\"publisher\":{\"@id\":\"https:\\\/\\\/conseillerfinanciergeneve.ch\\\/#organization\"},\"potentialAction\":[{\"@type\":\"SearchAction\",\"target\":{\"@type\":\"EntryPoint\",\"urlTemplate\":\"https:\\\/\\\/conseillerfinanciergeneve.ch\\\/?s={search_term_string}\"},\"query-input\":{\"@type\":\"PropertyValueSpecification\",\"valueRequired\":true,\"valueName\":\"search_term_string\"}}],\"inLanguage\":\"en-US\"},{\"@type\":\"Organization\",\"@id\":\"https:\\\/\\\/conseillerfinanciergeneve.ch\\\/#organization\",\"name\":\"Conseiller financier Gen\u00e8ve\",\"url\":\"https:\\\/\\\/conseillerfinanciergeneve.ch\\\/\",\"logo\":{\"@type\":\"ImageObject\",\"inLanguage\":\"en-US\",\"@id\":\"https:\\\/\\\/conseillerfinanciergeneve.ch\\\/#\\\/schema\\\/logo\\\/image\\\/\",\"url\":\"https:\\\/\\\/conseillerfinanciergeneve.ch\\\/wp-content\\\/uploads\\\/2024\\\/11\\\/cropped-cropped-conseiller-financier-2-2.png\",\"contentUrl\":\"https:\\\/\\\/conseillerfinanciergeneve.ch\\\/wp-content\\\/uploads\\\/2024\\\/11\\\/cropped-cropped-conseiller-financier-2-2.png\",\"width\":499,\"height\":258,\"caption\":\"Conseiller financier Gen\u00e8ve\"},\"image\":{\"@id\":\"https:\\\/\\\/conseillerfinanciergeneve.ch\\\/#\\\/schema\\\/logo\\\/image\\\/\"}},{\"@type\":\"Person\",\"@id\":\"https:\\\/\\\/conseillerfinanciergeneve.ch\\\/#\\\/schema\\\/person\\\/fe24fe6787fe0cb362b7de00dd996498\",\"name\":\"administrateur\",\"image\":{\"@type\":\"ImageObject\",\"inLanguage\":\"en-US\",\"@id\":\"https:\\\/\\\/secure.gravatar.com\\\/avatar\\\/4a8b18800befc1a369b14c97823a8dcd4c383cddeeda04aa2c53e53058caa45e?s=96&d=mm&r=g\",\"url\":\"https:\\\/\\\/secure.gravatar.com\\\/avatar\\\/4a8b18800befc1a369b14c97823a8dcd4c383cddeeda04aa2c53e53058caa45e?s=96&d=mm&r=g\",\"contentUrl\":\"https:\\\/\\\/secure.gravatar.com\\\/avatar\\\/4a8b18800befc1a369b14c97823a8dcd4c383cddeeda04aa2c53e53058caa45e?s=96&d=mm&r=g\",\"caption\":\"administrateur\"},\"sameAs\":[\"https:\\\/\\\/conseillerfinanciergeneve.ch\"],\"url\":\"https:\\\/\\\/conseillerfinanciergeneve.ch\\\/en\\\/author\\\/admin\\\/\"}]}<\/script>\n<!-- \/ Yoast SEO plugin. -->","yoast_head_json":{"title":"Le Syst\u00e8me de Retraite en Suisse : Ce que les Frontaliers Doivent Savoir","description":"D\u00e9couvrez les sp\u00e9cificit\u00e9s du syst\u00e8me de retraite en Suisse et apprenez comment les frontaliers peuvent optimiser leur pr\u00e9voyance.","robots":{"index":"index","follow":"follow","max-snippet":"max-snippet:-1","max-image-preview":"max-image-preview:large","max-video-preview":"max-video-preview:-1"},"canonical":"https:\/\/conseillerfinanciergeneve.ch\/en\/systeme-retraite-suisse-frontaliers\/","og_locale":"en_US","og_type":"article","og_title":"Le Syst\u00e8me de Retraite en Suisse : Ce que les Frontaliers Doivent Savoir","og_description":"D\u00e9couvrez les sp\u00e9cificit\u00e9s du syst\u00e8me de retraite en Suisse et apprenez comment les frontaliers peuvent optimiser leur pr\u00e9voyance.","og_url":"https:\/\/conseillerfinanciergeneve.ch\/en\/systeme-retraite-suisse-frontaliers\/","og_site_name":"Conseiller financier Gen&egrave;ve","article_published_time":"2025-05-06T07:32:00+00:00","og_image":[{"width":2560,"height":1443,"url":"https:\/\/conseillerfinanciergeneve.ch\/wp-content\/uploads\/2024\/08\/Systeme-Retraite-Suisse-Frontaliers-scaled.jpg","type":"image\/jpeg"}],"author":"administrateur","twitter_card":"summary_large_image","twitter_misc":{"Written by":"administrateur","Est. reading time":"6 minutes"},"schema":{"@context":"https:\/\/schema.org","@graph":[{"@type":"Article","@id":"https:\/\/conseillerfinanciergeneve.ch\/systeme-retraite-suisse-frontaliers\/#article","isPartOf":{"@id":"https:\/\/conseillerfinanciergeneve.ch\/systeme-retraite-suisse-frontaliers\/"},"author":{"name":"administrateur","@id":"https:\/\/conseillerfinanciergeneve.ch\/#\/schema\/person\/fe24fe6787fe0cb362b7de00dd996498"},"headline":"Le Syst\u00e8me de Retraite en Suisse : Ce que les Frontaliers Doivent Savoir pour Pr\u00e9parer leur Avenir","datePublished":"2025-05-06T07:32:00+00:00","mainEntityOfPage":{"@id":"https:\/\/conseillerfinanciergeneve.ch\/systeme-retraite-suisse-frontaliers\/"},"wordCount":1210,"commentCount":0,"publisher":{"@id":"https:\/\/conseillerfinanciergeneve.ch\/#organization"},"image":{"@id":"https:\/\/conseillerfinanciergeneve.ch\/systeme-retraite-suisse-frontaliers\/#primaryimage"},"thumbnailUrl":"https:\/\/conseillerfinanciergeneve.ch\/wp-content\/uploads\/2024\/08\/Systeme-Retraite-Suisse-Frontaliers-scaled.jpg","articleSection":["Pr\u00e9voyance"],"inLanguage":"en-US","potentialAction":[{"@type":"CommentAction","name":"Comment","target":["https:\/\/conseillerfinanciergeneve.ch\/systeme-retraite-suisse-frontaliers\/#respond"]}]},{"@type":"WebPage","@id":"https:\/\/conseillerfinanciergeneve.ch\/systeme-retraite-suisse-frontaliers\/","url":"https:\/\/conseillerfinanciergeneve.ch\/systeme-retraite-suisse-frontaliers\/","name":"Le Syst\u00e8me de Retraite en Suisse : Ce que les Frontaliers Doivent Savoir","isPartOf":{"@id":"https:\/\/conseillerfinanciergeneve.ch\/#website"},"primaryImageOfPage":{"@id":"https:\/\/conseillerfinanciergeneve.ch\/systeme-retraite-suisse-frontaliers\/#primaryimage"},"image":{"@id":"https:\/\/conseillerfinanciergeneve.ch\/systeme-retraite-suisse-frontaliers\/#primaryimage"},"thumbnailUrl":"https:\/\/conseillerfinanciergeneve.ch\/wp-content\/uploads\/2024\/08\/Systeme-Retraite-Suisse-Frontaliers-scaled.jpg","datePublished":"2025-05-06T07:32:00+00:00","description":"D\u00e9couvrez les sp\u00e9cificit\u00e9s du syst\u00e8me de retraite en Suisse et apprenez comment les frontaliers peuvent optimiser leur pr\u00e9voyance.","breadcrumb":{"@id":"https:\/\/conseillerfinanciergeneve.ch\/systeme-retraite-suisse-frontaliers\/#breadcrumb"},"inLanguage":"en-US","potentialAction":[{"@type":"ReadAction","target":["https:\/\/conseillerfinanciergeneve.ch\/systeme-retraite-suisse-frontaliers\/"]}]},{"@type":"ImageObject","inLanguage":"en-US","@id":"https:\/\/conseillerfinanciergeneve.ch\/systeme-retraite-suisse-frontaliers\/#primaryimage","url":"https:\/\/conseillerfinanciergeneve.ch\/wp-content\/uploads\/2024\/08\/Systeme-Retraite-Suisse-Frontaliers-scaled.jpg","contentUrl":"https:\/\/conseillerfinanciergeneve.ch\/wp-content\/uploads\/2024\/08\/Systeme-Retraite-Suisse-Frontaliers-scaled.jpg","width":2560,"height":1443},{"@type":"BreadcrumbList","@id":"https:\/\/conseillerfinanciergeneve.ch\/systeme-retraite-suisse-frontaliers\/#breadcrumb","itemListElement":[{"@type":"ListItem","position":1,"name":"Accueil","item":"https:\/\/conseillerfinanciergeneve.ch\/"},{"@type":"ListItem","position":2,"name":"Pr\u00e9voyance","item":"https:\/\/conseillerfinanciergeneve.ch\/prevoyance\/"},{"@type":"ListItem","position":3,"name":"Le Syst\u00e8me de Retraite en Suisse : Ce que les Frontaliers Doivent Savoir pour Pr\u00e9parer leur Avenir"}]},{"@type":"WebSite","@id":"https:\/\/conseillerfinanciergeneve.ch\/#website","url":"https:\/\/conseillerfinanciergeneve.ch\/","name":"Financial advisor Geneva","description":"","publisher":{"@id":"https:\/\/conseillerfinanciergeneve.ch\/#organization"},"potentialAction":[{"@type":"SearchAction","target":{"@type":"EntryPoint","urlTemplate":"https:\/\/conseillerfinanciergeneve.ch\/?s={search_term_string}"},"query-input":{"@type":"PropertyValueSpecification","valueRequired":true,"valueName":"search_term_string"}}],"inLanguage":"en-US"},{"@type":"Organization","@id":"https:\/\/conseillerfinanciergeneve.ch\/#organization","name":"Financial advisor Geneva","url":"https:\/\/conseillerfinanciergeneve.ch\/","logo":{"@type":"ImageObject","inLanguage":"en-US","@id":"https:\/\/conseillerfinanciergeneve.ch\/#\/schema\/logo\/image\/","url":"https:\/\/conseillerfinanciergeneve.ch\/wp-content\/uploads\/2024\/11\/cropped-cropped-conseiller-financier-2-2.png","contentUrl":"https:\/\/conseillerfinanciergeneve.ch\/wp-content\/uploads\/2024\/11\/cropped-cropped-conseiller-financier-2-2.png","width":499,"height":258,"caption":"Conseiller financier Gen\u00e8ve"},"image":{"@id":"https:\/\/conseillerfinanciergeneve.ch\/#\/schema\/logo\/image\/"}},{"@type":"Person","@id":"https:\/\/conseillerfinanciergeneve.ch\/#\/schema\/person\/fe24fe6787fe0cb362b7de00dd996498","name":"administrateur","image":{"@type":"ImageObject","inLanguage":"en-US","@id":"https:\/\/secure.gravatar.com\/avatar\/4a8b18800befc1a369b14c97823a8dcd4c383cddeeda04aa2c53e53058caa45e?s=96&d=mm&r=g","url":"https:\/\/secure.gravatar.com\/avatar\/4a8b18800befc1a369b14c97823a8dcd4c383cddeeda04aa2c53e53058caa45e?s=96&d=mm&r=g","contentUrl":"https:\/\/secure.gravatar.com\/avatar\/4a8b18800befc1a369b14c97823a8dcd4c383cddeeda04aa2c53e53058caa45e?s=96&d=mm&r=g","caption":"administrateur"},"sameAs":["https:\/\/conseillerfinanciergeneve.ch"],"url":"https:\/\/conseillerfinanciergeneve.ch\/en\/author\/admin\/"}]}},"_links":{"self":[{"href":"https:\/\/conseillerfinanciergeneve.ch\/en\/wp-json\/wp\/v2\/posts\/1913","targetHints":{"allow":["GET"]}}],"collection":[{"href":"https:\/\/conseillerfinanciergeneve.ch\/en\/wp-json\/wp\/v2\/posts"}],"about":[{"href":"https:\/\/conseillerfinanciergeneve.ch\/en\/wp-json\/wp\/v2\/types\/post"}],"author":[{"embeddable":true,"href":"https:\/\/conseillerfinanciergeneve.ch\/en\/wp-json\/wp\/v2\/users\/1"}],"replies":[{"embeddable":true,"href":"https:\/\/conseillerfinanciergeneve.ch\/en\/wp-json\/wp\/v2\/comments?post=1913"}],"version-history":[{"count":2,"href":"https:\/\/conseillerfinanciergeneve.ch\/en\/wp-json\/wp\/v2\/posts\/1913\/revisions"}],"predecessor-version":[{"id":3115,"href":"https:\/\/conseillerfinanciergeneve.ch\/en\/wp-json\/wp\/v2\/posts\/1913\/revisions\/3115"}],"wp:featuredmedia":[{"embeddable":true,"href":"https:\/\/conseillerfinanciergeneve.ch\/en\/wp-json\/wp\/v2\/media\/1915"}],"wp:attachment":[{"href":"https:\/\/conseillerfinanciergeneve.ch\/en\/wp-json\/wp\/v2\/media?parent=1913"}],"wp:term":[{"taxonomy":"category","embeddable":true,"href":"https:\/\/conseillerfinanciergeneve.ch\/en\/wp-json\/wp\/v2\/categories?post=1913"},{"taxonomy":"post_tag","embeddable":true,"href":"https:\/\/conseillerfinanciergeneve.ch\/en\/wp-json\/wp\/v2\/tags?post=1913"}],"curies":[{"name":"wp","href":"https:\/\/api.w.org\/{rel}","templated":true}]}}