{"id":2013,"date":"2024-09-21T09:45:00","date_gmt":"2024-09-21T07:45:00","guid":{"rendered":"https:\/\/conseillerfinanciergeneve.ch\/?p=2013"},"modified":"2025-02-27T14:54:25","modified_gmt":"2025-02-27T12:54:25","slug":"pourquoi-rentes-retraite-baissent-elles-suisse","status":"publish","type":"post","link":"https:\/\/conseillerfinanciergeneve.ch\/en\/pourquoi-rentes-retraite-baissent-elles-suisse\/","title":{"rendered":"Pourquoi les Rentes de Retraite Baissent-elles en Suisse ? Facteurs et Solutions"},"content":{"rendered":"<p>Les rentes de retraite sont une source significative de revenus pour les personnes \u00e2g\u00e9es en Suisse. Cependant, leur montant a consid\u00e9rablement diminu\u00e9 ces derni\u00e8res ann\u00e9es, ce qui a accru l\u2019incertitude et la peur parmi les retrait\u00e9s actuels et futurs. Par cons\u00e9quent, il est crucial de comprendre les raisons de cette situation pour la surveiller et mettre \u00e0 jour votre strat\u00e9gie de retraite. Dans cet article, je discuterai des principaux processus qui ont entra\u00een\u00e9 une diminution des rentes de retraite en Suisse et examinerai les moyens possibles d\u2019y rem\u00e9dier.<\/p>\n\n\n\n<h2 class=\"wp-block-heading\">Les Facteurs Contribuant \u00e0 la Baisse des Rentes de Retraite<\/h2>\n\n\n\n<h3 class=\"wp-block-heading\">1. <strong>Le Vieillissement de la Population<\/strong><\/h3>\n\n\n\n<p>Les r\u00e9sultats de l\u2019analyse d\u00e9mographique montrent que la proportion de citoyens \u00e2g\u00e9s de plus en plus par rapport \u00e0 ceux qui travaillent. Par exemple, les hypoth\u00e8ses d\u00e9mographiques sugg\u00e8rent que le nombre de retrait\u00e9s continuera d\u2019augmenter dans le pays, alors que la croissance d\u00e9mographique des personnes en \u00e2ge de travailler restera stationnaire ou diminuera l\u00e9g\u00e8rement.<\/p>\n\n\n\n<p>Par cons\u00e9quent, il existe un d\u00e9s\u00e9quilibre dans le syst\u00e8me de pr\u00e9voyance retraite en ce qui concerne les cotisants actifs et les b\u00e9n\u00e9ficiaires de rentes. \u00c9tant donn\u00e9 que le nombre de retrait\u00e9s augmente, les fonds de pension et les assureurs doivent distribuer les ressources disponibles entre un grand nombre de consommateurs, ce qui se traduit par des rentes plus faibles pour chaque retrait\u00e9.<\/p>\n\n\n\n<h3 class=\"wp-block-heading\">2. <strong>Les Taux d&rsquo;Int\u00e9r\u00eat Faibles<\/strong><\/h3>\n\n\n\n<p>Les taux d\u2019int\u00e9r\u00eat en Suisse et dans d\u2019autres pays europ\u00e9ens sont actuellement historiquement bas. En cons\u00e9quence, le rendement des actifs des caisses de pension et des assurances est \u00e9galement limit\u00e9. Une grande partie de cet argent est plac\u00e9 dans des obligations d\u2019\u00c9tat, qui ont jusqu\u2019\u00e0 pr\u00e9sent garanti aux investisseurs un rendement \u00ab stable \u00bb et fiable. Cependant, lorsque les taux d\u2019int\u00e9r\u00eat sont faibles, ces rendements diminuent \u00e9galement.<\/p>\n\n\n\n<p>Cela signifie que les fonds de pension g\u00e9n\u00e8rent moins de revenus pour soutenir les rentes. En cons\u00e9quence, \u00ables taux de conversion sont r\u00e9vis\u00e9s r\u00e9guli\u00e8rement \u00e0 la baisse; il s\u2019agit du pourcentage du capital de pr\u00e9voyance qui peut \u00eatre converti en une rente annuelle. Une diminution directe des rentes re\u00e7ues par les retrait\u00e9s est directement li\u00e9e \u00e0 cet effet.<\/p>\n\n\n\n<h3 class=\"wp-block-heading\">3. <strong>L&rsquo;Augmentation de l&rsquo;Esp\u00e9rance de Vie<\/strong><\/h3>\n\n\n\n<p>Bien que l\u2019augmentation de l\u2019esp\u00e9rance de vie soit positive pour la sant\u00e9 publique, elle cr\u00e9e un d\u00e9fi pour les syst\u00e8mes de retraite. En raison de l\u2019esp\u00e9rance de vie plus \u00e9lev\u00e9e en Suisse, les retraites doivent \u00eatre pay\u00e9es sur des ann\u00e9es suppl\u00e9mentaires. <\/p>\n\n\n\n<p>Pour cette raison, les fonds de pension sont oblig\u00e9s de r\u00e9duire le montant des rentes pour garantir la dur\u00e9e de toutes les primes \u00e0 taux plein. Par cons\u00e9quent, la prolongation de l\u2019esp\u00e9rance de vie ajoute une contrainte aux r\u00e9gimes de retraite et, par cons\u00e9quent, une r\u00e9duction des retraites se produit.<\/p>\n\n\n\n<h3 class=\"wp-block-heading\">4. <strong>Les R\u00e9formes L\u00e9gislatives<\/strong><\/h3>\n\n\n\n<p>En outre, les r\u00e9formes l\u00e9gislatives sont extr\u00eamement importantes pour d\u00e9terminer le montant des rentes. Le gouvernement suisse a mis en \u0153uvre des mesures pour garantir la long\u00e9vit\u00e9 du syst\u00e8me de retraite. Par exemple, une transition progressive vers des taux de conversion minimaux moins \u00e9lev\u00e9s est \u00abfournie par une r\u00e9vision de la LPP\u00bb.<\/p>\n\n\n\n<p>Dans l\u2019ensemble, les nouvelles r\u00e9formes du syst\u00e8me de retraite sont destin\u00e9es \u00e0 adapter les rentes aux conditions \u00e9conomiques actuelles. Cependant, g\u00e9n\u00e9ralement, les rentes peuvent \u00eatre plus petites pour ces retrait\u00e9s.<\/p>\n\n\n\n<h3 class=\"wp-block-heading\">5. <strong>Les Fluctuations du March\u00e9 Financier<\/strong><\/h3>\n\n\n\n<p>La participation des fonds de pension est directement li\u00e9e aux performances des march\u00e9s financiers. De tels secousses \u00e9conomiques ont eu un impact consid\u00e9rable dans le pass\u00e9. Par exemple, apr\u00e8s la crise de 2008 et la crise COVID-19, les retours sur actifs risqu\u00e9s ont chut\u00e9.<\/p>\n\n\n\n<p>De plus, les fonds de pension peut \u00eatre gravement affect\u00e9e par la volatilit\u00e9 du march\u00e9 ou des rendements plus faibles que pr\u00e9vu.<\/p>\n\n\n\n<h2 class=\"wp-block-heading\">Solutions pour Compenser la Baisse des Rentes<\/h2>\n\n\n\n<p>Avec la r\u00e9duction des pensions de retraite, il est primordial de commencer \u00e0 concevoir des plans pour assurer sa stabilit\u00e9 financi\u00e8re future. De nombreuses options s\u2019offrent aux gens, qui peuvent \u00eatre prises en consid\u00e9ration.<\/p>\n\n\n\n<h3 class=\"wp-block-heading\">1. <strong>Optimiser le 3\u00e8me Pilier<\/strong><\/h3>\n\n\n\n<p>En Suisse, le 3 e pilier est compl\u00e9mentaire aux 1er et 2\u00e8me pilier, constituant une part int\u00e9grante de la rente f\u00e9d\u00e9rale. Cette solution permet aux gens de capitaliser des fonds pour le payer aux fins de retraite. Ce pilier contribue \u00e9galement aux imp\u00f4ts et constitue une option parfaite pour ceux qui cherchent \u00e0 accro\u00eetre les fonds disponibles une fois qu\u2019ils atteignent la retraite.<\/p>\n\n\n\n<p>De plus, il est vivement recommand\u00e9 de commencer \u00e0 accumuler des fonds relativement t\u00f4t, car cela permettra de r\u00e9aliser des profits sur les int\u00e9r\u00eats et rendra l\u2019investissement plus efficace. En outre, investir dans des options constitue une approche viable.<\/p>\n\n\n\n<h3 class=\"wp-block-heading\">2. <strong>Prolonger l&rsquo;Activit\u00e9 Professionnelle<\/strong><\/h3>\n\n\n\n<p>Travailler apr\u00e8s l&rsquo;\u00e2ge l\u00e9gale. En travaillant, ils continueront \u00e0 cotiser au deuxi\u00e8me pilier, ce qui augmentera les retours et donc les montants mensuels.<\/p>\n\n\n\n<p>De plus, les gens qui prolongent leurs ann\u00e9es de travail de ce faites le salaire de retraite qu&rsquo;ils re\u00e7oivent est g\u00e9n\u00e9ralement une part plus importante, ce qui assure une vie confortable.<\/p>\n\n\n\n<h3 class=\"wp-block-heading\">3. <strong>Diversifier ses Investissements<\/strong><\/h3>\n\n\n\n<p>Pour se prot\u00e9ger des d\u00e9sastres financiers, il est vital de diff\u00e9rencier ses investissements. Ainsi, en ne se concentrant pas uniquement sur les plans de pension, les retrait\u00e9s et futurs retrait\u00e9s peuvent investir dans des propositions comme l\u2019immobilier, le march\u00e9 boursier ou m\u00eame en privil\u00e9giant des placements alternatifs comme le Private Equity.<\/p>\n\n\n\n<p>Avec la diversification ad\u00e9quate, on peut \u00e9loigner les risques et maximiser les dividendes, ce qui permet de g\u00e9n\u00e9rer un revenu annexe apr\u00e8s la retraite.<\/p>\n\n\n\n<h3 class=\"wp-block-heading\">4. <strong>Recourir \u00e0 une Planification Financi\u00e8re Professionnelle<\/strong><\/h3>\n\n\n\n<p>La planification financi\u00e8re est l\u2019aspect le plus important d\u2019une retraite sereine. Le mieux est donc de solliciter l\u2019aide de professionnels sp\u00e9cialis\u00e9s dans la gestion de la fortune. Les experts peuvent \u00e9mettre des conseils personnalis\u00e9s qui ont \u00e0 voir avec vos aspirations d\u00e9sir\u00e9es, votre app\u00e9tence au risque et votre situation financi\u00e8re.<\/p>\n\n\n\n<p>Ils peuvent travailler avec vous pour \u00e9tablir une strat\u00e9gie globale et proactive pour vous aider \u00e0 assurer une vie financi\u00e8re \u00e0 long terme en toute qui\u00e9tude. Cette strat\u00e9gie portera sur plusieurs autres aspects et sources potentielles pour garantir un avenir financier s\u00e9curis\u00e9.<\/p>\n\n\n\n<h2 class=\"wp-block-heading\">Conclusion<\/h2>\n\n\n\n<p>La diminution des montants des rentes suisses est loin d\u2019\u00eatre id\u00e9ale et a de nombreuses causes. Ce dit, il est toujours viable d\u2019y rem\u00e9dier en fonction de notre proposition, qui comprend non-seulement l\u2019optimisation du 3\u00e8me pilier, mais aussi la prolongation de notre pr\u00e9sence active sur le march\u00e9 du travail, de l\u2019investissement et du recours \u00e0 des sp\u00e9cialistes pour la planification financi\u00e8re.<\/p>\n\n\n\n<p>Faites-vous prendre en charge d\u00e8s aujourd\u2019hui. <a href=\"https:\/\/conseillerfinanciergeneve.ch\/en\/rendez-vous-conseiller-geneve\/\">Prenez un rendez-vous pour qu&rsquo;un conseiller regarde nous pouvons vous aider \u00e0 optimiser votre situation avec un bilan patrimoniale complet<\/a>. Notre \u00e9quipe d\u00e9di\u00e9e d\u2019experts se fera un peine de vous accompagner sur chaque ligne du processus de gestion de votre fortune, parce que nous croyons que vous m\u00e9ritez une retraite paisible.<\/p>","protected":false},"excerpt":{"rendered":"<p>Les rentes de retraite sont une source significative de revenus pour les personnes \u00e2g\u00e9es en Suisse. Cependant, leur montant a consid\u00e9rablement diminu\u00e9 ces derni\u00e8res ann\u00e9es, ce qui a accru l\u2019incertitude et la peur parmi les retrait\u00e9s actuels et futurs. Par cons\u00e9quent, il est crucial de comprendre les raisons de cette situation pour la surveiller et [&hellip;]<\/p>\n","protected":false},"author":1,"featured_media":2014,"comment_status":"open","ping_status":"open","sticky":false,"template":"","format":"standard","meta":{"footnotes":""},"categories":[6],"tags":[],"class_list":["post-2013","post","type-post","status-publish","format-standard","has-post-thumbnail","hentry","category-general"],"yoast_head":"<!-- This site is optimized with the Yoast SEO plugin v27.5 - https:\/\/yoast.com\/product\/yoast-seo-wordpress\/ -->\n<title>Pourquoi les Rentes de Retraite Baissent-elles en Suisse ?<\/title>\n<meta name=\"description\" content=\"D\u00e9couvrez pourquoi les rentes de retraite en Suisse sont en baisse et explorez les facteurs \u00e9conomiques et d\u00e9mographiques.\" \/>\n<meta name=\"robots\" content=\"index, follow, max-snippet:-1, max-image-preview:large, max-video-preview:-1\" \/>\n<link rel=\"canonical\" href=\"https:\/\/conseillerfinanciergeneve.ch\/en\/pourquoi-rentes-retraite-baissent-elles-suisse\/\" \/>\n<meta property=\"og:locale\" content=\"en_US\" \/>\n<meta property=\"og:type\" content=\"article\" \/>\n<meta property=\"og:title\" content=\"Pourquoi les Rentes de Retraite Baissent-elles en Suisse ?\" \/>\n<meta property=\"og:description\" content=\"D\u00e9couvrez pourquoi les rentes de retraite en Suisse sont en baisse et explorez les facteurs \u00e9conomiques et d\u00e9mographiques.\" \/>\n<meta property=\"og:url\" content=\"https:\/\/conseillerfinanciergeneve.ch\/en\/pourquoi-rentes-retraite-baissent-elles-suisse\/\" \/>\n<meta property=\"og:site_name\" content=\"Conseiller financier Gen&egrave;ve\" \/>\n<meta property=\"article:published_time\" content=\"2024-09-21T07:45:00+00:00\" \/>\n<meta property=\"article:modified_time\" content=\"2025-02-27T12:54:25+00:00\" \/>\n<meta property=\"og:image\" content=\"https:\/\/conseillerfinanciergeneve.ch\/wp-content\/uploads\/2024\/08\/Pourquoi-Rentes-Retraite-Baissent-elles-Suisse-scaled.jpg\" \/>\n\t<meta property=\"og:image:width\" content=\"1920\" \/>\n\t<meta property=\"og:image:height\" content=\"2560\" \/>\n\t<meta property=\"og:image:type\" content=\"image\/jpeg\" \/>\n<meta name=\"author\" content=\"administrateur\" \/>\n<meta name=\"twitter:card\" content=\"summary_large_image\" \/>\n<meta name=\"twitter:label1\" content=\"Written by\" \/>\n\t<meta name=\"twitter:data1\" content=\"administrateur\" \/>\n\t<meta name=\"twitter:label2\" content=\"Est. reading time\" \/>\n\t<meta name=\"twitter:data2\" content=\"6 minutes\" \/>\n<script type=\"application\/ld+json\" class=\"yoast-schema-graph\">{\"@context\":\"https:\\\/\\\/schema.org\",\"@graph\":[{\"@type\":\"Article\",\"@id\":\"https:\\\/\\\/conseillerfinanciergeneve.ch\\\/pourquoi-rentes-retraite-baissent-elles-suisse\\\/#article\",\"isPartOf\":{\"@id\":\"https:\\\/\\\/conseillerfinanciergeneve.ch\\\/pourquoi-rentes-retraite-baissent-elles-suisse\\\/\"},\"author\":{\"name\":\"administrateur\",\"@id\":\"https:\\\/\\\/conseillerfinanciergeneve.ch\\\/#\\\/schema\\\/person\\\/fe24fe6787fe0cb362b7de00dd996498\"},\"headline\":\"Pourquoi les Rentes de Retraite Baissent-elles en Suisse ? Facteurs et Solutions\",\"datePublished\":\"2024-09-21T07:45:00+00:00\",\"dateModified\":\"2025-02-27T12:54:25+00:00\",\"mainEntityOfPage\":{\"@id\":\"https:\\\/\\\/conseillerfinanciergeneve.ch\\\/pourquoi-rentes-retraite-baissent-elles-suisse\\\/\"},\"wordCount\":1265,\"commentCount\":0,\"publisher\":{\"@id\":\"https:\\\/\\\/conseillerfinanciergeneve.ch\\\/#organization\"},\"image\":{\"@id\":\"https:\\\/\\\/conseillerfinanciergeneve.ch\\\/pourquoi-rentes-retraite-baissent-elles-suisse\\\/#primaryimage\"},\"thumbnailUrl\":\"https:\\\/\\\/conseillerfinanciergeneve.ch\\\/wp-content\\\/uploads\\\/2024\\\/08\\\/Pourquoi-Rentes-Retraite-Baissent-elles-Suisse-scaled.jpg\",\"articleSection\":[\"Actualit\u00e9s\"],\"inLanguage\":\"en-US\",\"potentialAction\":[{\"@type\":\"CommentAction\",\"name\":\"Comment\",\"target\":[\"https:\\\/\\\/conseillerfinanciergeneve.ch\\\/pourquoi-rentes-retraite-baissent-elles-suisse\\\/#respond\"]}]},{\"@type\":\"WebPage\",\"@id\":\"https:\\\/\\\/conseillerfinanciergeneve.ch\\\/pourquoi-rentes-retraite-baissent-elles-suisse\\\/\",\"url\":\"https:\\\/\\\/conseillerfinanciergeneve.ch\\\/pourquoi-rentes-retraite-baissent-elles-suisse\\\/\",\"name\":\"Pourquoi les Rentes de Retraite Baissent-elles en Suisse ?\",\"isPartOf\":{\"@id\":\"https:\\\/\\\/conseillerfinanciergeneve.ch\\\/#website\"},\"primaryImageOfPage\":{\"@id\":\"https:\\\/\\\/conseillerfinanciergeneve.ch\\\/pourquoi-rentes-retraite-baissent-elles-suisse\\\/#primaryimage\"},\"image\":{\"@id\":\"https:\\\/\\\/conseillerfinanciergeneve.ch\\\/pourquoi-rentes-retraite-baissent-elles-suisse\\\/#primaryimage\"},\"thumbnailUrl\":\"https:\\\/\\\/conseillerfinanciergeneve.ch\\\/wp-content\\\/uploads\\\/2024\\\/08\\\/Pourquoi-Rentes-Retraite-Baissent-elles-Suisse-scaled.jpg\",\"datePublished\":\"2024-09-21T07:45:00+00:00\",\"dateModified\":\"2025-02-27T12:54:25+00:00\",\"description\":\"D\u00e9couvrez pourquoi les rentes de retraite en Suisse sont en baisse et explorez les facteurs \u00e9conomiques et d\u00e9mographiques.\",\"breadcrumb\":{\"@id\":\"https:\\\/\\\/conseillerfinanciergeneve.ch\\\/pourquoi-rentes-retraite-baissent-elles-suisse\\\/#breadcrumb\"},\"inLanguage\":\"en-US\",\"potentialAction\":[{\"@type\":\"ReadAction\",\"target\":[\"https:\\\/\\\/conseillerfinanciergeneve.ch\\\/pourquoi-rentes-retraite-baissent-elles-suisse\\\/\"]}]},{\"@type\":\"ImageObject\",\"inLanguage\":\"en-US\",\"@id\":\"https:\\\/\\\/conseillerfinanciergeneve.ch\\\/pourquoi-rentes-retraite-baissent-elles-suisse\\\/#primaryimage\",\"url\":\"https:\\\/\\\/conseillerfinanciergeneve.ch\\\/wp-content\\\/uploads\\\/2024\\\/08\\\/Pourquoi-Rentes-Retraite-Baissent-elles-Suisse-scaled.jpg\",\"contentUrl\":\"https:\\\/\\\/conseillerfinanciergeneve.ch\\\/wp-content\\\/uploads\\\/2024\\\/08\\\/Pourquoi-Rentes-Retraite-Baissent-elles-Suisse-scaled.jpg\",\"width\":1920,\"height\":2560},{\"@type\":\"BreadcrumbList\",\"@id\":\"https:\\\/\\\/conseillerfinanciergeneve.ch\\\/pourquoi-rentes-retraite-baissent-elles-suisse\\\/#breadcrumb\",\"itemListElement\":[{\"@type\":\"ListItem\",\"position\":1,\"name\":\"Accueil\",\"item\":\"https:\\\/\\\/conseillerfinanciergeneve.ch\\\/\"},{\"@type\":\"ListItem\",\"position\":2,\"name\":\"Actualit\u00e9s\",\"item\":\"https:\\\/\\\/conseillerfinanciergeneve.ch\\\/general\\\/\"},{\"@type\":\"ListItem\",\"position\":3,\"name\":\"Pourquoi les Rentes de Retraite Baissent-elles en Suisse ? Facteurs et Solutions\"}]},{\"@type\":\"WebSite\",\"@id\":\"https:\\\/\\\/conseillerfinanciergeneve.ch\\\/#website\",\"url\":\"https:\\\/\\\/conseillerfinanciergeneve.ch\\\/\",\"name\":\"Conseiller financier Gen\u00e8ve\",\"description\":\"\",\"publisher\":{\"@id\":\"https:\\\/\\\/conseillerfinanciergeneve.ch\\\/#organization\"},\"potentialAction\":[{\"@type\":\"SearchAction\",\"target\":{\"@type\":\"EntryPoint\",\"urlTemplate\":\"https:\\\/\\\/conseillerfinanciergeneve.ch\\\/?s={search_term_string}\"},\"query-input\":{\"@type\":\"PropertyValueSpecification\",\"valueRequired\":true,\"valueName\":\"search_term_string\"}}],\"inLanguage\":\"en-US\"},{\"@type\":\"Organization\",\"@id\":\"https:\\\/\\\/conseillerfinanciergeneve.ch\\\/#organization\",\"name\":\"Conseiller financier Gen\u00e8ve\",\"url\":\"https:\\\/\\\/conseillerfinanciergeneve.ch\\\/\",\"logo\":{\"@type\":\"ImageObject\",\"inLanguage\":\"en-US\",\"@id\":\"https:\\\/\\\/conseillerfinanciergeneve.ch\\\/#\\\/schema\\\/logo\\\/image\\\/\",\"url\":\"https:\\\/\\\/conseillerfinanciergeneve.ch\\\/wp-content\\\/uploads\\\/2024\\\/11\\\/cropped-cropped-conseiller-financier-2-2.png\",\"contentUrl\":\"https:\\\/\\\/conseillerfinanciergeneve.ch\\\/wp-content\\\/uploads\\\/2024\\\/11\\\/cropped-cropped-conseiller-financier-2-2.png\",\"width\":499,\"height\":258,\"caption\":\"Conseiller financier Gen\u00e8ve\"},\"image\":{\"@id\":\"https:\\\/\\\/conseillerfinanciergeneve.ch\\\/#\\\/schema\\\/logo\\\/image\\\/\"}},{\"@type\":\"Person\",\"@id\":\"https:\\\/\\\/conseillerfinanciergeneve.ch\\\/#\\\/schema\\\/person\\\/fe24fe6787fe0cb362b7de00dd996498\",\"name\":\"administrateur\",\"image\":{\"@type\":\"ImageObject\",\"inLanguage\":\"en-US\",\"@id\":\"https:\\\/\\\/secure.gravatar.com\\\/avatar\\\/4a8b18800befc1a369b14c97823a8dcd4c383cddeeda04aa2c53e53058caa45e?s=96&d=mm&r=g\",\"url\":\"https:\\\/\\\/secure.gravatar.com\\\/avatar\\\/4a8b18800befc1a369b14c97823a8dcd4c383cddeeda04aa2c53e53058caa45e?s=96&d=mm&r=g\",\"contentUrl\":\"https:\\\/\\\/secure.gravatar.com\\\/avatar\\\/4a8b18800befc1a369b14c97823a8dcd4c383cddeeda04aa2c53e53058caa45e?s=96&d=mm&r=g\",\"caption\":\"administrateur\"},\"sameAs\":[\"https:\\\/\\\/conseillerfinanciergeneve.ch\"],\"url\":\"https:\\\/\\\/conseillerfinanciergeneve.ch\\\/en\\\/author\\\/admin\\\/\"}]}<\/script>\n<!-- \/ Yoast SEO plugin. -->","yoast_head_json":{"title":"Pourquoi les Rentes de Retraite Baissent-elles en Suisse ?","description":"D\u00e9couvrez pourquoi les rentes de retraite en Suisse sont en baisse et explorez les facteurs \u00e9conomiques et d\u00e9mographiques.","robots":{"index":"index","follow":"follow","max-snippet":"max-snippet:-1","max-image-preview":"max-image-preview:large","max-video-preview":"max-video-preview:-1"},"canonical":"https:\/\/conseillerfinanciergeneve.ch\/en\/pourquoi-rentes-retraite-baissent-elles-suisse\/","og_locale":"en_US","og_type":"article","og_title":"Pourquoi les Rentes de Retraite Baissent-elles en Suisse ?","og_description":"D\u00e9couvrez pourquoi les rentes de retraite en Suisse sont en baisse et explorez les facteurs \u00e9conomiques et d\u00e9mographiques.","og_url":"https:\/\/conseillerfinanciergeneve.ch\/en\/pourquoi-rentes-retraite-baissent-elles-suisse\/","og_site_name":"Conseiller financier Gen&egrave;ve","article_published_time":"2024-09-21T07:45:00+00:00","article_modified_time":"2025-02-27T12:54:25+00:00","og_image":[{"width":1920,"height":2560,"url":"https:\/\/conseillerfinanciergeneve.ch\/wp-content\/uploads\/2024\/08\/Pourquoi-Rentes-Retraite-Baissent-elles-Suisse-scaled.jpg","type":"image\/jpeg"}],"author":"administrateur","twitter_card":"summary_large_image","twitter_misc":{"Written by":"administrateur","Est. reading time":"6 minutes"},"schema":{"@context":"https:\/\/schema.org","@graph":[{"@type":"Article","@id":"https:\/\/conseillerfinanciergeneve.ch\/pourquoi-rentes-retraite-baissent-elles-suisse\/#article","isPartOf":{"@id":"https:\/\/conseillerfinanciergeneve.ch\/pourquoi-rentes-retraite-baissent-elles-suisse\/"},"author":{"name":"administrateur","@id":"https:\/\/conseillerfinanciergeneve.ch\/#\/schema\/person\/fe24fe6787fe0cb362b7de00dd996498"},"headline":"Pourquoi les Rentes de Retraite Baissent-elles en Suisse ? Facteurs et Solutions","datePublished":"2024-09-21T07:45:00+00:00","dateModified":"2025-02-27T12:54:25+00:00","mainEntityOfPage":{"@id":"https:\/\/conseillerfinanciergeneve.ch\/pourquoi-rentes-retraite-baissent-elles-suisse\/"},"wordCount":1265,"commentCount":0,"publisher":{"@id":"https:\/\/conseillerfinanciergeneve.ch\/#organization"},"image":{"@id":"https:\/\/conseillerfinanciergeneve.ch\/pourquoi-rentes-retraite-baissent-elles-suisse\/#primaryimage"},"thumbnailUrl":"https:\/\/conseillerfinanciergeneve.ch\/wp-content\/uploads\/2024\/08\/Pourquoi-Rentes-Retraite-Baissent-elles-Suisse-scaled.jpg","articleSection":["Actualit\u00e9s"],"inLanguage":"en-US","potentialAction":[{"@type":"CommentAction","name":"Comment","target":["https:\/\/conseillerfinanciergeneve.ch\/pourquoi-rentes-retraite-baissent-elles-suisse\/#respond"]}]},{"@type":"WebPage","@id":"https:\/\/conseillerfinanciergeneve.ch\/pourquoi-rentes-retraite-baissent-elles-suisse\/","url":"https:\/\/conseillerfinanciergeneve.ch\/pourquoi-rentes-retraite-baissent-elles-suisse\/","name":"Pourquoi les Rentes de Retraite Baissent-elles en Suisse ?","isPartOf":{"@id":"https:\/\/conseillerfinanciergeneve.ch\/#website"},"primaryImageOfPage":{"@id":"https:\/\/conseillerfinanciergeneve.ch\/pourquoi-rentes-retraite-baissent-elles-suisse\/#primaryimage"},"image":{"@id":"https:\/\/conseillerfinanciergeneve.ch\/pourquoi-rentes-retraite-baissent-elles-suisse\/#primaryimage"},"thumbnailUrl":"https:\/\/conseillerfinanciergeneve.ch\/wp-content\/uploads\/2024\/08\/Pourquoi-Rentes-Retraite-Baissent-elles-Suisse-scaled.jpg","datePublished":"2024-09-21T07:45:00+00:00","dateModified":"2025-02-27T12:54:25+00:00","description":"D\u00e9couvrez pourquoi les rentes de retraite en Suisse sont en baisse et explorez les facteurs \u00e9conomiques et d\u00e9mographiques.","breadcrumb":{"@id":"https:\/\/conseillerfinanciergeneve.ch\/pourquoi-rentes-retraite-baissent-elles-suisse\/#breadcrumb"},"inLanguage":"en-US","potentialAction":[{"@type":"ReadAction","target":["https:\/\/conseillerfinanciergeneve.ch\/pourquoi-rentes-retraite-baissent-elles-suisse\/"]}]},{"@type":"ImageObject","inLanguage":"en-US","@id":"https:\/\/conseillerfinanciergeneve.ch\/pourquoi-rentes-retraite-baissent-elles-suisse\/#primaryimage","url":"https:\/\/conseillerfinanciergeneve.ch\/wp-content\/uploads\/2024\/08\/Pourquoi-Rentes-Retraite-Baissent-elles-Suisse-scaled.jpg","contentUrl":"https:\/\/conseillerfinanciergeneve.ch\/wp-content\/uploads\/2024\/08\/Pourquoi-Rentes-Retraite-Baissent-elles-Suisse-scaled.jpg","width":1920,"height":2560},{"@type":"BreadcrumbList","@id":"https:\/\/conseillerfinanciergeneve.ch\/pourquoi-rentes-retraite-baissent-elles-suisse\/#breadcrumb","itemListElement":[{"@type":"ListItem","position":1,"name":"Accueil","item":"https:\/\/conseillerfinanciergeneve.ch\/"},{"@type":"ListItem","position":2,"name":"Actualit\u00e9s","item":"https:\/\/conseillerfinanciergeneve.ch\/general\/"},{"@type":"ListItem","position":3,"name":"Pourquoi les Rentes de Retraite Baissent-elles en Suisse ? Facteurs et Solutions"}]},{"@type":"WebSite","@id":"https:\/\/conseillerfinanciergeneve.ch\/#website","url":"https:\/\/conseillerfinanciergeneve.ch\/","name":"Financial advisor Geneva","description":"","publisher":{"@id":"https:\/\/conseillerfinanciergeneve.ch\/#organization"},"potentialAction":[{"@type":"SearchAction","target":{"@type":"EntryPoint","urlTemplate":"https:\/\/conseillerfinanciergeneve.ch\/?s={search_term_string}"},"query-input":{"@type":"PropertyValueSpecification","valueRequired":true,"valueName":"search_term_string"}}],"inLanguage":"en-US"},{"@type":"Organization","@id":"https:\/\/conseillerfinanciergeneve.ch\/#organization","name":"Financial advisor Geneva","url":"https:\/\/conseillerfinanciergeneve.ch\/","logo":{"@type":"ImageObject","inLanguage":"en-US","@id":"https:\/\/conseillerfinanciergeneve.ch\/#\/schema\/logo\/image\/","url":"https:\/\/conseillerfinanciergeneve.ch\/wp-content\/uploads\/2024\/11\/cropped-cropped-conseiller-financier-2-2.png","contentUrl":"https:\/\/conseillerfinanciergeneve.ch\/wp-content\/uploads\/2024\/11\/cropped-cropped-conseiller-financier-2-2.png","width":499,"height":258,"caption":"Conseiller financier Gen\u00e8ve"},"image":{"@id":"https:\/\/conseillerfinanciergeneve.ch\/#\/schema\/logo\/image\/"}},{"@type":"Person","@id":"https:\/\/conseillerfinanciergeneve.ch\/#\/schema\/person\/fe24fe6787fe0cb362b7de00dd996498","name":"administrateur","image":{"@type":"ImageObject","inLanguage":"en-US","@id":"https:\/\/secure.gravatar.com\/avatar\/4a8b18800befc1a369b14c97823a8dcd4c383cddeeda04aa2c53e53058caa45e?s=96&d=mm&r=g","url":"https:\/\/secure.gravatar.com\/avatar\/4a8b18800befc1a369b14c97823a8dcd4c383cddeeda04aa2c53e53058caa45e?s=96&d=mm&r=g","contentUrl":"https:\/\/secure.gravatar.com\/avatar\/4a8b18800befc1a369b14c97823a8dcd4c383cddeeda04aa2c53e53058caa45e?s=96&d=mm&r=g","caption":"administrateur"},"sameAs":["https:\/\/conseillerfinanciergeneve.ch"],"url":"https:\/\/conseillerfinanciergeneve.ch\/en\/author\/admin\/"}]}},"_links":{"self":[{"href":"https:\/\/conseillerfinanciergeneve.ch\/en\/wp-json\/wp\/v2\/posts\/2013","targetHints":{"allow":["GET"]}}],"collection":[{"href":"https:\/\/conseillerfinanciergeneve.ch\/en\/wp-json\/wp\/v2\/posts"}],"about":[{"href":"https:\/\/conseillerfinanciergeneve.ch\/en\/wp-json\/wp\/v2\/types\/post"}],"author":[{"embeddable":true,"href":"https:\/\/conseillerfinanciergeneve.ch\/en\/wp-json\/wp\/v2\/users\/1"}],"replies":[{"embeddable":true,"href":"https:\/\/conseillerfinanciergeneve.ch\/en\/wp-json\/wp\/v2\/comments?post=2013"}],"version-history":[{"count":3,"href":"https:\/\/conseillerfinanciergeneve.ch\/en\/wp-json\/wp\/v2\/posts\/2013\/revisions"}],"predecessor-version":[{"id":3053,"href":"https:\/\/conseillerfinanciergeneve.ch\/en\/wp-json\/wp\/v2\/posts\/2013\/revisions\/3053"}],"wp:featuredmedia":[{"embeddable":true,"href":"https:\/\/conseillerfinanciergeneve.ch\/en\/wp-json\/wp\/v2\/media\/2014"}],"wp:attachment":[{"href":"https:\/\/conseillerfinanciergeneve.ch\/en\/wp-json\/wp\/v2\/media?parent=2013"}],"wp:term":[{"taxonomy":"category","embeddable":true,"href":"https:\/\/conseillerfinanciergeneve.ch\/en\/wp-json\/wp\/v2\/categories?post=2013"},{"taxonomy":"post_tag","embeddable":true,"href":"https:\/\/conseillerfinanciergeneve.ch\/en\/wp-json\/wp\/v2\/tags?post=2013"}],"curies":[{"name":"wp","href":"https:\/\/api.w.org\/{rel}","templated":true}]}}