{"id":2017,"date":"2024-09-22T09:09:00","date_gmt":"2024-09-22T07:09:00","guid":{"rendered":"https:\/\/conseillerfinanciergeneve.ch\/?p=2017"},"modified":"2025-02-26T12:27:06","modified_gmt":"2025-02-26T10:27:06","slug":"vivre-retraite-etranger-guide-residents-suisse-frontaliers","status":"publish","type":"post","link":"https:\/\/conseillerfinanciergeneve.ch\/en\/vivre-retraite-etranger-guide-residents-suisse-frontaliers\/","title":{"rendered":"Vivre sa Retraite \u00e0 l\u2019\u00c9tranger : Guide pour les R\u00e9sidents Suisses et Frontaliers"},"content":{"rendered":"<p>De nombreux retrait\u00e9s esp\u00e8rent un changement d\u2019environnement \u00e0 la retraite et parfois m\u00eame une vie \u00e0 l\u2019\u00e9tranger. Qu\u2019il s\u2019agisse d\u2019un r\u00e9sident suisse ou d\u2019un travailleur frontalier, les personnes prenant une telle d\u00e9cision peuvent avoir diff\u00e9rentes motivations, qu\u2019il s\u2019agisse de motivation personnelle, climatique ou \u00e9conomique. Cependant, avant de choisir de tels changements radicaux, il est n\u00e9cessaire de comprendre \u00e0 la fois les cons\u00e9quences fiscales, les mesures n\u00e9cessaires pour le transfert de la pension et d\u2019autres aspects pratiques li\u00e9s \u00e0 la vie \u00e0 l\u2019\u00e9tranger. L\u2019objectif du guide complet est de vous soutenir dans toutes les \u00e9tapes pour vous pr\u00e9parer \u00e0 une retraite paisible \u00e0 l\u2019\u00e9tranger.<\/p>\n\n\n\n<h2 class=\"wp-block-heading\">1. Pourquoi Choisir de Vivre sa Retraite \u00e0 l\u2019\u00c9tranger ?<\/h2>\n\n\n\n<h3 class=\"wp-block-heading\"><strong>1.1. Co\u00fbt de la Vie<\/strong><\/h3>\n\n\n\n<p>C\u2019est l\u2019une des principales raisons pour lesquelles des retrait\u00e9s actifs viennent vivre en dehors de la Suisse. Dans de nombreuses r\u00e9gions, par exemple en Europe du Sud et en Asie, la vie est beaucoup moins ch\u00e8re que la Suisse. Par cons\u00e9quent, vous pourrez vivre avec un revenu de retraite beaucoup plus \u00e9lev\u00e9 dans ces pays.<\/p>\n\n\n\n<h3 class=\"wp-block-heading\"><strong>1.2. Climat et Qualit\u00e9 de Vie<\/strong><\/h3>\n\n\n\n<p>Quand vient le temps de choisir un lieu de retraite, le temps est un facteur tr\u00e8s important pour de nombreuses personnes \u00e2g\u00e9es. En effet, un climat cl\u00e9ment a plusieurs avantages pour le bien-\u00eatre d\u2019une personne \u00e2g\u00e9e et pour att\u00e9nuer certains probl\u00e8mes de sant\u00e9.<\/p>\n\n\n\n<h3 class=\"wp-block-heading\"><strong>1.3. Proximit\u00e9 avec la Famille<\/strong><\/h3>\n\n\n\n<p>Pour les travailleurs frontaliers, l\u2019installation \u00e0 l\u2019\u00e9tranger, en France ou en Italie, par exemple, vous permet de rester en contact avec la Suisse et d\u2019\u00e9chapper \u00e0 un environnement de vie monotone.<\/p>\n\n\n\n<h2 class=\"wp-block-heading\">2. Aspects Financiers : Ce que Vous Devez Savoir<\/h2>\n\n\n\n<h3 class=\"wp-block-heading\"><strong>2.1. Transfert des Prestations de Retraite<\/strong><\/h3>\n\n\n\n<p>Il est crucial de savoir comment vos rentes vous seront vers\u00e9es, une fois que vous aurez d\u00e9cid\u00e9 de prendre votre retraite \u00e0 l\u2019\u00e9tranger. Les ressortissants suisses qui d\u00e9m\u00e9nagent \u00e0 l\u2019\u00e9tranger continuent g\u00e9n\u00e9ralement de recevoir leurs rentes AVS\/AI. Les rentes du 2\u00e8me pilier LPP seront elles aussi transf\u00e9r\u00e9es au nouveau pays de r\u00e9sidence, mais les conditions de transfert peuvent diff\u00e9rer en fonction du pays. <\/p>\n\n\n\n<p>En outre, le pays de destination et la Suisse ont dans la plupart des cas un accord bilat\u00e9ral qui d\u00e9termine comment les rentes seront transf\u00e9r\u00e9es et impos\u00e9es.<\/p>\n\n\n\n<h3 class=\"wp-block-heading\"><strong>2.2. Fiscalit\u00e9 des Retraites<\/strong><\/h3>\n\n\n\n<p>Il est \u00e9galement judicieux de r\u00e9fl\u00e9chir sur la fiscalit\u00e9. En fonction du pays o\u00f9 vous d\u00e9cidez de d\u00e9m\u00e9nager, les rentes de retraite provenant de Suisse peuvent \u00e9galement \u00eatre impos\u00e9es diff\u00e9remment. Par exemple, le federalisme en Suisse implique parfois que vous deviez payer des imp\u00f4ts.<\/p>\n\n\n\n<p>En vertu de la source, la rente AVS et LPP sont syst\u00e9matiquement pr\u00e9lev\u00e9es \u00e0 la source pour le r\u00e9sident en Suisse. A la retraite dans des conditions \u00e0 l\u2019\u00e9tranger, le r\u00e9glement de l\u2019eimposition des rentes de retraite se fait par des professionnels \u00e0 contacter lors de la r\u00e9tention partielle ou totale.<\/p>\n\n\n\n<h3 class=\"wp-block-heading\"><strong>2.3. Le Co\u00fbt de l&rsquo;Assurance Maladie<\/strong><\/h3>\n\n\n\n<p>Si vous \u00eates un Suisse r\u00e9sidant \u00e0 l\u2019\u00e9tranger, songez aux prix et conditions de l\u2019assurance maladie. Selon votre lieu de r\u00e9sidence, vous pourrez soit garder la couverture actuelle de l\u2019assurance maladie suisse, soit \u00eatre dans l\u2019obligation de contracter avec une assurance maladie locale. Par exemple, ceux qui vivent \u00e0 la fronti\u00e8re ont le choix entre garder la couverture par LAMal suisse et toucher celle du pays qu\u2019ils habitent.<\/p>\n\n\n\n<p>Il est important de choisir une couverture d\u2019assurance maladie qui soit abordable et qui procure un acc\u00e8s aux soins, car les co\u00fbts associ\u00e9s peuvent varier.<\/p>\n\n\n\n<h2 class=\"wp-block-heading\">3. Choisir sa Destination<\/h2>\n\n\n\n<h3 class=\"wp-block-heading\"><strong>3.1. L&rsquo;Europe<\/strong><\/h3>\n\n\n\n<p>De nombreux retrait\u00e9s suisses \u00e9lisent domicile dans des pays europ\u00e9ens en raison de leur proximit\u00e9 et de leur familiarit\u00e9. Les pays le plus populaires sont les suivants : la France, l&rsquo;Espagne, le Portugal et l&rsquo;Italie. Tous ces pays d\u2019EU offrent un climat chaud \u00e0 un co\u00fbt de la vie moins \u00e9lev\u00e9 que celui en Suisse et un syst\u00e8me de sant\u00e9 de qualit\u00e9.<\/p>\n\n\n\n<h3 class=\"wp-block-heading\"><strong>3.2. L&rsquo;Asie<\/strong><\/h3>\n\n\n\n<p>L\u2019Asie a r\u00e9cemment suscit\u00e9 de plus en plus d\u2019int\u00e9r\u00eat de la part des retrait\u00e9s. Les pays les plus pris\u00e9s sont la Tha\u00eflande et les Philippines. Ces pays disposent d\u2019une culture unique, de magnifiques paysages et, de plus, d\u2019un co\u00fbt de la vie extr\u00eamement bas. Cependant, il est important de bien comprendre les aspects juridiques et de la vie de tous les jours, tels que le statut de retrait\u00e9 et l\u2019acc\u00e8s \u00e0 la sant\u00e9.<\/p>\n\n\n\n<h3 class=\"wp-block-heading\"><strong>3.3. L&rsquo;Am\u00e9rique Latine<\/strong><\/h3>\n\n\n\n<p>Les retrait\u00e9 suisses peuvent envisager de r\u00e9sider en Am\u00e9rique Latine: Le Costa Rica, le Mexique et le Panama sont les pays les plus populaires. En plus d\u2019un climat tropical, du co\u00fbt de la vie et de l\u2019atmosph\u00e8re amicale. En outre, \u00e9tant donn\u00e9 que les infrastructures m\u00e9dicales sont diff\u00e9rentes, il est n\u00e9cessaire de se renseigner.<\/p>\n\n\n\n<h2 class=\"wp-block-heading\">4. Aspects Pratiques \u00e0 Consid\u00e9rer<\/h2>\n\n\n\n<h3 class=\"wp-block-heading\"><strong>4.1. La Langue<\/strong><\/h3>\n\n\n\n<p>Vivre dans un pays dont vous ne parlez pas la langue est une t\u00e2che difficile. Avant de partir, assurez-vous de consid\u00e9rer cet aspect et d\u2019\u00e9tudier et d\u2019acqu\u00e9rir des comp\u00e9tences basiques dans la langue de ce pays si c\u2019est possible. Ce facteur rendra votre style de vie et votre int\u00e9gration beaucoup plus faciles.<\/p>\n\n\n\n<h3 class=\"wp-block-heading\"><strong>4.2. Le Visa et le Permis de R\u00e9sidence<\/strong><\/h3>\n\n\n\n<p>Enfin, il est \u00e9galement important de se renseigner sur les exigences particuli\u00e8res en mati\u00e8re de visa et de permis de r\u00e9sidence pour les retrait\u00e9s. Certains pays offrent des avantages aux retrait\u00e9s en termes de visa, tandis que d\u2019autres peuvent exiger une proc\u00e9dure compliqu\u00e9e. Cependant, il est vital de consulter toutes les informations concernant la vie en situation et de s\u2019assurer qu\u2019on satisfait toutes les exigences n\u00e9cessaires.<\/p>\n\n\n\n<h3 class=\"wp-block-heading\"><strong>4.3. Acc\u00e8s aux Services et Infrastructures<\/strong><\/h3>\n\n\n\n<p>Enfin, il est \u00e9galement important de contr\u00f4ler votre acc\u00e8s aux services essentiels quotidiens tels que les soins de sant\u00e9, les transports et tout ce dont vous pourriez avoir besoin. Assurez-vous que tous les besoins seront satisfaits \u00e0 l\u2019endroit o\u00f9 vous pr\u00e9voyez de passer votre retraite<\/p>\n\n\n\n<h2 class=\"wp-block-heading\">Conclusion<\/h2>\n\n\n\n<p>\u00c9tant donn\u00e9 que l\u2019exp\u00e9rience de retraite \u00e0 l\u2019\u00e9tranger est susceptible d\u2019am\u00e9liorer la qualit\u00e9 de votre vie, elle n\u00e9cessite n\u00e9anmoins une pr\u00e9paration minutieuse. En raison des h\u00e9sitations en termes de destination, d\u2019implications \u00e9conomiques et fiscales et de plans de voyage, il est n\u00e9cessaire de se pr\u00e9parer \u00e0 tous les obstacles potentiellement possibles.<\/p>\n\n\n\n<p>Avez-vous d\u00e9j\u00e0 envisag\u00e9 une exp\u00e9rience de vie \u00e0 l\u2019\u00e9tranger ?<a href=\"https:\/\/conseillerfinanciergeneve.ch\/en\/rendez-vous-conseiller-geneve\/\"> Contactez-nous d\u00e8s maintenant pour commencer \u00e0 optimiser celle-ci<\/a>. Avec l\u2019aide de nos experts qualifi\u00e9s, vous serez totalement soign\u00e9 en termes de retraite pour garantir une retraite heureuse et \u00e9panouissante.<\/p>","protected":false},"excerpt":{"rendered":"<p>De nombreux retrait\u00e9s esp\u00e8rent un changement d\u2019environnement \u00e0 la retraite et parfois m\u00eame une vie \u00e0 l\u2019\u00e9tranger. Qu\u2019il s\u2019agisse d\u2019un r\u00e9sident suisse ou d\u2019un travailleur frontalier, les personnes prenant une telle d\u00e9cision peuvent avoir diff\u00e9rentes motivations, qu\u2019il s\u2019agisse de motivation personnelle, climatique ou \u00e9conomique. Cependant, avant de choisir de tels changements radicaux, il est n\u00e9cessaire [&hellip;]<\/p>\n","protected":false},"author":1,"featured_media":2018,"comment_status":"open","ping_status":"open","sticky":false,"template":"","format":"standard","meta":{"footnotes":""},"categories":[6],"tags":[],"class_list":["post-2017","post","type-post","status-publish","format-standard","has-post-thumbnail","hentry","category-general"],"yoast_head":"<!-- This site is optimized with the Yoast SEO plugin v27.5 - https:\/\/yoast.com\/product\/yoast-seo-wordpress\/ -->\n<title>Vivre sa Retraite \u00e0 l\u2019\u00c9tranger : Guide<\/title>\n<meta name=\"robots\" content=\"index, follow, max-snippet:-1, max-image-preview:large, max-video-preview:-1\" \/>\n<link rel=\"canonical\" href=\"https:\/\/conseillerfinanciergeneve.ch\/en\/vivre-retraite-etranger-guide-residents-suisse-frontaliers\/\" \/>\n<meta property=\"og:locale\" content=\"en_US\" \/>\n<meta property=\"og:type\" content=\"article\" \/>\n<meta property=\"og:title\" content=\"Vivre sa Retraite \u00e0 l\u2019\u00c9tranger : Guide\" \/>\n<meta property=\"og:description\" content=\"De nombreux retrait\u00e9s esp\u00e8rent un changement d\u2019environnement \u00e0 la retraite et parfois m\u00eame une vie \u00e0 l\u2019\u00e9tranger. Qu\u2019il s\u2019agisse d\u2019un r\u00e9sident suisse ou d\u2019un travailleur frontalier, les personnes prenant une telle d\u00e9cision peuvent avoir diff\u00e9rentes motivations, qu\u2019il s\u2019agisse de motivation personnelle, climatique ou \u00e9conomique. Cependant, avant de choisir de tels changements radicaux, il est n\u00e9cessaire [&hellip;]\" \/>\n<meta property=\"og:url\" content=\"https:\/\/conseillerfinanciergeneve.ch\/en\/vivre-retraite-etranger-guide-residents-suisse-frontaliers\/\" \/>\n<meta property=\"og:site_name\" content=\"Conseiller financier Gen&egrave;ve\" \/>\n<meta property=\"article:published_time\" content=\"2024-09-22T07:09:00+00:00\" \/>\n<meta property=\"article:modified_time\" content=\"2025-02-26T10:27:06+00:00\" \/>\n<meta property=\"og:image\" content=\"https:\/\/conseillerfinanciergeneve.ch\/wp-content\/uploads\/2024\/08\/Vivre-Retraite-etranger-Guide-Residents-Suisse-Frontaliers-scaled.jpg\" \/>\n\t<meta property=\"og:image:width\" content=\"2560\" \/>\n\t<meta property=\"og:image:height\" content=\"1920\" \/>\n\t<meta property=\"og:image:type\" content=\"image\/jpeg\" \/>\n<meta name=\"author\" content=\"administrateur\" \/>\n<meta name=\"twitter:card\" content=\"summary_large_image\" \/>\n<meta name=\"twitter:label1\" content=\"Written by\" \/>\n\t<meta name=\"twitter:data1\" content=\"administrateur\" \/>\n\t<meta name=\"twitter:label2\" content=\"Est. reading time\" \/>\n\t<meta name=\"twitter:data2\" content=\"6 minutes\" \/>\n<script type=\"application\/ld+json\" class=\"yoast-schema-graph\">{\"@context\":\"https:\\\/\\\/schema.org\",\"@graph\":[{\"@type\":\"Article\",\"@id\":\"https:\\\/\\\/conseillerfinanciergeneve.ch\\\/vivre-retraite-etranger-guide-residents-suisse-frontaliers\\\/#article\",\"isPartOf\":{\"@id\":\"https:\\\/\\\/conseillerfinanciergeneve.ch\\\/vivre-retraite-etranger-guide-residents-suisse-frontaliers\\\/\"},\"author\":{\"name\":\"administrateur\",\"@id\":\"https:\\\/\\\/conseillerfinanciergeneve.ch\\\/#\\\/schema\\\/person\\\/fe24fe6787fe0cb362b7de00dd996498\"},\"headline\":\"Vivre sa Retraite \u00e0 l\u2019\u00c9tranger : Guide pour les R\u00e9sidents Suisses et Frontaliers\",\"datePublished\":\"2024-09-22T07:09:00+00:00\",\"dateModified\":\"2025-02-26T10:27:06+00:00\",\"mainEntityOfPage\":{\"@id\":\"https:\\\/\\\/conseillerfinanciergeneve.ch\\\/vivre-retraite-etranger-guide-residents-suisse-frontaliers\\\/\"},\"wordCount\":1173,\"commentCount\":0,\"publisher\":{\"@id\":\"https:\\\/\\\/conseillerfinanciergeneve.ch\\\/#organization\"},\"image\":{\"@id\":\"https:\\\/\\\/conseillerfinanciergeneve.ch\\\/vivre-retraite-etranger-guide-residents-suisse-frontaliers\\\/#primaryimage\"},\"thumbnailUrl\":\"https:\\\/\\\/conseillerfinanciergeneve.ch\\\/wp-content\\\/uploads\\\/2024\\\/08\\\/Vivre-Retraite-etranger-Guide-Residents-Suisse-Frontaliers-scaled.jpg\",\"articleSection\":[\"Actualit\u00e9s\"],\"inLanguage\":\"en-US\",\"potentialAction\":[{\"@type\":\"CommentAction\",\"name\":\"Comment\",\"target\":[\"https:\\\/\\\/conseillerfinanciergeneve.ch\\\/vivre-retraite-etranger-guide-residents-suisse-frontaliers\\\/#respond\"]}]},{\"@type\":\"WebPage\",\"@id\":\"https:\\\/\\\/conseillerfinanciergeneve.ch\\\/vivre-retraite-etranger-guide-residents-suisse-frontaliers\\\/\",\"url\":\"https:\\\/\\\/conseillerfinanciergeneve.ch\\\/vivre-retraite-etranger-guide-residents-suisse-frontaliers\\\/\",\"name\":\"Vivre sa Retraite \u00e0 l\u2019\u00c9tranger : Guide\",\"isPartOf\":{\"@id\":\"https:\\\/\\\/conseillerfinanciergeneve.ch\\\/#website\"},\"primaryImageOfPage\":{\"@id\":\"https:\\\/\\\/conseillerfinanciergeneve.ch\\\/vivre-retraite-etranger-guide-residents-suisse-frontaliers\\\/#primaryimage\"},\"image\":{\"@id\":\"https:\\\/\\\/conseillerfinanciergeneve.ch\\\/vivre-retraite-etranger-guide-residents-suisse-frontaliers\\\/#primaryimage\"},\"thumbnailUrl\":\"https:\\\/\\\/conseillerfinanciergeneve.ch\\\/wp-content\\\/uploads\\\/2024\\\/08\\\/Vivre-Retraite-etranger-Guide-Residents-Suisse-Frontaliers-scaled.jpg\",\"datePublished\":\"2024-09-22T07:09:00+00:00\",\"dateModified\":\"2025-02-26T10:27:06+00:00\",\"breadcrumb\":{\"@id\":\"https:\\\/\\\/conseillerfinanciergeneve.ch\\\/vivre-retraite-etranger-guide-residents-suisse-frontaliers\\\/#breadcrumb\"},\"inLanguage\":\"en-US\",\"potentialAction\":[{\"@type\":\"ReadAction\",\"target\":[\"https:\\\/\\\/conseillerfinanciergeneve.ch\\\/vivre-retraite-etranger-guide-residents-suisse-frontaliers\\\/\"]}]},{\"@type\":\"ImageObject\",\"inLanguage\":\"en-US\",\"@id\":\"https:\\\/\\\/conseillerfinanciergeneve.ch\\\/vivre-retraite-etranger-guide-residents-suisse-frontaliers\\\/#primaryimage\",\"url\":\"https:\\\/\\\/conseillerfinanciergeneve.ch\\\/wp-content\\\/uploads\\\/2024\\\/08\\\/Vivre-Retraite-etranger-Guide-Residents-Suisse-Frontaliers-scaled.jpg\",\"contentUrl\":\"https:\\\/\\\/conseillerfinanciergeneve.ch\\\/wp-content\\\/uploads\\\/2024\\\/08\\\/Vivre-Retraite-etranger-Guide-Residents-Suisse-Frontaliers-scaled.jpg\",\"width\":2560,\"height\":1920},{\"@type\":\"BreadcrumbList\",\"@id\":\"https:\\\/\\\/conseillerfinanciergeneve.ch\\\/vivre-retraite-etranger-guide-residents-suisse-frontaliers\\\/#breadcrumb\",\"itemListElement\":[{\"@type\":\"ListItem\",\"position\":1,\"name\":\"Accueil\",\"item\":\"https:\\\/\\\/conseillerfinanciergeneve.ch\\\/\"},{\"@type\":\"ListItem\",\"position\":2,\"name\":\"Actualit\u00e9s\",\"item\":\"https:\\\/\\\/conseillerfinanciergeneve.ch\\\/general\\\/\"},{\"@type\":\"ListItem\",\"position\":3,\"name\":\"Vivre sa Retraite \u00e0 l\u2019\u00c9tranger : Guide pour les R\u00e9sidents Suisses et Frontaliers\"}]},{\"@type\":\"WebSite\",\"@id\":\"https:\\\/\\\/conseillerfinanciergeneve.ch\\\/#website\",\"url\":\"https:\\\/\\\/conseillerfinanciergeneve.ch\\\/\",\"name\":\"Conseiller financier Gen\u00e8ve\",\"description\":\"\",\"publisher\":{\"@id\":\"https:\\\/\\\/conseillerfinanciergeneve.ch\\\/#organization\"},\"potentialAction\":[{\"@type\":\"SearchAction\",\"target\":{\"@type\":\"EntryPoint\",\"urlTemplate\":\"https:\\\/\\\/conseillerfinanciergeneve.ch\\\/?s={search_term_string}\"},\"query-input\":{\"@type\":\"PropertyValueSpecification\",\"valueRequired\":true,\"valueName\":\"search_term_string\"}}],\"inLanguage\":\"en-US\"},{\"@type\":\"Organization\",\"@id\":\"https:\\\/\\\/conseillerfinanciergeneve.ch\\\/#organization\",\"name\":\"Conseiller financier Gen\u00e8ve\",\"url\":\"https:\\\/\\\/conseillerfinanciergeneve.ch\\\/\",\"logo\":{\"@type\":\"ImageObject\",\"inLanguage\":\"en-US\",\"@id\":\"https:\\\/\\\/conseillerfinanciergeneve.ch\\\/#\\\/schema\\\/logo\\\/image\\\/\",\"url\":\"https:\\\/\\\/conseillerfinanciergeneve.ch\\\/wp-content\\\/uploads\\\/2024\\\/11\\\/cropped-cropped-conseiller-financier-2-2.png\",\"contentUrl\":\"https:\\\/\\\/conseillerfinanciergeneve.ch\\\/wp-content\\\/uploads\\\/2024\\\/11\\\/cropped-cropped-conseiller-financier-2-2.png\",\"width\":499,\"height\":258,\"caption\":\"Conseiller financier Gen\u00e8ve\"},\"image\":{\"@id\":\"https:\\\/\\\/conseillerfinanciergeneve.ch\\\/#\\\/schema\\\/logo\\\/image\\\/\"}},{\"@type\":\"Person\",\"@id\":\"https:\\\/\\\/conseillerfinanciergeneve.ch\\\/#\\\/schema\\\/person\\\/fe24fe6787fe0cb362b7de00dd996498\",\"name\":\"administrateur\",\"image\":{\"@type\":\"ImageObject\",\"inLanguage\":\"en-US\",\"@id\":\"https:\\\/\\\/secure.gravatar.com\\\/avatar\\\/4a8b18800befc1a369b14c97823a8dcd4c383cddeeda04aa2c53e53058caa45e?s=96&d=mm&r=g\",\"url\":\"https:\\\/\\\/secure.gravatar.com\\\/avatar\\\/4a8b18800befc1a369b14c97823a8dcd4c383cddeeda04aa2c53e53058caa45e?s=96&d=mm&r=g\",\"contentUrl\":\"https:\\\/\\\/secure.gravatar.com\\\/avatar\\\/4a8b18800befc1a369b14c97823a8dcd4c383cddeeda04aa2c53e53058caa45e?s=96&d=mm&r=g\",\"caption\":\"administrateur\"},\"sameAs\":[\"https:\\\/\\\/conseillerfinanciergeneve.ch\"],\"url\":\"https:\\\/\\\/conseillerfinanciergeneve.ch\\\/en\\\/author\\\/admin\\\/\"}]}<\/script>\n<!-- \/ Yoast SEO plugin. -->","yoast_head_json":{"title":"Vivre sa Retraite \u00e0 l\u2019\u00c9tranger : Guide","robots":{"index":"index","follow":"follow","max-snippet":"max-snippet:-1","max-image-preview":"max-image-preview:large","max-video-preview":"max-video-preview:-1"},"canonical":"https:\/\/conseillerfinanciergeneve.ch\/en\/vivre-retraite-etranger-guide-residents-suisse-frontaliers\/","og_locale":"en_US","og_type":"article","og_title":"Vivre sa Retraite \u00e0 l\u2019\u00c9tranger : Guide","og_description":"De nombreux retrait\u00e9s esp\u00e8rent un changement d\u2019environnement \u00e0 la retraite et parfois m\u00eame une vie \u00e0 l\u2019\u00e9tranger. Qu\u2019il s\u2019agisse d\u2019un r\u00e9sident suisse ou d\u2019un travailleur frontalier, les personnes prenant une telle d\u00e9cision peuvent avoir diff\u00e9rentes motivations, qu\u2019il s\u2019agisse de motivation personnelle, climatique ou \u00e9conomique. Cependant, avant de choisir de tels changements radicaux, il est n\u00e9cessaire [&hellip;]","og_url":"https:\/\/conseillerfinanciergeneve.ch\/en\/vivre-retraite-etranger-guide-residents-suisse-frontaliers\/","og_site_name":"Conseiller financier Gen&egrave;ve","article_published_time":"2024-09-22T07:09:00+00:00","article_modified_time":"2025-02-26T10:27:06+00:00","og_image":[{"width":2560,"height":1920,"url":"https:\/\/conseillerfinanciergeneve.ch\/wp-content\/uploads\/2024\/08\/Vivre-Retraite-etranger-Guide-Residents-Suisse-Frontaliers-scaled.jpg","type":"image\/jpeg"}],"author":"administrateur","twitter_card":"summary_large_image","twitter_misc":{"Written by":"administrateur","Est. reading time":"6 minutes"},"schema":{"@context":"https:\/\/schema.org","@graph":[{"@type":"Article","@id":"https:\/\/conseillerfinanciergeneve.ch\/vivre-retraite-etranger-guide-residents-suisse-frontaliers\/#article","isPartOf":{"@id":"https:\/\/conseillerfinanciergeneve.ch\/vivre-retraite-etranger-guide-residents-suisse-frontaliers\/"},"author":{"name":"administrateur","@id":"https:\/\/conseillerfinanciergeneve.ch\/#\/schema\/person\/fe24fe6787fe0cb362b7de00dd996498"},"headline":"Vivre sa Retraite \u00e0 l\u2019\u00c9tranger : Guide pour les R\u00e9sidents Suisses et Frontaliers","datePublished":"2024-09-22T07:09:00+00:00","dateModified":"2025-02-26T10:27:06+00:00","mainEntityOfPage":{"@id":"https:\/\/conseillerfinanciergeneve.ch\/vivre-retraite-etranger-guide-residents-suisse-frontaliers\/"},"wordCount":1173,"commentCount":0,"publisher":{"@id":"https:\/\/conseillerfinanciergeneve.ch\/#organization"},"image":{"@id":"https:\/\/conseillerfinanciergeneve.ch\/vivre-retraite-etranger-guide-residents-suisse-frontaliers\/#primaryimage"},"thumbnailUrl":"https:\/\/conseillerfinanciergeneve.ch\/wp-content\/uploads\/2024\/08\/Vivre-Retraite-etranger-Guide-Residents-Suisse-Frontaliers-scaled.jpg","articleSection":["Actualit\u00e9s"],"inLanguage":"en-US","potentialAction":[{"@type":"CommentAction","name":"Comment","target":["https:\/\/conseillerfinanciergeneve.ch\/vivre-retraite-etranger-guide-residents-suisse-frontaliers\/#respond"]}]},{"@type":"WebPage","@id":"https:\/\/conseillerfinanciergeneve.ch\/vivre-retraite-etranger-guide-residents-suisse-frontaliers\/","url":"https:\/\/conseillerfinanciergeneve.ch\/vivre-retraite-etranger-guide-residents-suisse-frontaliers\/","name":"Vivre sa Retraite \u00e0 l\u2019\u00c9tranger : Guide","isPartOf":{"@id":"https:\/\/conseillerfinanciergeneve.ch\/#website"},"primaryImageOfPage":{"@id":"https:\/\/conseillerfinanciergeneve.ch\/vivre-retraite-etranger-guide-residents-suisse-frontaliers\/#primaryimage"},"image":{"@id":"https:\/\/conseillerfinanciergeneve.ch\/vivre-retraite-etranger-guide-residents-suisse-frontaliers\/#primaryimage"},"thumbnailUrl":"https:\/\/conseillerfinanciergeneve.ch\/wp-content\/uploads\/2024\/08\/Vivre-Retraite-etranger-Guide-Residents-Suisse-Frontaliers-scaled.jpg","datePublished":"2024-09-22T07:09:00+00:00","dateModified":"2025-02-26T10:27:06+00:00","breadcrumb":{"@id":"https:\/\/conseillerfinanciergeneve.ch\/vivre-retraite-etranger-guide-residents-suisse-frontaliers\/#breadcrumb"},"inLanguage":"en-US","potentialAction":[{"@type":"ReadAction","target":["https:\/\/conseillerfinanciergeneve.ch\/vivre-retraite-etranger-guide-residents-suisse-frontaliers\/"]}]},{"@type":"ImageObject","inLanguage":"en-US","@id":"https:\/\/conseillerfinanciergeneve.ch\/vivre-retraite-etranger-guide-residents-suisse-frontaliers\/#primaryimage","url":"https:\/\/conseillerfinanciergeneve.ch\/wp-content\/uploads\/2024\/08\/Vivre-Retraite-etranger-Guide-Residents-Suisse-Frontaliers-scaled.jpg","contentUrl":"https:\/\/conseillerfinanciergeneve.ch\/wp-content\/uploads\/2024\/08\/Vivre-Retraite-etranger-Guide-Residents-Suisse-Frontaliers-scaled.jpg","width":2560,"height":1920},{"@type":"BreadcrumbList","@id":"https:\/\/conseillerfinanciergeneve.ch\/vivre-retraite-etranger-guide-residents-suisse-frontaliers\/#breadcrumb","itemListElement":[{"@type":"ListItem","position":1,"name":"Accueil","item":"https:\/\/conseillerfinanciergeneve.ch\/"},{"@type":"ListItem","position":2,"name":"Actualit\u00e9s","item":"https:\/\/conseillerfinanciergeneve.ch\/general\/"},{"@type":"ListItem","position":3,"name":"Vivre sa Retraite \u00e0 l\u2019\u00c9tranger : Guide pour les R\u00e9sidents Suisses et Frontaliers"}]},{"@type":"WebSite","@id":"https:\/\/conseillerfinanciergeneve.ch\/#website","url":"https:\/\/conseillerfinanciergeneve.ch\/","name":"Financial advisor Geneva","description":"","publisher":{"@id":"https:\/\/conseillerfinanciergeneve.ch\/#organization"},"potentialAction":[{"@type":"SearchAction","target":{"@type":"EntryPoint","urlTemplate":"https:\/\/conseillerfinanciergeneve.ch\/?s={search_term_string}"},"query-input":{"@type":"PropertyValueSpecification","valueRequired":true,"valueName":"search_term_string"}}],"inLanguage":"en-US"},{"@type":"Organization","@id":"https:\/\/conseillerfinanciergeneve.ch\/#organization","name":"Financial advisor Geneva","url":"https:\/\/conseillerfinanciergeneve.ch\/","logo":{"@type":"ImageObject","inLanguage":"en-US","@id":"https:\/\/conseillerfinanciergeneve.ch\/#\/schema\/logo\/image\/","url":"https:\/\/conseillerfinanciergeneve.ch\/wp-content\/uploads\/2024\/11\/cropped-cropped-conseiller-financier-2-2.png","contentUrl":"https:\/\/conseillerfinanciergeneve.ch\/wp-content\/uploads\/2024\/11\/cropped-cropped-conseiller-financier-2-2.png","width":499,"height":258,"caption":"Conseiller financier Gen\u00e8ve"},"image":{"@id":"https:\/\/conseillerfinanciergeneve.ch\/#\/schema\/logo\/image\/"}},{"@type":"Person","@id":"https:\/\/conseillerfinanciergeneve.ch\/#\/schema\/person\/fe24fe6787fe0cb362b7de00dd996498","name":"administrateur","image":{"@type":"ImageObject","inLanguage":"en-US","@id":"https:\/\/secure.gravatar.com\/avatar\/4a8b18800befc1a369b14c97823a8dcd4c383cddeeda04aa2c53e53058caa45e?s=96&d=mm&r=g","url":"https:\/\/secure.gravatar.com\/avatar\/4a8b18800befc1a369b14c97823a8dcd4c383cddeeda04aa2c53e53058caa45e?s=96&d=mm&r=g","contentUrl":"https:\/\/secure.gravatar.com\/avatar\/4a8b18800befc1a369b14c97823a8dcd4c383cddeeda04aa2c53e53058caa45e?s=96&d=mm&r=g","caption":"administrateur"},"sameAs":["https:\/\/conseillerfinanciergeneve.ch"],"url":"https:\/\/conseillerfinanciergeneve.ch\/en\/author\/admin\/"}]}},"_links":{"self":[{"href":"https:\/\/conseillerfinanciergeneve.ch\/en\/wp-json\/wp\/v2\/posts\/2017","targetHints":{"allow":["GET"]}}],"collection":[{"href":"https:\/\/conseillerfinanciergeneve.ch\/en\/wp-json\/wp\/v2\/posts"}],"about":[{"href":"https:\/\/conseillerfinanciergeneve.ch\/en\/wp-json\/wp\/v2\/types\/post"}],"author":[{"embeddable":true,"href":"https:\/\/conseillerfinanciergeneve.ch\/en\/wp-json\/wp\/v2\/users\/1"}],"replies":[{"embeddable":true,"href":"https:\/\/conseillerfinanciergeneve.ch\/en\/wp-json\/wp\/v2\/comments?post=2017"}],"version-history":[{"count":2,"href":"https:\/\/conseillerfinanciergeneve.ch\/en\/wp-json\/wp\/v2\/posts\/2017\/revisions"}],"predecessor-version":[{"id":3049,"href":"https:\/\/conseillerfinanciergeneve.ch\/en\/wp-json\/wp\/v2\/posts\/2017\/revisions\/3049"}],"wp:featuredmedia":[{"embeddable":true,"href":"https:\/\/conseillerfinanciergeneve.ch\/en\/wp-json\/wp\/v2\/media\/2018"}],"wp:attachment":[{"href":"https:\/\/conseillerfinanciergeneve.ch\/en\/wp-json\/wp\/v2\/media?parent=2017"}],"wp:term":[{"taxonomy":"category","embeddable":true,"href":"https:\/\/conseillerfinanciergeneve.ch\/en\/wp-json\/wp\/v2\/categories?post=2017"},{"taxonomy":"post_tag","embeddable":true,"href":"https:\/\/conseillerfinanciergeneve.ch\/en\/wp-json\/wp\/v2\/tags?post=2017"}],"curies":[{"name":"wp","href":"https:\/\/api.w.org\/{rel}","templated":true}]}}