{"id":2038,"date":"2024-09-26T09:44:00","date_gmt":"2024-09-26T07:44:00","guid":{"rendered":"https:\/\/conseillerfinanciergeneve.ch\/?p=2038"},"modified":"2025-02-25T11:48:26","modified_gmt":"2025-02-25T09:48:26","slug":"quelles-dates-limites-declaration-suisse-frontaliers-2025","status":"publish","type":"post","link":"https:\/\/conseillerfinanciergeneve.ch\/en\/quelles-dates-limites-declaration-suisse-frontaliers-2025\/","title":{"rendered":"Quelles Sont les Dates Limites pour la D\u00e9claration Suisse des Frontaliers en 2025 ?"},"content":{"rendered":"<p>L\u2019une des choses les plus importantes que les frontaliers suisses devraient savoir est la date limite de la d\u00e9claration fiscale. En 2025, cela ne sera aucunement diff\u00e9rent, et ce \u00e0 la fois en termes de calendrier et d\u2019approche, d\u00e9pendant en grande partie des cantons et de la situation personnelle des contribuables concern\u00e9s. Ce guide vous aidera \u00e0 apprendre sur les dates limites les plus pertinentes auxquelles les travailleurs frontaliers doivent se conformer lors de la d\u00e9claration fiscale en Suisse et ce qui les attend s\u2019ils le font en retard ou pas du tout.<\/p>\n\n\n\n<h4 class=\"wp-block-heading\">Comprendre le Syst\u00e8me Fiscal Suisse pour les Frontaliers<\/h4>\n\n\n\n<p>Chaque canton en Suisse est habilit\u00e9 \u00e0 \u00e9tablir ses dispositions fiscales, y compris les dates limite pour la d\u00e9claration d\u2019 imp\u00f4t en Suisse, ce qui signifie que le pays utilise un syst\u00e8me fiscal d\u00e9centralis\u00e9. Les travailleurs frontaliers sont tenus de d\u00e9clarer leurs imp\u00f4ts d\u00e8s qu\u2019ils re\u00e7oivent des incitations imposables du pays; cela peut inclure la r\u00e9sidence en France. La notification vise principalement les imp\u00f4ts sur le revenu, mais selon la situation personnelle des contribuables, les formes vari\u00e9es de taxation peuvent \u00eatre incluses. Les r\u00e9sidents frontaliers sont soumis \u00e0 un r\u00e9gime fiscal distinct concernant les taux d\u2019imposition sur le revenu et les d\u00e9ductions fiscales. De plus, le fait que vous d\u00e9posiez vos imp\u00f4ts en France, concernant la localisation de votre employeur et le profil de votre entreprise en Suisse, vous risquez d\u2019\u00eatre doublement impos\u00e9; cependant, des mesures de neutralisation ont \u00e9t\u00e9 prises \u00e0 cet \u00e9gard.<\/p>\n\n\n\n<p>De plus, les personnes r\u00e9sidant \u00e0 la fronti\u00e8re sont \u00e9galement soumises \u00e0 un syst\u00e8me fiscal distinct. Cela signifie, entre autres, la taxation des revenus et les d\u00e9ductions fiscales. En fonction de votre lieu de r\u00e9sidence et de votre type d\u2019activit\u00e9 travaillant en Suisse, vous pouvez \u00eatre impos\u00e9 dans les deux \u00c9tats. N\u00e9anmoins, il existe des r\u00e8gles invitant \u00e0 ne pas imposer deux fois un revenu du m\u00eame type.<\/p>\n\n\n\n<h4 class=\"wp-block-heading\">Dates Limites Cantonales pour la D\u00e9claration Fiscale 2025<\/h4>\n\n\n\n<p>En g\u00e9n\u00e9ral, la d\u00e9claration doit \u00eatre effectu\u00e9e avant le 31 mars 2025. Toutefois, il est possible que certains cantons accordent des d\u00e9lais suppl\u00e9mentaires ou exigent une soumission plus t\u00f4t. En voici quelques-unes parmi les cantons frontaliers les plus familiers aux frontaliers\u00a0:<\/p>\n\n\n\n<ol class=\"wp-block-list\">\n<li><strong>Canton de Gen\u00e8ve<\/strong> :\n<ul class=\"wp-block-list\">\n<li>Date limite : 31 mars 2025<\/li>\n\n\n\n<li>Prolongation possible jusqu&rsquo;\u00e0 : 30 septembre 2025<\/li>\n<\/ul>\n<\/li>\n\n\n\n<li><strong>Canton de Vaud<\/strong> :\n<ul class=\"wp-block-list\">\n<li>Date limite : 31 mars 2025<\/li>\n\n\n\n<li>Prolongation possible jusqu&rsquo;\u00e0 : 15 novembre 2025<\/li>\n<\/ul>\n<\/li>\n\n\n\n<li><strong>Canton de B\u00e2le<\/strong> :\n<ul class=\"wp-block-list\">\n<li>Date limite : 31 mars 2025<\/li>\n\n\n\n<li>Prolongation possible jusqu&rsquo;\u00e0 : 30 septembre 2025<\/li>\n<\/ul>\n<\/li>\n\n\n\n<li><strong>Canton du Valais<\/strong> :\n<ul class=\"wp-block-list\">\n<li>Date limite : 31 mars 2025<\/li>\n\n\n\n<li>Prolongation possible jusqu&rsquo;\u00e0 : 30 novembre 2025<\/li>\n<\/ul>\n<\/li>\n\n\n\n<li><strong>Canton de Zurich<\/strong> :\n<ul class=\"wp-block-list\">\n<li>Date limite : 31 mars 2025<\/li>\n\n\n\n<li>Prolongation possible jusqu&rsquo;\u00e0 : 30 septembre 2025<\/li>\n<\/ul>\n<\/li>\n<\/ol>\n\n\n\n<p>Pour obtenir la date exacte de soumission, il est recommand\u00e9 de contacter les autorit\u00e9s fiscales du canton ou de consulter un professionnel de la fiscalit\u00e9.<\/p>\n\n\n\n<h4 class=\"wp-block-heading\">Comment Demander une Prolongation de la Date Limite ?<\/h4>\n\n\n\n<p>Si vous avez besoin de plus de temps pour remplir votre dossier, vous pouvez demander une prolongation. En g\u00e9n\u00e9ral, la demande doit \u00eatre soumise avant la date limite \u00e0 laquelle vous devriez initialement soumettre la d\u00e9claration. Cela peut se faire habituellement en ligne ou par courrier. Le d\u00e9lai de prolongation g\u00e9n\u00e9ralement accord\u00e9 est jusqu\u2019en septembre ou novembre.<\/p>\n\n\n\n<p>Voici les \u00e9tapes typiques pour demander une prolongation :<\/p>\n\n\n\n<ol class=\"wp-block-list\">\n<li><strong>V\u00e9rifiez la proc\u00e9dure<\/strong> : Les informations concernant les d\u00e9lais de prolongation sont disponibles sur le site de votre canton ou vous pouvez demander des renseignements aux autorit\u00e9s fiscales.<\/li>\n\n\n\n<li><strong>Soumettez la demande<\/strong> : Vous pouvez remplir le formulaire de demande de prolongation en ligne ou par voie postale.<\/li>\n\n\n\n<li><strong>Attendez la confirmation<\/strong> : Une confirmation de la prolongation accord\u00e9e informe alors nouveau d\u00e9lai pour la soumission de votre d\u00e9claration.<\/li>\n<\/ol>\n\n\n\n<h4 class=\"wp-block-heading\">Cons\u00e9quences du Non-Respect des Dates Limites<\/h4>\n\n\n\n<p>Si vous ne respectez pas les d\u00e9lais de d\u00e9p\u00f4t des d\u00e9clarations fiscales, vous risquez des amendes et des int\u00e9r\u00eats \u00e9galement. Les d\u00e9lais en Suisse sont une question s\u00e9rieuse puisque les autorit\u00e9s fiscales sont s\u00e9rieuses \u00e0 leur propos. Voici ce que vous risquez en cas de retard ou d&rsquo;omission :<\/p>\n\n\n\n<ol class=\"wp-block-list\">\n<li><strong>Amendes<\/strong> : Vous pouvez recevoir une amende si la d\u00e9claration n\u2019a pas \u00e9t\u00e9 soumise \u00e0 la franchise. La sanction inflig\u00e9e en mati\u00e8re d\u2019argent d\u00e9pend du canton et du nombre de jours apr\u00e8s la date limite qui s\u2019est \u00e9coul\u00e9.<\/li>\n\n\n\n<li><strong>Int\u00e9r\u00eats de Retard<\/strong> : si vous n\u2019avez pas r\u00e9ussi \u00e0 payer l\u2019imp\u00f4t \u00e0 temps, des amendes pour les heures suppl\u00e9mentaires ajout\u00e9es. Le taux d\u2019int\u00e9r\u00eat est fix\u00e9 par chaque canton personnellement.<\/li>\n\n\n\n<li><strong>Poursuites<\/strong> : la sous-estimation de la fiscalit\u00e9 ou les retards constants ou son accumulation peuvent conduire \u00e0 des proc\u00e9dures judiciaires et \u00e0 des sanctions plus graves.<\/li>\n<\/ol>\n\n\n\n<h4 class=\"wp-block-heading\">Obtenez de l&rsquo;Aide pour Votre D\u00e9claration Fiscale 2025<\/h4>\n\n\n\n<p>Les experts vous aideront \u00e0 d\u00e9poser les d\u00e9clarations de revenus.<\/p>\n\n\n\n<p>L\u2019\u00e9tablissement de d\u00e9clarations fiscales est souvent difficile, en particulier pour les habitants de la fronti\u00e8re qui passent r\u00e9guli\u00e8rement d\u2019un syst\u00e8me fiscal suisse \u00e0 un autre. Votre expert-comptable peut vous aider \u00e0 respecter les d\u00e9lais, \u00e0 rendre votre estimatif plus efficace et \u00e0 \u00e9viter les p\u00e9nalit\u00e9s. <a href=\"https:\/\/conseillerfinanciergeneve.ch\/en\/rendez-vous-conseiller-geneve\/\">Contactez-nous pour une consultation gratuite et laissez nos experts vous aider tout au long du processus fiscal 2025<\/a>.<\/p>","protected":false},"excerpt":{"rendered":"<p>L\u2019une des choses les plus importantes que les frontaliers suisses devraient savoir est la date limite de la d\u00e9claration fiscale. En 2025, cela ne sera aucunement diff\u00e9rent, et ce \u00e0 la fois en termes de calendrier et d\u2019approche, d\u00e9pendant en grande partie des cantons et de la situation personnelle des contribuables concern\u00e9s. Ce guide vous [&hellip;]<\/p>\n","protected":false},"author":1,"featured_media":2040,"comment_status":"open","ping_status":"open","sticky":false,"template":"","format":"standard","meta":{"footnotes":""},"categories":[11],"tags":[],"class_list":["post-2038","post","type-post","status-publish","format-standard","has-post-thumbnail","hentry","category-fiscalite"],"yoast_head":"<!-- This site is optimized with the Yoast SEO plugin v27.5 - https:\/\/yoast.com\/product\/yoast-seo-wordpress\/ -->\n<title>Quelles Sont les Dates Limites pour la D\u00e9claration Suisse<\/title>\n<meta name=\"description\" content=\"D\u00e9couvrez les dates limites pour la d\u00e9claration fiscale en Suisse pour les frontaliers en 2025. Apprenez \u00e0 demander une prolongation.\" \/>\n<meta name=\"robots\" content=\"index, follow, max-snippet:-1, max-image-preview:large, max-video-preview:-1\" \/>\n<link rel=\"canonical\" href=\"https:\/\/conseillerfinanciergeneve.ch\/en\/quelles-dates-limites-declaration-suisse-frontaliers-2025\/\" \/>\n<meta property=\"og:locale\" content=\"en_US\" \/>\n<meta property=\"og:type\" content=\"article\" \/>\n<meta property=\"og:title\" content=\"Quelles Sont les Dates Limites pour la D\u00e9claration Suisse\" \/>\n<meta property=\"og:description\" content=\"D\u00e9couvrez les dates limites pour la d\u00e9claration fiscale en Suisse pour les frontaliers en 2025. Apprenez \u00e0 demander une prolongation.\" \/>\n<meta property=\"og:url\" content=\"https:\/\/conseillerfinanciergeneve.ch\/en\/quelles-dates-limites-declaration-suisse-frontaliers-2025\/\" \/>\n<meta property=\"og:site_name\" content=\"Conseiller financier Gen&egrave;ve\" \/>\n<meta property=\"article:published_time\" content=\"2024-09-26T07:44:00+00:00\" \/>\n<meta property=\"article:modified_time\" content=\"2025-02-25T09:48:26+00:00\" \/>\n<meta property=\"og:image\" content=\"https:\/\/conseillerfinanciergeneve.ch\/wp-content\/uploads\/2024\/08\/Quelles-Dates-Limites-Declaration-Suisse-Frontaliers-2025-scaled.jpg\" \/>\n\t<meta property=\"og:image:width\" content=\"1707\" \/>\n\t<meta property=\"og:image:height\" content=\"2560\" \/>\n\t<meta property=\"og:image:type\" content=\"image\/jpeg\" \/>\n<meta name=\"author\" content=\"administrateur\" \/>\n<meta name=\"twitter:card\" content=\"summary_large_image\" \/>\n<meta name=\"twitter:label1\" content=\"Written by\" \/>\n\t<meta name=\"twitter:data1\" content=\"administrateur\" \/>\n\t<meta name=\"twitter:label2\" content=\"Est. reading time\" \/>\n\t<meta name=\"twitter:data2\" content=\"5 minutes\" \/>\n<script type=\"application\/ld+json\" class=\"yoast-schema-graph\">{\"@context\":\"https:\\\/\\\/schema.org\",\"@graph\":[{\"@type\":\"Article\",\"@id\":\"https:\\\/\\\/conseillerfinanciergeneve.ch\\\/quelles-dates-limites-declaration-suisse-frontaliers-2025\\\/#article\",\"isPartOf\":{\"@id\":\"https:\\\/\\\/conseillerfinanciergeneve.ch\\\/quelles-dates-limites-declaration-suisse-frontaliers-2025\\\/\"},\"author\":{\"name\":\"administrateur\",\"@id\":\"https:\\\/\\\/conseillerfinanciergeneve.ch\\\/#\\\/schema\\\/person\\\/fe24fe6787fe0cb362b7de00dd996498\"},\"headline\":\"Quelles Sont les Dates Limites pour la D\u00e9claration Suisse des Frontaliers en 2025 ?\",\"datePublished\":\"2024-09-26T07:44:00+00:00\",\"dateModified\":\"2025-02-25T09:48:26+00:00\",\"mainEntityOfPage\":{\"@id\":\"https:\\\/\\\/conseillerfinanciergeneve.ch\\\/quelles-dates-limites-declaration-suisse-frontaliers-2025\\\/\"},\"wordCount\":895,\"commentCount\":0,\"publisher\":{\"@id\":\"https:\\\/\\\/conseillerfinanciergeneve.ch\\\/#organization\"},\"image\":{\"@id\":\"https:\\\/\\\/conseillerfinanciergeneve.ch\\\/quelles-dates-limites-declaration-suisse-frontaliers-2025\\\/#primaryimage\"},\"thumbnailUrl\":\"https:\\\/\\\/conseillerfinanciergeneve.ch\\\/wp-content\\\/uploads\\\/2024\\\/08\\\/Quelles-Dates-Limites-Declaration-Suisse-Frontaliers-2025-scaled.jpg\",\"articleSection\":[\"Fiscalit\u00e9\"],\"inLanguage\":\"en-US\",\"potentialAction\":[{\"@type\":\"CommentAction\",\"name\":\"Comment\",\"target\":[\"https:\\\/\\\/conseillerfinanciergeneve.ch\\\/quelles-dates-limites-declaration-suisse-frontaliers-2025\\\/#respond\"]}]},{\"@type\":\"WebPage\",\"@id\":\"https:\\\/\\\/conseillerfinanciergeneve.ch\\\/quelles-dates-limites-declaration-suisse-frontaliers-2025\\\/\",\"url\":\"https:\\\/\\\/conseillerfinanciergeneve.ch\\\/quelles-dates-limites-declaration-suisse-frontaliers-2025\\\/\",\"name\":\"Quelles Sont les Dates Limites pour la D\u00e9claration Suisse\",\"isPartOf\":{\"@id\":\"https:\\\/\\\/conseillerfinanciergeneve.ch\\\/#website\"},\"primaryImageOfPage\":{\"@id\":\"https:\\\/\\\/conseillerfinanciergeneve.ch\\\/quelles-dates-limites-declaration-suisse-frontaliers-2025\\\/#primaryimage\"},\"image\":{\"@id\":\"https:\\\/\\\/conseillerfinanciergeneve.ch\\\/quelles-dates-limites-declaration-suisse-frontaliers-2025\\\/#primaryimage\"},\"thumbnailUrl\":\"https:\\\/\\\/conseillerfinanciergeneve.ch\\\/wp-content\\\/uploads\\\/2024\\\/08\\\/Quelles-Dates-Limites-Declaration-Suisse-Frontaliers-2025-scaled.jpg\",\"datePublished\":\"2024-09-26T07:44:00+00:00\",\"dateModified\":\"2025-02-25T09:48:26+00:00\",\"description\":\"D\u00e9couvrez les dates limites pour la d\u00e9claration fiscale en Suisse pour les frontaliers en 2025. Apprenez \u00e0 demander une prolongation.\",\"breadcrumb\":{\"@id\":\"https:\\\/\\\/conseillerfinanciergeneve.ch\\\/quelles-dates-limites-declaration-suisse-frontaliers-2025\\\/#breadcrumb\"},\"inLanguage\":\"en-US\",\"potentialAction\":[{\"@type\":\"ReadAction\",\"target\":[\"https:\\\/\\\/conseillerfinanciergeneve.ch\\\/quelles-dates-limites-declaration-suisse-frontaliers-2025\\\/\"]}]},{\"@type\":\"ImageObject\",\"inLanguage\":\"en-US\",\"@id\":\"https:\\\/\\\/conseillerfinanciergeneve.ch\\\/quelles-dates-limites-declaration-suisse-frontaliers-2025\\\/#primaryimage\",\"url\":\"https:\\\/\\\/conseillerfinanciergeneve.ch\\\/wp-content\\\/uploads\\\/2024\\\/08\\\/Quelles-Dates-Limites-Declaration-Suisse-Frontaliers-2025-scaled.jpg\",\"contentUrl\":\"https:\\\/\\\/conseillerfinanciergeneve.ch\\\/wp-content\\\/uploads\\\/2024\\\/08\\\/Quelles-Dates-Limites-Declaration-Suisse-Frontaliers-2025-scaled.jpg\",\"width\":1707,\"height\":2560},{\"@type\":\"BreadcrumbList\",\"@id\":\"https:\\\/\\\/conseillerfinanciergeneve.ch\\\/quelles-dates-limites-declaration-suisse-frontaliers-2025\\\/#breadcrumb\",\"itemListElement\":[{\"@type\":\"ListItem\",\"position\":1,\"name\":\"Accueil\",\"item\":\"https:\\\/\\\/conseillerfinanciergeneve.ch\\\/\"},{\"@type\":\"ListItem\",\"position\":2,\"name\":\"Fiscalit\u00e9\",\"item\":\"https:\\\/\\\/conseillerfinanciergeneve.ch\\\/fiscalite\\\/\"},{\"@type\":\"ListItem\",\"position\":3,\"name\":\"Quelles Sont les Dates Limites pour la D\u00e9claration Suisse des Frontaliers en 2025 ?\"}]},{\"@type\":\"WebSite\",\"@id\":\"https:\\\/\\\/conseillerfinanciergeneve.ch\\\/#website\",\"url\":\"https:\\\/\\\/conseillerfinanciergeneve.ch\\\/\",\"name\":\"Conseiller financier Gen\u00e8ve\",\"description\":\"\",\"publisher\":{\"@id\":\"https:\\\/\\\/conseillerfinanciergeneve.ch\\\/#organization\"},\"potentialAction\":[{\"@type\":\"SearchAction\",\"target\":{\"@type\":\"EntryPoint\",\"urlTemplate\":\"https:\\\/\\\/conseillerfinanciergeneve.ch\\\/?s={search_term_string}\"},\"query-input\":{\"@type\":\"PropertyValueSpecification\",\"valueRequired\":true,\"valueName\":\"search_term_string\"}}],\"inLanguage\":\"en-US\"},{\"@type\":\"Organization\",\"@id\":\"https:\\\/\\\/conseillerfinanciergeneve.ch\\\/#organization\",\"name\":\"Conseiller financier Gen\u00e8ve\",\"url\":\"https:\\\/\\\/conseillerfinanciergeneve.ch\\\/\",\"logo\":{\"@type\":\"ImageObject\",\"inLanguage\":\"en-US\",\"@id\":\"https:\\\/\\\/conseillerfinanciergeneve.ch\\\/#\\\/schema\\\/logo\\\/image\\\/\",\"url\":\"https:\\\/\\\/conseillerfinanciergeneve.ch\\\/wp-content\\\/uploads\\\/2024\\\/11\\\/cropped-cropped-conseiller-financier-2-2.png\",\"contentUrl\":\"https:\\\/\\\/conseillerfinanciergeneve.ch\\\/wp-content\\\/uploads\\\/2024\\\/11\\\/cropped-cropped-conseiller-financier-2-2.png\",\"width\":499,\"height\":258,\"caption\":\"Conseiller financier Gen\u00e8ve\"},\"image\":{\"@id\":\"https:\\\/\\\/conseillerfinanciergeneve.ch\\\/#\\\/schema\\\/logo\\\/image\\\/\"}},{\"@type\":\"Person\",\"@id\":\"https:\\\/\\\/conseillerfinanciergeneve.ch\\\/#\\\/schema\\\/person\\\/fe24fe6787fe0cb362b7de00dd996498\",\"name\":\"administrateur\",\"image\":{\"@type\":\"ImageObject\",\"inLanguage\":\"en-US\",\"@id\":\"https:\\\/\\\/secure.gravatar.com\\\/avatar\\\/4a8b18800befc1a369b14c97823a8dcd4c383cddeeda04aa2c53e53058caa45e?s=96&d=mm&r=g\",\"url\":\"https:\\\/\\\/secure.gravatar.com\\\/avatar\\\/4a8b18800befc1a369b14c97823a8dcd4c383cddeeda04aa2c53e53058caa45e?s=96&d=mm&r=g\",\"contentUrl\":\"https:\\\/\\\/secure.gravatar.com\\\/avatar\\\/4a8b18800befc1a369b14c97823a8dcd4c383cddeeda04aa2c53e53058caa45e?s=96&d=mm&r=g\",\"caption\":\"administrateur\"},\"sameAs\":[\"https:\\\/\\\/conseillerfinanciergeneve.ch\"],\"url\":\"https:\\\/\\\/conseillerfinanciergeneve.ch\\\/en\\\/author\\\/admin\\\/\"}]}<\/script>\n<!-- \/ Yoast SEO plugin. -->","yoast_head_json":{"title":"Quelles Sont les Dates Limites pour la D\u00e9claration Suisse","description":"D\u00e9couvrez les dates limites pour la d\u00e9claration fiscale en Suisse pour les frontaliers en 2025. Apprenez \u00e0 demander une prolongation.","robots":{"index":"index","follow":"follow","max-snippet":"max-snippet:-1","max-image-preview":"max-image-preview:large","max-video-preview":"max-video-preview:-1"},"canonical":"https:\/\/conseillerfinanciergeneve.ch\/en\/quelles-dates-limites-declaration-suisse-frontaliers-2025\/","og_locale":"en_US","og_type":"article","og_title":"Quelles Sont les Dates Limites pour la D\u00e9claration Suisse","og_description":"D\u00e9couvrez les dates limites pour la d\u00e9claration fiscale en Suisse pour les frontaliers en 2025. Apprenez \u00e0 demander une prolongation.","og_url":"https:\/\/conseillerfinanciergeneve.ch\/en\/quelles-dates-limites-declaration-suisse-frontaliers-2025\/","og_site_name":"Conseiller financier Gen&egrave;ve","article_published_time":"2024-09-26T07:44:00+00:00","article_modified_time":"2025-02-25T09:48:26+00:00","og_image":[{"width":1707,"height":2560,"url":"https:\/\/conseillerfinanciergeneve.ch\/wp-content\/uploads\/2024\/08\/Quelles-Dates-Limites-Declaration-Suisse-Frontaliers-2025-scaled.jpg","type":"image\/jpeg"}],"author":"administrateur","twitter_card":"summary_large_image","twitter_misc":{"Written by":"administrateur","Est. reading time":"5 minutes"},"schema":{"@context":"https:\/\/schema.org","@graph":[{"@type":"Article","@id":"https:\/\/conseillerfinanciergeneve.ch\/quelles-dates-limites-declaration-suisse-frontaliers-2025\/#article","isPartOf":{"@id":"https:\/\/conseillerfinanciergeneve.ch\/quelles-dates-limites-declaration-suisse-frontaliers-2025\/"},"author":{"name":"administrateur","@id":"https:\/\/conseillerfinanciergeneve.ch\/#\/schema\/person\/fe24fe6787fe0cb362b7de00dd996498"},"headline":"Quelles Sont les Dates Limites pour la D\u00e9claration Suisse des Frontaliers en 2025 ?","datePublished":"2024-09-26T07:44:00+00:00","dateModified":"2025-02-25T09:48:26+00:00","mainEntityOfPage":{"@id":"https:\/\/conseillerfinanciergeneve.ch\/quelles-dates-limites-declaration-suisse-frontaliers-2025\/"},"wordCount":895,"commentCount":0,"publisher":{"@id":"https:\/\/conseillerfinanciergeneve.ch\/#organization"},"image":{"@id":"https:\/\/conseillerfinanciergeneve.ch\/quelles-dates-limites-declaration-suisse-frontaliers-2025\/#primaryimage"},"thumbnailUrl":"https:\/\/conseillerfinanciergeneve.ch\/wp-content\/uploads\/2024\/08\/Quelles-Dates-Limites-Declaration-Suisse-Frontaliers-2025-scaled.jpg","articleSection":["Fiscalit\u00e9"],"inLanguage":"en-US","potentialAction":[{"@type":"CommentAction","name":"Comment","target":["https:\/\/conseillerfinanciergeneve.ch\/quelles-dates-limites-declaration-suisse-frontaliers-2025\/#respond"]}]},{"@type":"WebPage","@id":"https:\/\/conseillerfinanciergeneve.ch\/quelles-dates-limites-declaration-suisse-frontaliers-2025\/","url":"https:\/\/conseillerfinanciergeneve.ch\/quelles-dates-limites-declaration-suisse-frontaliers-2025\/","name":"Quelles Sont les Dates Limites pour la D\u00e9claration Suisse","isPartOf":{"@id":"https:\/\/conseillerfinanciergeneve.ch\/#website"},"primaryImageOfPage":{"@id":"https:\/\/conseillerfinanciergeneve.ch\/quelles-dates-limites-declaration-suisse-frontaliers-2025\/#primaryimage"},"image":{"@id":"https:\/\/conseillerfinanciergeneve.ch\/quelles-dates-limites-declaration-suisse-frontaliers-2025\/#primaryimage"},"thumbnailUrl":"https:\/\/conseillerfinanciergeneve.ch\/wp-content\/uploads\/2024\/08\/Quelles-Dates-Limites-Declaration-Suisse-Frontaliers-2025-scaled.jpg","datePublished":"2024-09-26T07:44:00+00:00","dateModified":"2025-02-25T09:48:26+00:00","description":"D\u00e9couvrez les dates limites pour la d\u00e9claration fiscale en Suisse pour les frontaliers en 2025. Apprenez \u00e0 demander une prolongation.","breadcrumb":{"@id":"https:\/\/conseillerfinanciergeneve.ch\/quelles-dates-limites-declaration-suisse-frontaliers-2025\/#breadcrumb"},"inLanguage":"en-US","potentialAction":[{"@type":"ReadAction","target":["https:\/\/conseillerfinanciergeneve.ch\/quelles-dates-limites-declaration-suisse-frontaliers-2025\/"]}]},{"@type":"ImageObject","inLanguage":"en-US","@id":"https:\/\/conseillerfinanciergeneve.ch\/quelles-dates-limites-declaration-suisse-frontaliers-2025\/#primaryimage","url":"https:\/\/conseillerfinanciergeneve.ch\/wp-content\/uploads\/2024\/08\/Quelles-Dates-Limites-Declaration-Suisse-Frontaliers-2025-scaled.jpg","contentUrl":"https:\/\/conseillerfinanciergeneve.ch\/wp-content\/uploads\/2024\/08\/Quelles-Dates-Limites-Declaration-Suisse-Frontaliers-2025-scaled.jpg","width":1707,"height":2560},{"@type":"BreadcrumbList","@id":"https:\/\/conseillerfinanciergeneve.ch\/quelles-dates-limites-declaration-suisse-frontaliers-2025\/#breadcrumb","itemListElement":[{"@type":"ListItem","position":1,"name":"Accueil","item":"https:\/\/conseillerfinanciergeneve.ch\/"},{"@type":"ListItem","position":2,"name":"Fiscalit\u00e9","item":"https:\/\/conseillerfinanciergeneve.ch\/fiscalite\/"},{"@type":"ListItem","position":3,"name":"Quelles Sont les Dates Limites pour la D\u00e9claration Suisse des Frontaliers en 2025 ?"}]},{"@type":"WebSite","@id":"https:\/\/conseillerfinanciergeneve.ch\/#website","url":"https:\/\/conseillerfinanciergeneve.ch\/","name":"Financial advisor Geneva","description":"","publisher":{"@id":"https:\/\/conseillerfinanciergeneve.ch\/#organization"},"potentialAction":[{"@type":"SearchAction","target":{"@type":"EntryPoint","urlTemplate":"https:\/\/conseillerfinanciergeneve.ch\/?s={search_term_string}"},"query-input":{"@type":"PropertyValueSpecification","valueRequired":true,"valueName":"search_term_string"}}],"inLanguage":"en-US"},{"@type":"Organization","@id":"https:\/\/conseillerfinanciergeneve.ch\/#organization","name":"Financial advisor Geneva","url":"https:\/\/conseillerfinanciergeneve.ch\/","logo":{"@type":"ImageObject","inLanguage":"en-US","@id":"https:\/\/conseillerfinanciergeneve.ch\/#\/schema\/logo\/image\/","url":"https:\/\/conseillerfinanciergeneve.ch\/wp-content\/uploads\/2024\/11\/cropped-cropped-conseiller-financier-2-2.png","contentUrl":"https:\/\/conseillerfinanciergeneve.ch\/wp-content\/uploads\/2024\/11\/cropped-cropped-conseiller-financier-2-2.png","width":499,"height":258,"caption":"Conseiller financier Gen\u00e8ve"},"image":{"@id":"https:\/\/conseillerfinanciergeneve.ch\/#\/schema\/logo\/image\/"}},{"@type":"Person","@id":"https:\/\/conseillerfinanciergeneve.ch\/#\/schema\/person\/fe24fe6787fe0cb362b7de00dd996498","name":"administrateur","image":{"@type":"ImageObject","inLanguage":"en-US","@id":"https:\/\/secure.gravatar.com\/avatar\/4a8b18800befc1a369b14c97823a8dcd4c383cddeeda04aa2c53e53058caa45e?s=96&d=mm&r=g","url":"https:\/\/secure.gravatar.com\/avatar\/4a8b18800befc1a369b14c97823a8dcd4c383cddeeda04aa2c53e53058caa45e?s=96&d=mm&r=g","contentUrl":"https:\/\/secure.gravatar.com\/avatar\/4a8b18800befc1a369b14c97823a8dcd4c383cddeeda04aa2c53e53058caa45e?s=96&d=mm&r=g","caption":"administrateur"},"sameAs":["https:\/\/conseillerfinanciergeneve.ch"],"url":"https:\/\/conseillerfinanciergeneve.ch\/en\/author\/admin\/"}]}},"_links":{"self":[{"href":"https:\/\/conseillerfinanciergeneve.ch\/en\/wp-json\/wp\/v2\/posts\/2038","targetHints":{"allow":["GET"]}}],"collection":[{"href":"https:\/\/conseillerfinanciergeneve.ch\/en\/wp-json\/wp\/v2\/posts"}],"about":[{"href":"https:\/\/conseillerfinanciergeneve.ch\/en\/wp-json\/wp\/v2\/types\/post"}],"author":[{"embeddable":true,"href":"https:\/\/conseillerfinanciergeneve.ch\/en\/wp-json\/wp\/v2\/users\/1"}],"replies":[{"embeddable":true,"href":"https:\/\/conseillerfinanciergeneve.ch\/en\/wp-json\/wp\/v2\/comments?post=2038"}],"version-history":[{"count":2,"href":"https:\/\/conseillerfinanciergeneve.ch\/en\/wp-json\/wp\/v2\/posts\/2038\/revisions"}],"predecessor-version":[{"id":3037,"href":"https:\/\/conseillerfinanciergeneve.ch\/en\/wp-json\/wp\/v2\/posts\/2038\/revisions\/3037"}],"wp:featuredmedia":[{"embeddable":true,"href":"https:\/\/conseillerfinanciergeneve.ch\/en\/wp-json\/wp\/v2\/media\/2040"}],"wp:attachment":[{"href":"https:\/\/conseillerfinanciergeneve.ch\/en\/wp-json\/wp\/v2\/media?parent=2038"}],"wp:term":[{"taxonomy":"category","embeddable":true,"href":"https:\/\/conseillerfinanciergeneve.ch\/en\/wp-json\/wp\/v2\/categories?post=2038"},{"taxonomy":"post_tag","embeddable":true,"href":"https:\/\/conseillerfinanciergeneve.ch\/en\/wp-json\/wp\/v2\/tags?post=2038"}],"curies":[{"name":"wp","href":"https:\/\/api.w.org\/{rel}","templated":true}]}}