{"id":2163,"date":"2024-11-15T12:00:00","date_gmt":"2024-11-15T10:00:00","guid":{"rendered":"https:\/\/conseillerfinanciergeneve.ch\/?p=2163"},"modified":"2025-02-12T12:06:54","modified_gmt":"2025-02-12T10:06:54","slug":"contribuable-canton-bale-ville-impots","status":"publish","type":"post","link":"https:\/\/conseillerfinanciergeneve.ch\/en\/contribuable-canton-bale-ville-impots\/","title":{"rendered":"Le Guide Pratique des Contribuables du canton de B\u00e2le-Ville sur les Imp\u00f4ts"},"content":{"rendered":"<p>Le canton de B\u00e2le-Ville en Suisse abrite le centre \u00e9conomique et culturel de tout le pays. C\u2019est en fait la seule partie du pays avec des r\u00e8gles fiscales qui en diff\u00e8rent du reste du pays. Savoir comment ses r\u00e8gles de fiscalit\u00e9 fonctionnent serait b\u00e9n\u00e9fique pour les personnes vivant et travaillant dans le canton de B\u00e2le-Ville en ce qui concerne les imp\u00f4ts, les d\u00e9ductions fiscales, la d\u00e9claration et le paiement de l\u2019imp\u00f4t, les travailleurs frontaliers, etc.<\/p>\n\n\n\n<h2 class=\"wp-block-heading\">Pr\u00e9sentation du syst\u00e8me fiscal de B\u00e2le-Ville<\/h2>\n\n\n\n<p>B\u00e2le-Ville taxe le revenu, la fortune, et, dans certaines situations, les b\u00e9n\u00e9fices immobiliers et la succession. Les taux et les seuils varient en fonction de la situation du contribuable et peuvent \u00eatre ajust\u00e9s gr\u00e2ce \u00e0 des d\u00e9ductions fiscales. \u00c9tant l\u2019une des villes \u00e9conomiques de la Suisse, B\u00e2le abrite de nombreux travailleurs frontaliers qui ob\u00e9issent \u00e0 une l\u00e9gislation fiscale particuli\u00e8re.<\/p>\n\n\n\n<h2 class=\"wp-block-heading\">Les Principales Contributions pour les r\u00e9sidents de B\u00e2le-Ville Contribution sur le Revenu  <\/h2>\n\n\n\n<ol class=\"wp-block-list\">\n<li>L\u2019imp\u00f4t cantonale sur le revenu est progressif, atteignant un certain pourcentage des revenus. Les salaires, les gains en capital et les pensions sont des exemples de sources imposables.<\/li>\n\n\n\n<li>L\u2019imp\u00f4t sur la fortune est pr\u00e9lev\u00e9 sur des biens personnels tels que de l\u2019argent en banque, des biens immobiliers et des investissements.<\/li>\n\n\n\n<li>En Suisse, les citoyens sont \u00e9galement impos\u00e9s par des imp\u00f4ts f\u00e9d\u00e9raux directs, qui ont diff\u00e9rents taux par rapport \u00e0 l\u2019argent gagn\u00e9 sur le travail.<\/li>\n\n\n\n<li>En cas de vente de la propri\u00e9t\u00e9, vous devez \u00e9galement payer un imp\u00f4t sur les b\u00e9n\u00e9fices immobiliers. La dur\u00e9e de la propri\u00e9t\u00e9 et le b\u00e9n\u00e9fice r\u00e9alis\u00e9 d\u00e9termine le montant de cet imp\u00f4t.<\/li>\n\n\n\n<li>Contrairement \u00e0 d\u2019autres cantons, B\u00e2le-Ville applique des taxes sur la succession et les dons pour les personnes non apparent\u00e9es.<\/li>\n<\/ol>\n\n\n\n<h2 class=\"wp-block-heading\">R\u00e9gime fiscal \u00e0 B\u00e2le-Ville<\/h2>\n\n\n\n<p>B\u00e2le-Ville a un taux d\u2019imposition progressif qui peut \u00eatre plus \u00e9lev\u00e9 pour les tranches sup\u00e9rieures. En g\u00e9n\u00e9ral, les taux sont plus \u00e9lev\u00e9s que ceux d\u2019autres r\u00e9gions en ce qui concerne les contribuables \u00e0 revenu \u00e9lev\u00e9.<\/p>\n\n\n\n<h2 class=\"wp-block-heading\">D\u00e9ductions et R\u00e9ductions de Imp\u00f4ts \u00e0 B\u00e2le-Ville<\/h2>\n\n\n\n<p><br>Les r\u00e9sidents de B\u00e2le-Ville peuvent b\u00e9n\u00e9ficier des r\u00e9ductions suivantes pour r\u00e9duire la charge fiscale :<\/p>\n\n\n\n<ol class=\"wp-block-list\">\n<li>Les co\u00fbts de d\u00e9placement vers le lieu de travail peuvent \u00eatre d\u00e9duits en partie.<\/li>\n\n\n\n<li>Les frais de garde d&rsquo;enfants peuvent \u00eatre d\u00e9duits d&rsquo;une partie des frais de garde des enfants en bas \u00e2ge par les familles.<\/li>\n\n\n\n<li>Des cotisations aux pilier 2 et 3 peuvent \u00eatre d\u00e9duites de l\u2019imp\u00f4t si elles sont pr\u00e9lev\u00e9es en vertu de l\u2019assurance-vie et de l\u2019\u00e9pargne personnelle de retraite.<\/li>\n\n\n\n<li>Des frais m\u00e9dicaux et des cotisations ont \u00e9t\u00e9 d\u00e9duits en partie dans la mesure o\u00f9 les co\u00fbts d\u00e9passent un certain montant.<\/li>\n\n\n\n<li>Les dons d\u00e9ductibles du revenu aux organismes de bienfaisance officiels offrent \u00e9galement des possibilit\u00e9s n\u00e9gociables.<\/li>\n<\/ol>\n\n\n\n<h2 class=\"wp-block-heading\">Imposition des r\u00e9sidents de B\u00e2le-Ville<\/h2>\n\n\n\n<p>Les personnes travaillant \u00e0 B\u00e2le-Ville mais vivant en France ou en Allemagne paient des imp\u00f4ts \u00e0 la source en vertu d\u2019accords fiscaux bilat\u00e9raux. Selon l\u2019accord, les travailleurs frontaliers paient l\u2019imp\u00f4t sur le revenu et leur pays d\u2019origine leur rembourse l\u2019argent en guise de cr\u00e9dits d\u2019imp\u00f4t pour \u00e9viter la double imposition Dans les deux cas, si le plafond de la masse salariale est r\u00e9duit, les employeurs ou les contribuables peuvent r\u00e9clamer des remboursements en cas de changement de circonstances.<\/p>\n\n\n\n<h2 class=\"wp-block-heading\">Instructions pour compl\u00e9ter votre D\u00e9claration Fiscale \u00e0 B\u00e2le-Ville<\/h2>\n\n\n\n<ol class=\"wp-block-list\">\n<li>Collecter les documents requis : Il est primordial de disposer de tous les documents justificatifs requis avant de compl\u00e9ter votre d\u00e9claration : salaires, relev\u00e9s bancaires, justificatifs de d\u00e9ductions, etc.<\/li>\n\n\n\n<li>Le logiciel cantonal est propos\u00e9 par B\u00e2le-Ville afin de simplifier la d\u00e9claration d&rsquo;imp\u00f4ts. Ce logiciel offre la possibilit\u00e9 de compl\u00e9ter et de soumettre sa d\u00e9claration depuis son domicile.<\/li>\n\n\n\n<li>Notez les D\u00e9tails : Ne laissez pas vos revenus ou votre patrimoine en disposer. Des amendes p\u00e9cuniaires peuvent \u00eatre impos\u00e9es en cas de d\u00e9claration partielle.<\/li>\n\n\n\n<li>En cas de complexit\u00e9 de la situation fiscale, n\u2019h\u00e9sitez pas \u00e0 engager un conseiller fiscal afin de ne pas commettre d\u2019erreurs h\u00e2tives.<\/li>\n<\/ol>\n\n\n\n<h2 class=\"wp-block-heading\">Limites de temps et sanctions<\/h2>\n\n\n\n<p>Chaque ann\u00e9e, la d\u00e9claration fiscale doit \u00eatre soumise \u00e0 des d\u00e9lais diff\u00e9rents, mais elle se situe g\u00e9n\u00e9ralement entre mars et avril. Si vous n\u2019avez pas le temps, des amendes peuvent \u00eatre impos\u00e9es. Cependant, il est possible de prolonger le d\u00e9lai si vous avez des preuves.<\/p>\n\n\n\n<h2 class=\"wp-block-heading\">Conclusion : Une compr\u00e9hension approfondie du Syst\u00e8me Fiscal<\/h2>\n\n\n\n<p>Les particularit\u00e9s fiscales du canton de B\u00e2le-Ville se distinguent entre autres par l\u2019importance du nombre de travailleurs frontaliers. Pour les r\u00e9sidents et frontaliers, la compr\u00e9hension d\u2019un r\u00e9gime fiscal local est un avantage non-n\u00e9gligeable pour profiter pleinement des avantages et compenser de mani\u00e8re pr\u00e9ventive les inconv\u00e9nients.<\/p>\n\n\n\n<p>Avez-vous besoins d\u2019aide pour mieux comprendre votre d\u00e9claration \u00e0 B\u00e2le-Ville ? <a href=\"https:\/\/conseillerfinanciergeneve.ch\/en\/rendez-vous-conseiller-geneve\/\">Nos conseillers experts vous aideront \u00e0 comprendre le Syst\u00e8me fiscal b\u00e2lois<\/a> et vous dirigeront vers les imp\u00f4t locaux les plus avantageux.<\/p>","protected":false},"excerpt":{"rendered":"<p>Le canton de B\u00e2le-Ville en Suisse abrite le centre \u00e9conomique et culturel de tout le pays. C\u2019est en fait la seule partie du pays avec des r\u00e8gles fiscales qui en diff\u00e8rent du reste du pays. Savoir comment ses r\u00e8gles de fiscalit\u00e9 fonctionnent serait b\u00e9n\u00e9fique pour les personnes vivant et travaillant dans le canton de B\u00e2le-Ville [&hellip;]<\/p>\n","protected":false},"author":1,"featured_media":2164,"comment_status":"open","ping_status":"open","sticky":false,"template":"","format":"standard","meta":{"footnotes":""},"categories":[11],"tags":[],"class_list":["post-2163","post","type-post","status-publish","format-standard","has-post-thumbnail","hentry","category-fiscalite"],"yoast_head":"<!-- This site is optimized with the Yoast SEO plugin v27.5 - https:\/\/yoast.com\/product\/yoast-seo-wordpress\/ -->\n<title>Guide des Contribuables du canton de B\u00e2le-Ville sur les Imp\u00f4ts<\/title>\n<meta name=\"description\" content=\"Comprendre le syst\u00e8me fiscal de B\u00e2le-Ville. D\u00e9couvrez les taux d&#039;imposition, les d\u00e9ductions possibles, et les sp\u00e9cificit\u00e9s fiscales.\" \/>\n<meta name=\"robots\" content=\"index, follow, max-snippet:-1, max-image-preview:large, max-video-preview:-1\" \/>\n<link rel=\"canonical\" href=\"https:\/\/conseillerfinanciergeneve.ch\/en\/contribuable-canton-bale-ville-impots\/\" \/>\n<meta property=\"og:locale\" content=\"en_US\" \/>\n<meta property=\"og:type\" content=\"article\" \/>\n<meta property=\"og:title\" content=\"Guide des Contribuables du canton de B\u00e2le-Ville sur les Imp\u00f4ts\" \/>\n<meta property=\"og:description\" content=\"Comprendre le syst\u00e8me fiscal de B\u00e2le-Ville. D\u00e9couvrez les taux d&#039;imposition, les d\u00e9ductions possibles, et les sp\u00e9cificit\u00e9s fiscales.\" \/>\n<meta property=\"og:url\" content=\"https:\/\/conseillerfinanciergeneve.ch\/en\/contribuable-canton-bale-ville-impots\/\" \/>\n<meta property=\"og:site_name\" content=\"Conseiller financier Gen&egrave;ve\" \/>\n<meta property=\"article:published_time\" content=\"2024-11-15T10:00:00+00:00\" \/>\n<meta property=\"article:modified_time\" content=\"2025-02-12T10:06:54+00:00\" \/>\n<meta property=\"og:image\" content=\"https:\/\/conseillerfinanciergeneve.ch\/wp-content\/uploads\/2024\/11\/impot-bale-ville-scaled.jpg\" \/>\n\t<meta property=\"og:image:width\" content=\"1828\" \/>\n\t<meta property=\"og:image:height\" content=\"2560\" \/>\n\t<meta property=\"og:image:type\" content=\"image\/jpeg\" \/>\n<meta name=\"author\" content=\"administrateur\" \/>\n<meta name=\"twitter:card\" content=\"summary_large_image\" \/>\n<meta name=\"twitter:label1\" content=\"Written by\" \/>\n\t<meta name=\"twitter:data1\" content=\"administrateur\" \/>\n\t<meta name=\"twitter:label2\" content=\"Est. reading time\" \/>\n\t<meta name=\"twitter:data2\" content=\"5 minutes\" \/>\n<script type=\"application\/ld+json\" class=\"yoast-schema-graph\">{\"@context\":\"https:\\\/\\\/schema.org\",\"@graph\":[{\"@type\":\"Article\",\"@id\":\"https:\\\/\\\/conseillerfinanciergeneve.ch\\\/contribuable-canton-bale-ville-impots\\\/#article\",\"isPartOf\":{\"@id\":\"https:\\\/\\\/conseillerfinanciergeneve.ch\\\/contribuable-canton-bale-ville-impots\\\/\"},\"author\":{\"name\":\"administrateur\",\"@id\":\"https:\\\/\\\/conseillerfinanciergeneve.ch\\\/#\\\/schema\\\/person\\\/fe24fe6787fe0cb362b7de00dd996498\"},\"headline\":\"Le Guide Pratique des Contribuables du canton de B\u00e2le-Ville sur les Imp\u00f4ts\",\"datePublished\":\"2024-11-15T10:00:00+00:00\",\"dateModified\":\"2025-02-12T10:06:54+00:00\",\"mainEntityOfPage\":{\"@id\":\"https:\\\/\\\/conseillerfinanciergeneve.ch\\\/contribuable-canton-bale-ville-impots\\\/\"},\"wordCount\":918,\"commentCount\":0,\"publisher\":{\"@id\":\"https:\\\/\\\/conseillerfinanciergeneve.ch\\\/#organization\"},\"image\":{\"@id\":\"https:\\\/\\\/conseillerfinanciergeneve.ch\\\/contribuable-canton-bale-ville-impots\\\/#primaryimage\"},\"thumbnailUrl\":\"https:\\\/\\\/conseillerfinanciergeneve.ch\\\/wp-content\\\/uploads\\\/2024\\\/11\\\/impot-bale-ville-scaled.jpg\",\"articleSection\":[\"Fiscalit\u00e9\"],\"inLanguage\":\"en-US\",\"potentialAction\":[{\"@type\":\"CommentAction\",\"name\":\"Comment\",\"target\":[\"https:\\\/\\\/conseillerfinanciergeneve.ch\\\/contribuable-canton-bale-ville-impots\\\/#respond\"]}]},{\"@type\":\"WebPage\",\"@id\":\"https:\\\/\\\/conseillerfinanciergeneve.ch\\\/contribuable-canton-bale-ville-impots\\\/\",\"url\":\"https:\\\/\\\/conseillerfinanciergeneve.ch\\\/contribuable-canton-bale-ville-impots\\\/\",\"name\":\"Guide des Contribuables du canton de B\u00e2le-Ville sur les Imp\u00f4ts\",\"isPartOf\":{\"@id\":\"https:\\\/\\\/conseillerfinanciergeneve.ch\\\/#website\"},\"primaryImageOfPage\":{\"@id\":\"https:\\\/\\\/conseillerfinanciergeneve.ch\\\/contribuable-canton-bale-ville-impots\\\/#primaryimage\"},\"image\":{\"@id\":\"https:\\\/\\\/conseillerfinanciergeneve.ch\\\/contribuable-canton-bale-ville-impots\\\/#primaryimage\"},\"thumbnailUrl\":\"https:\\\/\\\/conseillerfinanciergeneve.ch\\\/wp-content\\\/uploads\\\/2024\\\/11\\\/impot-bale-ville-scaled.jpg\",\"datePublished\":\"2024-11-15T10:00:00+00:00\",\"dateModified\":\"2025-02-12T10:06:54+00:00\",\"description\":\"Comprendre le syst\u00e8me fiscal de B\u00e2le-Ville. D\u00e9couvrez les taux d'imposition, les d\u00e9ductions possibles, et les sp\u00e9cificit\u00e9s fiscales.\",\"breadcrumb\":{\"@id\":\"https:\\\/\\\/conseillerfinanciergeneve.ch\\\/contribuable-canton-bale-ville-impots\\\/#breadcrumb\"},\"inLanguage\":\"en-US\",\"potentialAction\":[{\"@type\":\"ReadAction\",\"target\":[\"https:\\\/\\\/conseillerfinanciergeneve.ch\\\/contribuable-canton-bale-ville-impots\\\/\"]}]},{\"@type\":\"ImageObject\",\"inLanguage\":\"en-US\",\"@id\":\"https:\\\/\\\/conseillerfinanciergeneve.ch\\\/contribuable-canton-bale-ville-impots\\\/#primaryimage\",\"url\":\"https:\\\/\\\/conseillerfinanciergeneve.ch\\\/wp-content\\\/uploads\\\/2024\\\/11\\\/impot-bale-ville-scaled.jpg\",\"contentUrl\":\"https:\\\/\\\/conseillerfinanciergeneve.ch\\\/wp-content\\\/uploads\\\/2024\\\/11\\\/impot-bale-ville-scaled.jpg\",\"width\":1828,\"height\":2560},{\"@type\":\"BreadcrumbList\",\"@id\":\"https:\\\/\\\/conseillerfinanciergeneve.ch\\\/contribuable-canton-bale-ville-impots\\\/#breadcrumb\",\"itemListElement\":[{\"@type\":\"ListItem\",\"position\":1,\"name\":\"Accueil\",\"item\":\"https:\\\/\\\/conseillerfinanciergeneve.ch\\\/\"},{\"@type\":\"ListItem\",\"position\":2,\"name\":\"Fiscalit\u00e9\",\"item\":\"https:\\\/\\\/conseillerfinanciergeneve.ch\\\/fiscalite\\\/\"},{\"@type\":\"ListItem\",\"position\":3,\"name\":\"Le Guide Pratique des Contribuables du canton de B\u00e2le-Ville sur les Imp\u00f4ts\"}]},{\"@type\":\"WebSite\",\"@id\":\"https:\\\/\\\/conseillerfinanciergeneve.ch\\\/#website\",\"url\":\"https:\\\/\\\/conseillerfinanciergeneve.ch\\\/\",\"name\":\"Conseiller financier Gen\u00e8ve\",\"description\":\"\",\"publisher\":{\"@id\":\"https:\\\/\\\/conseillerfinanciergeneve.ch\\\/#organization\"},\"potentialAction\":[{\"@type\":\"SearchAction\",\"target\":{\"@type\":\"EntryPoint\",\"urlTemplate\":\"https:\\\/\\\/conseillerfinanciergeneve.ch\\\/?s={search_term_string}\"},\"query-input\":{\"@type\":\"PropertyValueSpecification\",\"valueRequired\":true,\"valueName\":\"search_term_string\"}}],\"inLanguage\":\"en-US\"},{\"@type\":\"Organization\",\"@id\":\"https:\\\/\\\/conseillerfinanciergeneve.ch\\\/#organization\",\"name\":\"Conseiller financier Gen\u00e8ve\",\"url\":\"https:\\\/\\\/conseillerfinanciergeneve.ch\\\/\",\"logo\":{\"@type\":\"ImageObject\",\"inLanguage\":\"en-US\",\"@id\":\"https:\\\/\\\/conseillerfinanciergeneve.ch\\\/#\\\/schema\\\/logo\\\/image\\\/\",\"url\":\"https:\\\/\\\/conseillerfinanciergeneve.ch\\\/wp-content\\\/uploads\\\/2024\\\/11\\\/cropped-cropped-conseiller-financier-2-2.png\",\"contentUrl\":\"https:\\\/\\\/conseillerfinanciergeneve.ch\\\/wp-content\\\/uploads\\\/2024\\\/11\\\/cropped-cropped-conseiller-financier-2-2.png\",\"width\":499,\"height\":258,\"caption\":\"Conseiller financier Gen\u00e8ve\"},\"image\":{\"@id\":\"https:\\\/\\\/conseillerfinanciergeneve.ch\\\/#\\\/schema\\\/logo\\\/image\\\/\"}},{\"@type\":\"Person\",\"@id\":\"https:\\\/\\\/conseillerfinanciergeneve.ch\\\/#\\\/schema\\\/person\\\/fe24fe6787fe0cb362b7de00dd996498\",\"name\":\"administrateur\",\"image\":{\"@type\":\"ImageObject\",\"inLanguage\":\"en-US\",\"@id\":\"https:\\\/\\\/secure.gravatar.com\\\/avatar\\\/4a8b18800befc1a369b14c97823a8dcd4c383cddeeda04aa2c53e53058caa45e?s=96&d=mm&r=g\",\"url\":\"https:\\\/\\\/secure.gravatar.com\\\/avatar\\\/4a8b18800befc1a369b14c97823a8dcd4c383cddeeda04aa2c53e53058caa45e?s=96&d=mm&r=g\",\"contentUrl\":\"https:\\\/\\\/secure.gravatar.com\\\/avatar\\\/4a8b18800befc1a369b14c97823a8dcd4c383cddeeda04aa2c53e53058caa45e?s=96&d=mm&r=g\",\"caption\":\"administrateur\"},\"sameAs\":[\"https:\\\/\\\/conseillerfinanciergeneve.ch\"],\"url\":\"https:\\\/\\\/conseillerfinanciergeneve.ch\\\/en\\\/author\\\/admin\\\/\"}]}<\/script>\n<!-- \/ Yoast SEO plugin. -->","yoast_head_json":{"title":"Guide des Contribuables du canton de B\u00e2le-Ville sur les Imp\u00f4ts","description":"Comprendre le syst\u00e8me fiscal de B\u00e2le-Ville. D\u00e9couvrez les taux d'imposition, les d\u00e9ductions possibles, et les sp\u00e9cificit\u00e9s fiscales.","robots":{"index":"index","follow":"follow","max-snippet":"max-snippet:-1","max-image-preview":"max-image-preview:large","max-video-preview":"max-video-preview:-1"},"canonical":"https:\/\/conseillerfinanciergeneve.ch\/en\/contribuable-canton-bale-ville-impots\/","og_locale":"en_US","og_type":"article","og_title":"Guide des Contribuables du canton de B\u00e2le-Ville sur les Imp\u00f4ts","og_description":"Comprendre le syst\u00e8me fiscal de B\u00e2le-Ville. D\u00e9couvrez les taux d'imposition, les d\u00e9ductions possibles, et les sp\u00e9cificit\u00e9s fiscales.","og_url":"https:\/\/conseillerfinanciergeneve.ch\/en\/contribuable-canton-bale-ville-impots\/","og_site_name":"Conseiller financier Gen&egrave;ve","article_published_time":"2024-11-15T10:00:00+00:00","article_modified_time":"2025-02-12T10:06:54+00:00","og_image":[{"width":1828,"height":2560,"url":"https:\/\/conseillerfinanciergeneve.ch\/wp-content\/uploads\/2024\/11\/impot-bale-ville-scaled.jpg","type":"image\/jpeg"}],"author":"administrateur","twitter_card":"summary_large_image","twitter_misc":{"Written by":"administrateur","Est. reading time":"5 minutes"},"schema":{"@context":"https:\/\/schema.org","@graph":[{"@type":"Article","@id":"https:\/\/conseillerfinanciergeneve.ch\/contribuable-canton-bale-ville-impots\/#article","isPartOf":{"@id":"https:\/\/conseillerfinanciergeneve.ch\/contribuable-canton-bale-ville-impots\/"},"author":{"name":"administrateur","@id":"https:\/\/conseillerfinanciergeneve.ch\/#\/schema\/person\/fe24fe6787fe0cb362b7de00dd996498"},"headline":"Le Guide Pratique des Contribuables du canton de B\u00e2le-Ville sur les Imp\u00f4ts","datePublished":"2024-11-15T10:00:00+00:00","dateModified":"2025-02-12T10:06:54+00:00","mainEntityOfPage":{"@id":"https:\/\/conseillerfinanciergeneve.ch\/contribuable-canton-bale-ville-impots\/"},"wordCount":918,"commentCount":0,"publisher":{"@id":"https:\/\/conseillerfinanciergeneve.ch\/#organization"},"image":{"@id":"https:\/\/conseillerfinanciergeneve.ch\/contribuable-canton-bale-ville-impots\/#primaryimage"},"thumbnailUrl":"https:\/\/conseillerfinanciergeneve.ch\/wp-content\/uploads\/2024\/11\/impot-bale-ville-scaled.jpg","articleSection":["Fiscalit\u00e9"],"inLanguage":"en-US","potentialAction":[{"@type":"CommentAction","name":"Comment","target":["https:\/\/conseillerfinanciergeneve.ch\/contribuable-canton-bale-ville-impots\/#respond"]}]},{"@type":"WebPage","@id":"https:\/\/conseillerfinanciergeneve.ch\/contribuable-canton-bale-ville-impots\/","url":"https:\/\/conseillerfinanciergeneve.ch\/contribuable-canton-bale-ville-impots\/","name":"Guide des Contribuables du canton de B\u00e2le-Ville sur les Imp\u00f4ts","isPartOf":{"@id":"https:\/\/conseillerfinanciergeneve.ch\/#website"},"primaryImageOfPage":{"@id":"https:\/\/conseillerfinanciergeneve.ch\/contribuable-canton-bale-ville-impots\/#primaryimage"},"image":{"@id":"https:\/\/conseillerfinanciergeneve.ch\/contribuable-canton-bale-ville-impots\/#primaryimage"},"thumbnailUrl":"https:\/\/conseillerfinanciergeneve.ch\/wp-content\/uploads\/2024\/11\/impot-bale-ville-scaled.jpg","datePublished":"2024-11-15T10:00:00+00:00","dateModified":"2025-02-12T10:06:54+00:00","description":"Comprendre le syst\u00e8me fiscal de B\u00e2le-Ville. D\u00e9couvrez les taux d'imposition, les d\u00e9ductions possibles, et les sp\u00e9cificit\u00e9s fiscales.","breadcrumb":{"@id":"https:\/\/conseillerfinanciergeneve.ch\/contribuable-canton-bale-ville-impots\/#breadcrumb"},"inLanguage":"en-US","potentialAction":[{"@type":"ReadAction","target":["https:\/\/conseillerfinanciergeneve.ch\/contribuable-canton-bale-ville-impots\/"]}]},{"@type":"ImageObject","inLanguage":"en-US","@id":"https:\/\/conseillerfinanciergeneve.ch\/contribuable-canton-bale-ville-impots\/#primaryimage","url":"https:\/\/conseillerfinanciergeneve.ch\/wp-content\/uploads\/2024\/11\/impot-bale-ville-scaled.jpg","contentUrl":"https:\/\/conseillerfinanciergeneve.ch\/wp-content\/uploads\/2024\/11\/impot-bale-ville-scaled.jpg","width":1828,"height":2560},{"@type":"BreadcrumbList","@id":"https:\/\/conseillerfinanciergeneve.ch\/contribuable-canton-bale-ville-impots\/#breadcrumb","itemListElement":[{"@type":"ListItem","position":1,"name":"Accueil","item":"https:\/\/conseillerfinanciergeneve.ch\/"},{"@type":"ListItem","position":2,"name":"Fiscalit\u00e9","item":"https:\/\/conseillerfinanciergeneve.ch\/fiscalite\/"},{"@type":"ListItem","position":3,"name":"Le Guide Pratique des Contribuables du canton de B\u00e2le-Ville sur les Imp\u00f4ts"}]},{"@type":"WebSite","@id":"https:\/\/conseillerfinanciergeneve.ch\/#website","url":"https:\/\/conseillerfinanciergeneve.ch\/","name":"Financial advisor Geneva","description":"","publisher":{"@id":"https:\/\/conseillerfinanciergeneve.ch\/#organization"},"potentialAction":[{"@type":"SearchAction","target":{"@type":"EntryPoint","urlTemplate":"https:\/\/conseillerfinanciergeneve.ch\/?s={search_term_string}"},"query-input":{"@type":"PropertyValueSpecification","valueRequired":true,"valueName":"search_term_string"}}],"inLanguage":"en-US"},{"@type":"Organization","@id":"https:\/\/conseillerfinanciergeneve.ch\/#organization","name":"Financial advisor Geneva","url":"https:\/\/conseillerfinanciergeneve.ch\/","logo":{"@type":"ImageObject","inLanguage":"en-US","@id":"https:\/\/conseillerfinanciergeneve.ch\/#\/schema\/logo\/image\/","url":"https:\/\/conseillerfinanciergeneve.ch\/wp-content\/uploads\/2024\/11\/cropped-cropped-conseiller-financier-2-2.png","contentUrl":"https:\/\/conseillerfinanciergeneve.ch\/wp-content\/uploads\/2024\/11\/cropped-cropped-conseiller-financier-2-2.png","width":499,"height":258,"caption":"Conseiller financier Gen\u00e8ve"},"image":{"@id":"https:\/\/conseillerfinanciergeneve.ch\/#\/schema\/logo\/image\/"}},{"@type":"Person","@id":"https:\/\/conseillerfinanciergeneve.ch\/#\/schema\/person\/fe24fe6787fe0cb362b7de00dd996498","name":"administrateur","image":{"@type":"ImageObject","inLanguage":"en-US","@id":"https:\/\/secure.gravatar.com\/avatar\/4a8b18800befc1a369b14c97823a8dcd4c383cddeeda04aa2c53e53058caa45e?s=96&d=mm&r=g","url":"https:\/\/secure.gravatar.com\/avatar\/4a8b18800befc1a369b14c97823a8dcd4c383cddeeda04aa2c53e53058caa45e?s=96&d=mm&r=g","contentUrl":"https:\/\/secure.gravatar.com\/avatar\/4a8b18800befc1a369b14c97823a8dcd4c383cddeeda04aa2c53e53058caa45e?s=96&d=mm&r=g","caption":"administrateur"},"sameAs":["https:\/\/conseillerfinanciergeneve.ch"],"url":"https:\/\/conseillerfinanciergeneve.ch\/en\/author\/admin\/"}]}},"_links":{"self":[{"href":"https:\/\/conseillerfinanciergeneve.ch\/en\/wp-json\/wp\/v2\/posts\/2163","targetHints":{"allow":["GET"]}}],"collection":[{"href":"https:\/\/conseillerfinanciergeneve.ch\/en\/wp-json\/wp\/v2\/posts"}],"about":[{"href":"https:\/\/conseillerfinanciergeneve.ch\/en\/wp-json\/wp\/v2\/types\/post"}],"author":[{"embeddable":true,"href":"https:\/\/conseillerfinanciergeneve.ch\/en\/wp-json\/wp\/v2\/users\/1"}],"replies":[{"embeddable":true,"href":"https:\/\/conseillerfinanciergeneve.ch\/en\/wp-json\/wp\/v2\/comments?post=2163"}],"version-history":[{"count":2,"href":"https:\/\/conseillerfinanciergeneve.ch\/en\/wp-json\/wp\/v2\/posts\/2163\/revisions"}],"predecessor-version":[{"id":2926,"href":"https:\/\/conseillerfinanciergeneve.ch\/en\/wp-json\/wp\/v2\/posts\/2163\/revisions\/2926"}],"wp:featuredmedia":[{"embeddable":true,"href":"https:\/\/conseillerfinanciergeneve.ch\/en\/wp-json\/wp\/v2\/media\/2164"}],"wp:attachment":[{"href":"https:\/\/conseillerfinanciergeneve.ch\/en\/wp-json\/wp\/v2\/media?parent=2163"}],"wp:term":[{"taxonomy":"category","embeddable":true,"href":"https:\/\/conseillerfinanciergeneve.ch\/en\/wp-json\/wp\/v2\/categories?post=2163"},{"taxonomy":"post_tag","embeddable":true,"href":"https:\/\/conseillerfinanciergeneve.ch\/en\/wp-json\/wp\/v2\/tags?post=2163"}],"curies":[{"name":"wp","href":"https:\/\/api.w.org\/{rel}","templated":true}]}}