{"id":2186,"date":"2024-12-03T12:00:00","date_gmt":"2024-12-03T10:00:00","guid":{"rendered":"https:\/\/conseillerfinanciergeneve.ch\/?p=2186"},"modified":"2025-02-12T01:38:50","modified_gmt":"2025-02-11T23:38:50","slug":"calendrier-jours-feries-suisse-tout-savoir","status":"publish","type":"post","link":"https:\/\/conseillerfinanciergeneve.ch\/en\/calendrier-jours-feries-suisse-tout-savoir\/","title":{"rendered":"Calendrier des Jours F\u00e9ri\u00e9s en Suisse : Tout Ce que Vous Devez Savoir"},"content":{"rendered":"<p>La Suisse se d\u00e9marque par ses jours f\u00e9ri\u00e9s atypiques. Contrairement \u00e0 d\u2019autres pays avec des jours de cong\u00e9 nationaux uniformes, les jours f\u00e9ri\u00e9s en Suisse sont souvent diff\u00e9rents pour des cantons voisins ou des sections du m\u00eame canton. Alors que cela peut sembler chaotique, cela apporte \u00e9galement des opportunit\u00e9s passionnantes pour les employ\u00e9s, les habitants et les touristes du pays. Cet article examinera quelques f\u00eates nationales en Suisse pour essayer de mieux organiser vos voyages.<\/p>\n\n\n\n<h2 class=\"wp-block-heading\">Les c\u00e9l\u00e9brations nationales en Suisse<\/h2>\n\n\n\n<p>Aucun des cantons suisses n\u2019a plus d\u2019un jour f\u00e9ri\u00e9 national obligatoire. N\u00e9anmoins, un jour doit \u00eatre appel\u00e9 national : le 1 er ao\u00fbt \u2013 la f\u00eate nationale suisse. Le 1 er ao\u00fbt est officiellement c\u00e9l\u00e9br\u00e9 en Suisse, \u00e0 travers le pays, avec des feux d\u2019artifice, des d\u00e9fil\u00e9s et divers \u00e9v\u00e9nements communautaires.<\/p>\n\n\n\n<h3 class=\"wp-block-heading\">Le jour de la Suisse (1er ao\u00fbt)<\/h3>\n\n\n\n<p>L\u2019anniversaire de la fondation de la Conf\u00e9d\u00e9ration suisse est c\u00e9l\u00e9br\u00e9 le 1 er ao\u00fbt la Suisse le 1 er ao\u00fbt 1291. En 1891, le 1 er ao\u00fbt a \u00e9t\u00e9 d\u00e9clar\u00e9 le seul jour f\u00e9ri\u00e9 national, et depuis lors, il est c\u00e9l\u00e9br\u00e9 de mani\u00e8re ludique. Il est de tradition dans certaines parties du pays de faire un feu de joie et des feux d\u2019artifice pour c\u00e9l\u00e9brer cette journ\u00e9e.<\/p>\n\n\n\n<h2 class=\"wp-block-heading\">Les f\u00eates cantonales en Suisse<\/h2>\n\n\n\n<p>Plusieurs cantons suisses ont leur propre calendrier de jours f\u00e9ri\u00e9s, ce qui signifie que les jours de cong\u00e9 diff\u00e8rent en fonction de l\u2019endroit. Habituellement, ces jours f\u00e9ri\u00e9s sont bas\u00e9s sur les traditions religieuses ou culturelles du canton.<\/p>\n\n\n\n<h3 class=\"wp-block-heading\">Exemples de vacances cantonales<\/h3>\n\n\n\n<ul class=\"wp-block-list\">\n<li>Le je\u00fbne f\u00e9d\u00e9ral \u00e0 Berne le lundi qui suit chaque troisi\u00e8me dimanche de septembre.<\/li>\n\n\n\n<li>Je\u00fbne \u00e0 Vaud le dimanche qui suit chaque premier jour de septembre.<\/li>\n\n\n\n<li>Jour de l\u2019Ascension dans le canton de Fribourg jeudi (exact 60\u1d49 jour apr\u00e8s P\u00e2ques)<\/li>\n\n\n\n<li>Valais : f\u00eate de l&rsquo;Assomption (15 ao\u00fbt) et f\u00eate de Saint-Nicolas (6 d\u00e9cembre)<\/li>\n\n\n\n<li>Je\u00fbne genevois le jeudi qui suit chaque premier jour de septembre.<\/li>\n<\/ul>\n\n\n\n<p>Il s\u2019agit souvent d\u2019une p\u00e9riode de rencontre familiale, de participation \u00e0 des \u00e9v\u00e9nements locaux ou de d\u00e9couverte des traditions de la r\u00e9gion.<\/p>\n\n\n\n<h2 class=\"wp-block-heading\">Le calendrier des f\u00eates religieuses en Suisse<\/h2>\n\n\n\n<p>Les f\u00eates de la religion chr\u00e9tienne, catholique ou protestante, ont \u00e9galement une influence majeure sur le calendrier des jours f\u00e9ri\u00e9s suisses, bien que les cantons ne les c\u00e9l\u00e8brent pas au m\u00eame moment.<\/p>\n\n\n\n<h3 class=\"wp-block-heading\">F\u00e9ries religieuses communes<\/h3>\n\n\n\n<p>La plupart des f\u00eates mentionn\u00e9es ci-dessous sont observ\u00e9es dans plus d\u2019un canton; par contre, pas tout au m\u00eame temps :<\/p>\n\n\n\n<ul class=\"wp-block-list\">\n<li>Le vendredi saint et le lundi de P\u00e2ques<\/li>\n\n\n\n<li>Ascension (40 jours apr\u00e8s la f\u00eate de P\u00e2ques)<\/li>\n\n\n\n<li>Pentec\u00f4te (50 jours apr\u00e8s la f\u00eate des P\u00e8res)<\/li>\n\n\n\n<li>No\u00ebl et la journ\u00e9e suivante (26 d\u00e9cembre)<\/li>\n<\/ul>\n\n\n\n<p>Par contre, certaines f\u00eates sont f\u00eat\u00e9es dans un canton majoritairement catholique, tel que L\u2019Assomption le 15 Ao\u00fbt, ou La Toussaint, le 1er novembre. Les cantons protestants peuvent poss\u00e9der d\u2019autres jours f\u00e9ri\u00e9s, tel que le Vendredi Saint.<\/p>\n\n\n\n<h2 class=\"wp-block-heading\">Organiser ses vacances en fonction de la p\u00e9riode de cong\u00e9<\/h2>\n\n\n\n<p>Les jours f\u00e9ri\u00e9s suisses ne sont pas destin\u00e9s qu\u2019\u00e0 fermer les \u00e9tablissements, mais plut\u00f4t \u00e0 les utiliser pour optimiser son temps libre et se reposer. Voici quelques conseils pour ceux qui d\u00e9sirent profiter pleinement des jours f\u00e9ri\u00e9s :<\/p>\n\n\n\n<ul class=\"wp-block-list\">\n<li>Les jours inhabituels, comme le pont de l\u2019Ascension le premier jeudi du mois, sont l\u2019occasion de passer quatre jours en cong\u00e9 en posant le vendredi.<\/li>\n\n\n\n<li>En g\u00e9n\u00e9ral, les magasins et les \u00e9tablissements gouvernementaux sont ferm\u00e9s, pour cela, v\u00e9rifiez les heures d\u2019ouverture. Pr\u00e9parez-vous en fonction afin d&rsquo;\u00e9viter toute incommodit\u00e9.<\/li>\n\n\n\n<li>Les d\u00e9parts de trains, les bus et autres moyens de transport ont des horaires r\u00e9duits ; donc, assurez-vous de planifier vos voyages pour ne pas \u00eatre surpris.<\/li>\n\n\n\n<li>Les jours f\u00e9ri\u00e9s de bases sont l\u2019occasion parfaite de visiter un autre canton ; ainsi, si vous avez la f\u00eate, mais que ce n\u2019est pas un jour f\u00e9ri\u00e9 dans votre canton, cela signifie que vous pouvez explorer les cantons.<\/li>\n<\/ul>\n\n\n\n<h2 class=\"wp-block-heading\">Les distinctions entre les jours f\u00e9ri\u00e9s et les vacances scolaires<\/h2>\n\n\n\n<p>En outre, il convient de noter que les jours de vacances ne correspondent pas toujours aux jours de cong\u00e9 nationaux. Les cantons \u00e9tablissent le calendrier scolaire correspondant, dont les dates varient consid\u00e9rablement en fonction de votre destination. Par cons\u00e9quent, pour superposer vos vacances avec les vacances des enfants, utilisez le calendrier du canton o\u00f9 vos enfants fr\u00e9quentent.<\/p>\n\n\n\n<h2 class=\"wp-block-heading\">Les jours c\u00e9l\u00e9br\u00e9s et le statut des frontaliers<\/h2>\n\n\n\n<p>Enfin, le jour calendaire influence \u00e9galement les jours de repos des frontaliers en Suisse. Les frontaliers peuvent avoir des jours de repos en plus ou des jours particuliers en tant que r\u00e9sidents et travailleurs actifs en Suisse. En particulier, les jours f\u00e9ri\u00e9s :<\/p>\n\n\n\n<ul class=\"wp-block-list\">\n<li>Appliqu\u00e9s en Suisse se r\u00e9f\u00e8rent \u00e0 ceux du lieu de travail.<\/li>\n\n\n\n<li>L\u2019employeur actuel en Suisse ne comptera pas les jours f\u00e9ri\u00e9s locaux (en France, la majorit\u00e9 des frontaliers en Suisse travaillent, ils sont r\u00e9sidents).<\/li>\n<\/ul>\n\n\n\n<h2 class=\"wp-block-heading\">Conclusion : Organisez vos journ\u00e9es sp\u00e9ciales et savourez le meilleur de la Suisse<\/h2>\n\n\n\n<p>\u00c0 l\u2019aide d\u2019un calendrier unique et vari\u00e9, les f\u00eates en Suisse permettent aux habitants, aux expatri\u00e9s et aux visiteurs de d\u00e9couvrir la diversit\u00e9 culturelle de chaque canton. En \u00e9tudiant, en travaillant ou en voyageant en Suisse, il est toujours avantageux d\u2019organiser vos jours f\u00e9ri\u00e9s pour accro\u00eetre votre productivit\u00e9 et assister aux plus grands \u00e9v\u00e9nements suisses.<\/p>","protected":false},"excerpt":{"rendered":"<p>La Suisse se d\u00e9marque par ses jours f\u00e9ri\u00e9s atypiques. Contrairement \u00e0 d\u2019autres pays avec des jours de cong\u00e9 nationaux uniformes, les jours f\u00e9ri\u00e9s en Suisse sont souvent diff\u00e9rents pour des cantons voisins ou des sections du m\u00eame canton. Alors que cela peut sembler chaotique, cela apporte \u00e9galement des opportunit\u00e9s passionnantes pour les employ\u00e9s, les habitants [&hellip;]<\/p>\n","protected":false},"author":1,"featured_media":2187,"comment_status":"open","ping_status":"open","sticky":false,"template":"","format":"standard","meta":{"footnotes":""},"categories":[6],"tags":[],"class_list":["post-2186","post","type-post","status-publish","format-standard","has-post-thumbnail","hentry","category-general"],"yoast_head":"<!-- This site is optimized with the Yoast SEO plugin v27.5 - https:\/\/yoast.com\/product\/yoast-seo-wordpress\/ -->\n<title>Calendrier Jours F\u00e9ri\u00e9s en Suisse : Tout Ce que Vous Devez Savoir<\/title>\n<meta name=\"description\" content=\"D\u00e9couvrez les jours f\u00e9ri\u00e9s en Suisse par canton et conseils pour en profiter. Pr\u00e9parez-vous pour les prochaines c\u00e9l\u00e9brations.\" \/>\n<meta name=\"robots\" content=\"index, follow, max-snippet:-1, max-image-preview:large, max-video-preview:-1\" \/>\n<link rel=\"canonical\" href=\"https:\/\/conseillerfinanciergeneve.ch\/en\/calendrier-jours-feries-suisse-tout-savoir\/\" \/>\n<meta property=\"og:locale\" content=\"en_US\" \/>\n<meta property=\"og:type\" content=\"article\" \/>\n<meta property=\"og:title\" content=\"Calendrier Jours F\u00e9ri\u00e9s en Suisse : Tout Ce que Vous Devez Savoir\" \/>\n<meta property=\"og:description\" content=\"D\u00e9couvrez les jours f\u00e9ri\u00e9s en Suisse par canton et conseils pour en profiter. Pr\u00e9parez-vous pour les prochaines c\u00e9l\u00e9brations.\" \/>\n<meta property=\"og:url\" content=\"https:\/\/conseillerfinanciergeneve.ch\/en\/calendrier-jours-feries-suisse-tout-savoir\/\" \/>\n<meta property=\"og:site_name\" content=\"Conseiller financier Gen&egrave;ve\" \/>\n<meta property=\"article:published_time\" content=\"2024-12-03T10:00:00+00:00\" \/>\n<meta property=\"article:modified_time\" content=\"2025-02-11T23:38:50+00:00\" \/>\n<meta property=\"og:image\" content=\"https:\/\/conseillerfinanciergeneve.ch\/wp-content\/uploads\/2024\/11\/Calendrier-Jours-Feries-Suisse-Tout-Savoir-scaled.jpg\" \/>\n\t<meta property=\"og:image:width\" content=\"2048\" \/>\n\t<meta property=\"og:image:height\" content=\"2560\" \/>\n\t<meta property=\"og:image:type\" content=\"image\/jpeg\" \/>\n<meta name=\"author\" content=\"administrateur\" \/>\n<meta name=\"twitter:card\" content=\"summary_large_image\" \/>\n<meta name=\"twitter:label1\" content=\"Written by\" \/>\n\t<meta name=\"twitter:data1\" content=\"administrateur\" \/>\n\t<meta name=\"twitter:label2\" content=\"Est. reading time\" \/>\n\t<meta name=\"twitter:data2\" content=\"5 minutes\" \/>\n<script type=\"application\/ld+json\" class=\"yoast-schema-graph\">{\"@context\":\"https:\\\/\\\/schema.org\",\"@graph\":[{\"@type\":\"Article\",\"@id\":\"https:\\\/\\\/conseillerfinanciergeneve.ch\\\/calendrier-jours-feries-suisse-tout-savoir\\\/#article\",\"isPartOf\":{\"@id\":\"https:\\\/\\\/conseillerfinanciergeneve.ch\\\/calendrier-jours-feries-suisse-tout-savoir\\\/\"},\"author\":{\"name\":\"administrateur\",\"@id\":\"https:\\\/\\\/conseillerfinanciergeneve.ch\\\/#\\\/schema\\\/person\\\/fe24fe6787fe0cb362b7de00dd996498\"},\"headline\":\"Calendrier des Jours F\u00e9ri\u00e9s en Suisse : Tout Ce que Vous Devez Savoir\",\"datePublished\":\"2024-12-03T10:00:00+00:00\",\"dateModified\":\"2025-02-11T23:38:50+00:00\",\"mainEntityOfPage\":{\"@id\":\"https:\\\/\\\/conseillerfinanciergeneve.ch\\\/calendrier-jours-feries-suisse-tout-savoir\\\/\"},\"wordCount\":992,\"commentCount\":0,\"publisher\":{\"@id\":\"https:\\\/\\\/conseillerfinanciergeneve.ch\\\/#organization\"},\"image\":{\"@id\":\"https:\\\/\\\/conseillerfinanciergeneve.ch\\\/calendrier-jours-feries-suisse-tout-savoir\\\/#primaryimage\"},\"thumbnailUrl\":\"https:\\\/\\\/conseillerfinanciergeneve.ch\\\/wp-content\\\/uploads\\\/2024\\\/11\\\/Calendrier-Jours-Feries-Suisse-Tout-Savoir-scaled.jpg\",\"articleSection\":[\"Actualit\u00e9s\"],\"inLanguage\":\"en-US\",\"potentialAction\":[{\"@type\":\"CommentAction\",\"name\":\"Comment\",\"target\":[\"https:\\\/\\\/conseillerfinanciergeneve.ch\\\/calendrier-jours-feries-suisse-tout-savoir\\\/#respond\"]}]},{\"@type\":\"WebPage\",\"@id\":\"https:\\\/\\\/conseillerfinanciergeneve.ch\\\/calendrier-jours-feries-suisse-tout-savoir\\\/\",\"url\":\"https:\\\/\\\/conseillerfinanciergeneve.ch\\\/calendrier-jours-feries-suisse-tout-savoir\\\/\",\"name\":\"Calendrier Jours F\u00e9ri\u00e9s en Suisse : Tout Ce que Vous Devez Savoir\",\"isPartOf\":{\"@id\":\"https:\\\/\\\/conseillerfinanciergeneve.ch\\\/#website\"},\"primaryImageOfPage\":{\"@id\":\"https:\\\/\\\/conseillerfinanciergeneve.ch\\\/calendrier-jours-feries-suisse-tout-savoir\\\/#primaryimage\"},\"image\":{\"@id\":\"https:\\\/\\\/conseillerfinanciergeneve.ch\\\/calendrier-jours-feries-suisse-tout-savoir\\\/#primaryimage\"},\"thumbnailUrl\":\"https:\\\/\\\/conseillerfinanciergeneve.ch\\\/wp-content\\\/uploads\\\/2024\\\/11\\\/Calendrier-Jours-Feries-Suisse-Tout-Savoir-scaled.jpg\",\"datePublished\":\"2024-12-03T10:00:00+00:00\",\"dateModified\":\"2025-02-11T23:38:50+00:00\",\"description\":\"D\u00e9couvrez les jours f\u00e9ri\u00e9s en Suisse par canton et conseils pour en profiter. Pr\u00e9parez-vous pour les prochaines c\u00e9l\u00e9brations.\",\"breadcrumb\":{\"@id\":\"https:\\\/\\\/conseillerfinanciergeneve.ch\\\/calendrier-jours-feries-suisse-tout-savoir\\\/#breadcrumb\"},\"inLanguage\":\"en-US\",\"potentialAction\":[{\"@type\":\"ReadAction\",\"target\":[\"https:\\\/\\\/conseillerfinanciergeneve.ch\\\/calendrier-jours-feries-suisse-tout-savoir\\\/\"]}]},{\"@type\":\"ImageObject\",\"inLanguage\":\"en-US\",\"@id\":\"https:\\\/\\\/conseillerfinanciergeneve.ch\\\/calendrier-jours-feries-suisse-tout-savoir\\\/#primaryimage\",\"url\":\"https:\\\/\\\/conseillerfinanciergeneve.ch\\\/wp-content\\\/uploads\\\/2024\\\/11\\\/Calendrier-Jours-Feries-Suisse-Tout-Savoir-scaled.jpg\",\"contentUrl\":\"https:\\\/\\\/conseillerfinanciergeneve.ch\\\/wp-content\\\/uploads\\\/2024\\\/11\\\/Calendrier-Jours-Feries-Suisse-Tout-Savoir-scaled.jpg\",\"width\":2048,\"height\":2560},{\"@type\":\"BreadcrumbList\",\"@id\":\"https:\\\/\\\/conseillerfinanciergeneve.ch\\\/calendrier-jours-feries-suisse-tout-savoir\\\/#breadcrumb\",\"itemListElement\":[{\"@type\":\"ListItem\",\"position\":1,\"name\":\"Accueil\",\"item\":\"https:\\\/\\\/conseillerfinanciergeneve.ch\\\/\"},{\"@type\":\"ListItem\",\"position\":2,\"name\":\"Actualit\u00e9s\",\"item\":\"https:\\\/\\\/conseillerfinanciergeneve.ch\\\/general\\\/\"},{\"@type\":\"ListItem\",\"position\":3,\"name\":\"Calendrier des Jours F\u00e9ri\u00e9s en Suisse : Tout Ce que Vous Devez Savoir\"}]},{\"@type\":\"WebSite\",\"@id\":\"https:\\\/\\\/conseillerfinanciergeneve.ch\\\/#website\",\"url\":\"https:\\\/\\\/conseillerfinanciergeneve.ch\\\/\",\"name\":\"Conseiller financier Gen\u00e8ve\",\"description\":\"\",\"publisher\":{\"@id\":\"https:\\\/\\\/conseillerfinanciergeneve.ch\\\/#organization\"},\"potentialAction\":[{\"@type\":\"SearchAction\",\"target\":{\"@type\":\"EntryPoint\",\"urlTemplate\":\"https:\\\/\\\/conseillerfinanciergeneve.ch\\\/?s={search_term_string}\"},\"query-input\":{\"@type\":\"PropertyValueSpecification\",\"valueRequired\":true,\"valueName\":\"search_term_string\"}}],\"inLanguage\":\"en-US\"},{\"@type\":\"Organization\",\"@id\":\"https:\\\/\\\/conseillerfinanciergeneve.ch\\\/#organization\",\"name\":\"Conseiller financier Gen\u00e8ve\",\"url\":\"https:\\\/\\\/conseillerfinanciergeneve.ch\\\/\",\"logo\":{\"@type\":\"ImageObject\",\"inLanguage\":\"en-US\",\"@id\":\"https:\\\/\\\/conseillerfinanciergeneve.ch\\\/#\\\/schema\\\/logo\\\/image\\\/\",\"url\":\"https:\\\/\\\/conseillerfinanciergeneve.ch\\\/wp-content\\\/uploads\\\/2024\\\/11\\\/cropped-cropped-conseiller-financier-2-2.png\",\"contentUrl\":\"https:\\\/\\\/conseillerfinanciergeneve.ch\\\/wp-content\\\/uploads\\\/2024\\\/11\\\/cropped-cropped-conseiller-financier-2-2.png\",\"width\":499,\"height\":258,\"caption\":\"Conseiller financier Gen\u00e8ve\"},\"image\":{\"@id\":\"https:\\\/\\\/conseillerfinanciergeneve.ch\\\/#\\\/schema\\\/logo\\\/image\\\/\"}},{\"@type\":\"Person\",\"@id\":\"https:\\\/\\\/conseillerfinanciergeneve.ch\\\/#\\\/schema\\\/person\\\/fe24fe6787fe0cb362b7de00dd996498\",\"name\":\"administrateur\",\"image\":{\"@type\":\"ImageObject\",\"inLanguage\":\"en-US\",\"@id\":\"https:\\\/\\\/secure.gravatar.com\\\/avatar\\\/4a8b18800befc1a369b14c97823a8dcd4c383cddeeda04aa2c53e53058caa45e?s=96&d=mm&r=g\",\"url\":\"https:\\\/\\\/secure.gravatar.com\\\/avatar\\\/4a8b18800befc1a369b14c97823a8dcd4c383cddeeda04aa2c53e53058caa45e?s=96&d=mm&r=g\",\"contentUrl\":\"https:\\\/\\\/secure.gravatar.com\\\/avatar\\\/4a8b18800befc1a369b14c97823a8dcd4c383cddeeda04aa2c53e53058caa45e?s=96&d=mm&r=g\",\"caption\":\"administrateur\"},\"sameAs\":[\"https:\\\/\\\/conseillerfinanciergeneve.ch\"],\"url\":\"https:\\\/\\\/conseillerfinanciergeneve.ch\\\/en\\\/author\\\/admin\\\/\"}]}<\/script>\n<!-- \/ Yoast SEO plugin. -->","yoast_head_json":{"title":"Calendrier Jours F\u00e9ri\u00e9s en Suisse : Tout Ce que Vous Devez Savoir","description":"D\u00e9couvrez les jours f\u00e9ri\u00e9s en Suisse par canton et conseils pour en profiter. Pr\u00e9parez-vous pour les prochaines c\u00e9l\u00e9brations.","robots":{"index":"index","follow":"follow","max-snippet":"max-snippet:-1","max-image-preview":"max-image-preview:large","max-video-preview":"max-video-preview:-1"},"canonical":"https:\/\/conseillerfinanciergeneve.ch\/en\/calendrier-jours-feries-suisse-tout-savoir\/","og_locale":"en_US","og_type":"article","og_title":"Calendrier Jours F\u00e9ri\u00e9s en Suisse : Tout Ce que Vous Devez Savoir","og_description":"D\u00e9couvrez les jours f\u00e9ri\u00e9s en Suisse par canton et conseils pour en profiter. Pr\u00e9parez-vous pour les prochaines c\u00e9l\u00e9brations.","og_url":"https:\/\/conseillerfinanciergeneve.ch\/en\/calendrier-jours-feries-suisse-tout-savoir\/","og_site_name":"Conseiller financier Gen&egrave;ve","article_published_time":"2024-12-03T10:00:00+00:00","article_modified_time":"2025-02-11T23:38:50+00:00","og_image":[{"width":2048,"height":2560,"url":"https:\/\/conseillerfinanciergeneve.ch\/wp-content\/uploads\/2024\/11\/Calendrier-Jours-Feries-Suisse-Tout-Savoir-scaled.jpg","type":"image\/jpeg"}],"author":"administrateur","twitter_card":"summary_large_image","twitter_misc":{"Written by":"administrateur","Est. reading time":"5 minutes"},"schema":{"@context":"https:\/\/schema.org","@graph":[{"@type":"Article","@id":"https:\/\/conseillerfinanciergeneve.ch\/calendrier-jours-feries-suisse-tout-savoir\/#article","isPartOf":{"@id":"https:\/\/conseillerfinanciergeneve.ch\/calendrier-jours-feries-suisse-tout-savoir\/"},"author":{"name":"administrateur","@id":"https:\/\/conseillerfinanciergeneve.ch\/#\/schema\/person\/fe24fe6787fe0cb362b7de00dd996498"},"headline":"Calendrier des Jours F\u00e9ri\u00e9s en Suisse : Tout Ce que Vous Devez Savoir","datePublished":"2024-12-03T10:00:00+00:00","dateModified":"2025-02-11T23:38:50+00:00","mainEntityOfPage":{"@id":"https:\/\/conseillerfinanciergeneve.ch\/calendrier-jours-feries-suisse-tout-savoir\/"},"wordCount":992,"commentCount":0,"publisher":{"@id":"https:\/\/conseillerfinanciergeneve.ch\/#organization"},"image":{"@id":"https:\/\/conseillerfinanciergeneve.ch\/calendrier-jours-feries-suisse-tout-savoir\/#primaryimage"},"thumbnailUrl":"https:\/\/conseillerfinanciergeneve.ch\/wp-content\/uploads\/2024\/11\/Calendrier-Jours-Feries-Suisse-Tout-Savoir-scaled.jpg","articleSection":["Actualit\u00e9s"],"inLanguage":"en-US","potentialAction":[{"@type":"CommentAction","name":"Comment","target":["https:\/\/conseillerfinanciergeneve.ch\/calendrier-jours-feries-suisse-tout-savoir\/#respond"]}]},{"@type":"WebPage","@id":"https:\/\/conseillerfinanciergeneve.ch\/calendrier-jours-feries-suisse-tout-savoir\/","url":"https:\/\/conseillerfinanciergeneve.ch\/calendrier-jours-feries-suisse-tout-savoir\/","name":"Calendrier Jours F\u00e9ri\u00e9s en Suisse : Tout Ce que Vous Devez Savoir","isPartOf":{"@id":"https:\/\/conseillerfinanciergeneve.ch\/#website"},"primaryImageOfPage":{"@id":"https:\/\/conseillerfinanciergeneve.ch\/calendrier-jours-feries-suisse-tout-savoir\/#primaryimage"},"image":{"@id":"https:\/\/conseillerfinanciergeneve.ch\/calendrier-jours-feries-suisse-tout-savoir\/#primaryimage"},"thumbnailUrl":"https:\/\/conseillerfinanciergeneve.ch\/wp-content\/uploads\/2024\/11\/Calendrier-Jours-Feries-Suisse-Tout-Savoir-scaled.jpg","datePublished":"2024-12-03T10:00:00+00:00","dateModified":"2025-02-11T23:38:50+00:00","description":"D\u00e9couvrez les jours f\u00e9ri\u00e9s en Suisse par canton et conseils pour en profiter. Pr\u00e9parez-vous pour les prochaines c\u00e9l\u00e9brations.","breadcrumb":{"@id":"https:\/\/conseillerfinanciergeneve.ch\/calendrier-jours-feries-suisse-tout-savoir\/#breadcrumb"},"inLanguage":"en-US","potentialAction":[{"@type":"ReadAction","target":["https:\/\/conseillerfinanciergeneve.ch\/calendrier-jours-feries-suisse-tout-savoir\/"]}]},{"@type":"ImageObject","inLanguage":"en-US","@id":"https:\/\/conseillerfinanciergeneve.ch\/calendrier-jours-feries-suisse-tout-savoir\/#primaryimage","url":"https:\/\/conseillerfinanciergeneve.ch\/wp-content\/uploads\/2024\/11\/Calendrier-Jours-Feries-Suisse-Tout-Savoir-scaled.jpg","contentUrl":"https:\/\/conseillerfinanciergeneve.ch\/wp-content\/uploads\/2024\/11\/Calendrier-Jours-Feries-Suisse-Tout-Savoir-scaled.jpg","width":2048,"height":2560},{"@type":"BreadcrumbList","@id":"https:\/\/conseillerfinanciergeneve.ch\/calendrier-jours-feries-suisse-tout-savoir\/#breadcrumb","itemListElement":[{"@type":"ListItem","position":1,"name":"Accueil","item":"https:\/\/conseillerfinanciergeneve.ch\/"},{"@type":"ListItem","position":2,"name":"Actualit\u00e9s","item":"https:\/\/conseillerfinanciergeneve.ch\/general\/"},{"@type":"ListItem","position":3,"name":"Calendrier des Jours F\u00e9ri\u00e9s en Suisse : Tout Ce que Vous Devez Savoir"}]},{"@type":"WebSite","@id":"https:\/\/conseillerfinanciergeneve.ch\/#website","url":"https:\/\/conseillerfinanciergeneve.ch\/","name":"Financial advisor Geneva","description":"","publisher":{"@id":"https:\/\/conseillerfinanciergeneve.ch\/#organization"},"potentialAction":[{"@type":"SearchAction","target":{"@type":"EntryPoint","urlTemplate":"https:\/\/conseillerfinanciergeneve.ch\/?s={search_term_string}"},"query-input":{"@type":"PropertyValueSpecification","valueRequired":true,"valueName":"search_term_string"}}],"inLanguage":"en-US"},{"@type":"Organization","@id":"https:\/\/conseillerfinanciergeneve.ch\/#organization","name":"Financial advisor Geneva","url":"https:\/\/conseillerfinanciergeneve.ch\/","logo":{"@type":"ImageObject","inLanguage":"en-US","@id":"https:\/\/conseillerfinanciergeneve.ch\/#\/schema\/logo\/image\/","url":"https:\/\/conseillerfinanciergeneve.ch\/wp-content\/uploads\/2024\/11\/cropped-cropped-conseiller-financier-2-2.png","contentUrl":"https:\/\/conseillerfinanciergeneve.ch\/wp-content\/uploads\/2024\/11\/cropped-cropped-conseiller-financier-2-2.png","width":499,"height":258,"caption":"Conseiller financier Gen\u00e8ve"},"image":{"@id":"https:\/\/conseillerfinanciergeneve.ch\/#\/schema\/logo\/image\/"}},{"@type":"Person","@id":"https:\/\/conseillerfinanciergeneve.ch\/#\/schema\/person\/fe24fe6787fe0cb362b7de00dd996498","name":"administrateur","image":{"@type":"ImageObject","inLanguage":"en-US","@id":"https:\/\/secure.gravatar.com\/avatar\/4a8b18800befc1a369b14c97823a8dcd4c383cddeeda04aa2c53e53058caa45e?s=96&d=mm&r=g","url":"https:\/\/secure.gravatar.com\/avatar\/4a8b18800befc1a369b14c97823a8dcd4c383cddeeda04aa2c53e53058caa45e?s=96&d=mm&r=g","contentUrl":"https:\/\/secure.gravatar.com\/avatar\/4a8b18800befc1a369b14c97823a8dcd4c383cddeeda04aa2c53e53058caa45e?s=96&d=mm&r=g","caption":"administrateur"},"sameAs":["https:\/\/conseillerfinanciergeneve.ch"],"url":"https:\/\/conseillerfinanciergeneve.ch\/en\/author\/admin\/"}]}},"_links":{"self":[{"href":"https:\/\/conseillerfinanciergeneve.ch\/en\/wp-json\/wp\/v2\/posts\/2186","targetHints":{"allow":["GET"]}}],"collection":[{"href":"https:\/\/conseillerfinanciergeneve.ch\/en\/wp-json\/wp\/v2\/posts"}],"about":[{"href":"https:\/\/conseillerfinanciergeneve.ch\/en\/wp-json\/wp\/v2\/types\/post"}],"author":[{"embeddable":true,"href":"https:\/\/conseillerfinanciergeneve.ch\/en\/wp-json\/wp\/v2\/users\/1"}],"replies":[{"embeddable":true,"href":"https:\/\/conseillerfinanciergeneve.ch\/en\/wp-json\/wp\/v2\/comments?post=2186"}],"version-history":[{"count":2,"href":"https:\/\/conseillerfinanciergeneve.ch\/en\/wp-json\/wp\/v2\/posts\/2186\/revisions"}],"predecessor-version":[{"id":2913,"href":"https:\/\/conseillerfinanciergeneve.ch\/en\/wp-json\/wp\/v2\/posts\/2186\/revisions\/2913"}],"wp:featuredmedia":[{"embeddable":true,"href":"https:\/\/conseillerfinanciergeneve.ch\/en\/wp-json\/wp\/v2\/media\/2187"}],"wp:attachment":[{"href":"https:\/\/conseillerfinanciergeneve.ch\/en\/wp-json\/wp\/v2\/media?parent=2186"}],"wp:term":[{"taxonomy":"category","embeddable":true,"href":"https:\/\/conseillerfinanciergeneve.ch\/en\/wp-json\/wp\/v2\/categories?post=2186"},{"taxonomy":"post_tag","embeddable":true,"href":"https:\/\/conseillerfinanciergeneve.ch\/en\/wp-json\/wp\/v2\/tags?post=2186"}],"curies":[{"name":"wp","href":"https:\/\/api.w.org\/{rel}","templated":true}]}}