{"id":4105,"date":"2025-05-26T09:09:20","date_gmt":"2025-05-26T07:09:20","guid":{"rendered":"https:\/\/conseillerfinanciergeneve.ch\/?p=4105"},"modified":"2025-05-02T13:11:06","modified_gmt":"2025-05-02T11:11:06","slug":"retraite-travail-suisse-piliers","status":"publish","type":"post","link":"https:\/\/conseillerfinanciergeneve.ch\/en\/retraite-travail-suisse-piliers\/","title":{"rendered":"Optimiser sa retraite suisse : pour les frontaliers"},"content":{"rendered":"<p>Travailler en Suisse soul\u00e8ve de nombreuses questions sur sa future retraite : comment calculer ses droits entre les syst\u00e8mes fran\u00e7ais et suisse ? \u00c0 quel \u00e2ge vraiment partir avec la r\u00e9forme AVS21 ? Cet article d\u00e9crypte pour vous le syst\u00e8me de retraite suisse en <strong>trois piliers, sp\u00e9cificit\u00e9s frontaliers, optimiser<\/strong> vos rentes AVS. Vous y trouverez des cl\u00e9s concr\u00e8tes sur le calcul des pensions, les pi\u00e8ges \u00e0 \u00e9viter et les d\u00e9marches administratives transfrontali\u00e8res.<\/p>\n<h2>Sommaire<\/h2>\n<ol>\n<li><a href=\"#les-bases-du-systeme-de-retraite-suisse\">Les bases du syst\u00e8me de retraite suisse<\/a><\/li>\n<li><a href=\"#specificites-pour-les-frontaliers\">Sp\u00e9cificit\u00e9s pour les frontaliers<\/a><\/li>\n<li><a href=\"#optimiser-sa-retraite-transfrontaliere\">Optimiser sa retraite transfrontali\u00e8re<\/a><\/li>\n<li><a href=\"#demarches-administratives-pratiques\">D\u00e9marches administratives pratiques<\/a><\/li>\n<li><a href=\"#ressources-et-accompagnement\">Ressources et accompagnement<\/a><\/li>\n<\/ol>\n<h2 id=\"les-bases-du-systeme-de-retraite-suisse\">Les bases du syst\u00e8me de retraite suisse<\/h2>\n<h3>Les trois piliers de la pr\u00e9voyance helv\u00e9tique<\/h3>\n<p>Le syst\u00e8me de retraite suisse repose sur une <strong>structure tripartite unique<\/strong>, con\u00e7ue pour garantir une protection sociale compl\u00e8te. Le premier pilier (AVS) constitue la base universelle obligatoire, financ\u00e9e par r\u00e9partition. Le deuxi\u00e8me pilier (LPP) s&rsquo;appuie sur une logique professionnelle et capitalisante, tandis que le troisi\u00e8me pilier offre une \u00e9pargne individuelle facultative.<\/p>\n<p>L&rsquo;AVS couvre les besoins vitaux avec des cotisations salariales et patronales. La <a href=\"https:\/\/conseillerfinanciergeneve.ch\/en\/guide-complet-2e-pilier-suisse\/\">LPP pr\u00e9sente des m\u00e9canismes sophistiqu\u00e9s<\/a> li\u00e9s aux caisses de pension professionnelles. Quant au pilier 3, il permet de combiner flexibilit\u00e9 et avantages fiscaux. Ces trois niveaux se compl\u00e8tent pour fournir <strong>environ 60% du dernier salaire<\/strong>, avec des variations selon la carri\u00e8re.<\/p>\n<h3>\u00c2ge l\u00e9gal et r\u00e9forme AVS21<\/h3>\n<div style=\"overflow: auto; max-width: 100%;\">\n<table>\n<caption>Comparatif des \u00e2ges de d\u00e9part en 2024<\/caption>\n<thead>\n<tr>\n<th>Crit\u00e8re<\/th>\n<th>Swiss<\/th>\n<th>France<\/th>\n<\/tr>\n<\/thead>\n<tbody>\n<tr>\n<td>\u00c2ge r\u00e9f\u00e9rence hommes<\/td>\n<td>65 ans<\/td>\n<td>64 ans<\/td>\n<\/tr>\n<tr>\n<td>\u00c2ge r\u00e9f\u00e9rence femmes<\/td>\n<td>64-65 ans<\/td>\n<td>64 ans<\/td>\n<\/tr>\n<tr>\n<td>Anticipation possible<\/td>\n<td>2 ans max<\/td>\n<td>4 ans max<\/td>\n<\/tr>\n<\/tbody>\n<\/table>\n<\/div>\n<p>La r\u00e9forme AVS21 harmonise progressivement l&rsquo;\u00e2ge des femmes \u00e0 65 ans d&rsquo;ici 2028. Cette adaptation permet de maintenir l&rsquo;\u00e9quilibre financier du syst\u00e8me tout en <strong>offrant une flexibilit\u00e9 accrue<\/strong>. Les frontaliers doivent particuli\u00e8rement veiller \u00e0 l&rsquo;articulation entre les r\u00e9gimes fran\u00e7ais et suisse lors de leur planification.<\/p>\n<h3>Calcul des rentes AVS<\/h3>\n<div style=\"overflow: auto; max-width: 100%;\">\n<table>\n<caption>Param\u00e8tres cl\u00e9s du calcul 2024<\/caption>\n<thead>\n<tr>\n<th>\u00c9l\u00e9ment<\/th>\n<th>Valeur<\/th>\n<th>Impact<\/th>\n<\/tr>\n<\/thead>\n<tbody>\n<tr>\n<td>Revenu annuel maximal<\/td>\n<td>88 200 CHF<\/td>\n<td>Base de calcul<\/td>\n<\/tr>\n<tr>\n<td>Dur\u00e9e cotisation compl\u00e8te<\/td>\n<td>44 ans<\/td>\n<td>Condition maximale<\/td>\n<\/tr>\n<tr>\n<td>Majoration 2025<\/td>\n<td>+2.9%<\/td>\n<td>Indexation inflation<\/td>\n<\/tr>\n<\/tbody>\n<\/table>\n<\/div>\n<p>Le montant de la rente d\u00e9pend du revenu moyen et de la dur\u00e9e d&rsquo;assurance. Une carri\u00e8re incompl\u00e8te entra\u00eene une r\u00e9duction proportionnelle. Pour une estimation pr\u00e9cise, <a href=\"https:\/\/conseillerfinanciergeneve.ch\/en\/calcul-rente-avs-lpp\/\"><strong>notre simulateur interactif<\/strong><\/a> permet de visualiser diff\u00e9rents sc\u00e9narios en fonction de vos param\u00e8tres individuels.<\/p>\n<h2 id=\"specificites-pour-les-frontaliers\">Sp\u00e9cificit\u00e9s pour les frontaliers<\/h2>\n<h3>Coordination franco-suisse<\/h3>\n<p>La convention bilat\u00e9rale permet de <strong>cumuler les p\u00e9riodes travaill\u00e9es<\/strong> dans les deux pays pour valider ses droits. Cette totalisation \u00e9vite les pertes de trimestres mais n\u00e9cessite une gestion rigoureuse des dossiers administratifs. Les <a href=\"https:\/\/conseillerfinanciergeneve.ch\/en\/avs-frontalier-suisse\/\">particularit\u00e9s de l&rsquo;AVS pour frontaliers<\/a> impliquent souvent des \u00e9changes entre caisses nationales.<\/p>\n<ul>\n<li><strong>Contacter simultan\u00e9ment les caisses<\/strong> de retraite fran\u00e7aise (CARSAT) et suisse (AVS)<\/li>\n<li><strong>Attestations de travail<\/strong> et bulletins de salaire traduits par un expert asserment\u00e9<\/li>\n<li><strong>Demander la totalisation des p\u00e9riodes<\/strong> via le formulaire europ\u00e9en E202<\/li>\n<li><strong>V\u00e9rifier la conversion<\/strong> des ann\u00e9es suisses en trimestres \u00e9quivalents fran\u00e7ais<\/li>\n<li><strong>D\u00e9poser le dossier complet<\/strong> 18 mois avant la date pr\u00e9vue de d\u00e9part \u00e0 la retraite<\/li>\n<\/ul>\n<h3>Retraite anticip\u00e9e et cumul emploi-retraite<\/h3>\n<p>Les frontaliers peuvent demander une retraite anticip\u00e9e d\u00e8s 63 ans (hommes) ou 62 ans (femmes), sous r\u00e9serve d&rsquo;une <strong>r\u00e9duction permanente de la rente AVS<\/strong>. Cette d\u00e9cision impacte \u00e9galement le versement du 2e pilier, dont le capital peut \u00eatre soumis \u00e0 des p\u00e9nalit\u00e9s de liquidation anticip\u00e9e.<\/p>\n<p>Le cumul d&rsquo;une pension suisse avec une activit\u00e9 en France suit des r\u00e8gles strictes : <strong>les revenus d&#8217;emploi ne doivent pas d\u00e9passer 1 794 \u20ac mensuels<\/strong> (2024) sous peine de suspension partielle des droits. Une d\u00e9claration fiscale dans les deux pays reste obligatoire, avec application du cr\u00e9dit d&rsquo;imp\u00f4t pour \u00e9viter la double imposition.<\/p>\n<h3>Options de versement des caisses de pension<\/h3>\n<div style=\"overflow: auto; max-width: 100%;\">\n<table>\n<caption>Choix strat\u00e9giques pour le 2e pilier<\/caption>\n<thead>\n<tr>\n<th>Option<\/th>\n<th>Avantage<\/th>\n<th>Risque<\/th>\n<\/tr>\n<\/thead>\n<tbody>\n<tr>\n<td>Capital unique<\/td>\n<td>Libert\u00e9 d&rsquo;investissement<\/td>\n<td>Gestion personnelle requise<\/td>\n<\/tr>\n<tr>\n<td>Rente viag\u00e8re<\/td>\n<td>Stabilit\u00e9 des revenus<\/td>\n<td>Non-indexation sur inflation<\/td>\n<\/tr>\n<tr>\n<td>Mixte (50\/50)<\/td>\n<td>\u00c9quilibre s\u00e9curit\u00e9\/flexibilit\u00e9<\/td>\n<td>Difficult\u00e9 fiscale<\/td>\n<\/tr>\n<\/tbody>\n<\/table>\n<\/div>\n<p>Le choix entre capital et rente d\u00e9pend de votre situation patrimoniale et de votre capacit\u00e9 \u00e0 g\u00e9rer un portefeuille. Une <a href=\"https:\/\/conseillerfinanciergeneve.ch\/en\/prendre-rendez-vous\/\">analyse personnalis\u00e9e<\/a> s&rsquo;impose pour <strong>optimiser la fiscalit\u00e9 transfrontali\u00e8re<\/strong>, particuli\u00e8rement sur les plus-values et les successions.<\/p>\n<h2 id=\"optimiser-sa-retraite-transfrontaliere\">Optimiser sa retraite transfrontali\u00e8re<\/h2>\n<h3>Strat\u00e9gies de compensation inter-piliers<\/h3>\n<p>Le pilier 3a s&rsquo;av\u00e8re important pour combler les \u00e9carts entre rentes l\u00e9gales et besoins r\u00e9els. Avec un plafond de d\u00e9duction fiscale \u00e0 7 258 CHF en 2024, il permet de <strong>constituer un capital et r\u00e9duire l&rsquo;imposition<\/strong> actuelle. Un exemple concret : une rente AVS de 2 000 CHF combin\u00e9e \u00e0 un versement mensuel de 500 CHF du 3e pilier cr\u00e9e un flux r\u00e9gulier tout en pr\u00e9servant le capital investi.<\/p>\n<div style=\"overflow: auto; max-width: 100%;\">\n<table>\n<caption>Optimisation du 3e pilier<\/caption>\n<thead>\n<tr>\n<th>Option<\/th>\n<th>3a (li\u00e9)<\/th>\n<th>3b (libre)<\/th>\n<\/tr>\n<\/thead>\n<tbody>\n<tr>\n<td>Avantage fiscal<\/td>\n<td>D\u00e9ductible<\/td>\n<td>Non d\u00e9ductible<\/td>\n<\/tr>\n<tr>\n<td>Retrait<\/td>\n<td>Conditions strictes<\/td>\n<td>Libre<\/td>\n<\/tr>\n<tr>\n<td>Plafond annuel<\/td>\n<td>7 258 CHF<\/td>\n<td>Illimit\u00e9<\/td>\n<\/tr>\n<\/tbody>\n<\/table>\n<\/div>\n<p>Cette strat\u00e9gie n\u00e9cessite une vision \u00e0 long terme. Le <a href=\"https:\/\/conseillerfinanciergeneve.ch\/en\/3e-pilier-prevoyance-suisse\/\"><strong>choix entre pilier 3a et 3b<\/strong><\/a> d\u00e9pend notamment de votre situation fiscale et de vos objectifs patrimoniaux.<\/p>\n<h3>Pi\u00e8ges \u00e0 \u00e9viter pour les binationaux<\/h3>\n<ul>\n<li><strong>N\u00e9gliger les d\u00e9clarations fiscales<\/strong> crois\u00e9es France-Suisse<\/li>\n<li><strong>Oublier de valider les trimestres suisses<\/strong> aupr\u00e8s de la CARSAT<\/li>\n<li><strong>Sous-estimer les d\u00e9lais<\/strong> de traitement administratif<\/li>\n<li><strong>Confondre rente AVS et capital LPP<\/strong> dans les projections<\/li>\n<li><strong>Omettre de mettre \u00e0 jour son contrat<\/strong> 3e pilier apr\u00e8s d\u00e9m\u00e9nagement<\/li>\n<li><strong>N\u00e9gliger l&rsquo;impact du change<\/strong> CHF\/EUR sur les rentes<\/li>\n<li><strong>Oublier de d\u00e9clarer<\/strong> les petits jobs \u00e9tudiants en Suisse<\/li>\n<\/ul>\n<p>Une erreur de d\u00e9claration peut entra\u00eener des redressements fiscaux dans les deux pays. Les administrations appliquent des <strong>p\u00e9nalit\u00e9s pouvant atteindre 10%<\/strong> du montant d\u00fb, avec int\u00e9r\u00eats de retard. Un suivi pluriannuel permet de corriger \u00e0 temps les \u00e9ventuelles anomalies.<\/p>\n<h3>Outils de simulation officiels<\/h3>\n<p>Le simulateur ESCAL fournit une <strong>estimation indicative de la rente AVS<\/strong> en int\u00e9grant carri\u00e8res incompl\u00e8tes et bonifications. Disponible en ligne, il n\u00e9cessite cependant une pr\u00e9paration minutieuse : relev\u00e9s de carri\u00e8re, bulletins de salaire, et attestations de s\u00e9jour.<\/p>\n<p>Attention : ces outils ne tiennent pas compte des sp\u00e9cificit\u00e9s transfrontali\u00e8res ni des r\u00e9centes r\u00e9formes. Une <strong>analyse personnalis\u00e9e reste indispensable<\/strong>, surtout pour les carri\u00e8res mixtes. Notre <a href=\"https:\/\/conseillerfinanciergeneve.ch\/en\/retraite-suisse-experience\/\">guide op\u00e9rationnel sur 5 ans<\/a> compl\u00e8te utilement ces simulations en int\u00e9grant les param\u00e8tres franco-suisses.<\/p>\n<h2 id=\"demarches-administratives-pratiques\">D\u00e9marches administratives pratiques<\/h2>\n<h3>Calendrier id\u00e9al de pr\u00e9paration<\/h3>\n<p>Une planification sur 5 ans avant le d\u00e9part \u00e0 la retraite permet d&rsquo;anticiper les d\u00e9lais administratifs transfrontaliers. Cette p\u00e9riode cruciale permet de <strong>v\u00e9rifier ses droits acquis<\/strong>, de combiner les r\u00e9gimes et de rectifier d&rsquo;\u00e9ventuelles erreurs de cotisation.<\/p>\n<div style=\"overflow: auto; max-width: 100%;\">\n<table>\n<caption>Checklist des documents par \u00e9tape<\/caption>\n<thead>\n<tr>\n<th>\u00c9ch\u00e9ance<\/th>\n<th>Action cl\u00e9<\/th>\n<th>D\u00e9lai moyen<\/th>\n<\/tr>\n<\/thead>\n<tbody>\n<tr>\n<td>5 ans avant<\/td>\n<td>Demande extrait AVS complet<\/td>\n<td>3 months<\/td>\n<\/tr>\n<tr>\n<td>3 ans avant<\/td>\n<td>Traduction documents suisses<\/td>\n<td>2 mois<\/td>\n<\/tr>\n<tr>\n<td>18 mois avant<\/td>\n<td>D\u00e9p\u00f4t dossier CARSAT<\/td>\n<td>6 mois<\/td>\n<\/tr>\n<\/tbody>\n<\/table>\n<\/div>\n<h3>Gestion des documents transfrontaliers<\/h3>\n<p>Les justificatifs suisses n\u00e9cessitent une traduction <strong>asserment\u00e9e<\/strong> par des organismes habilit\u00e9s comme l&rsquo;ASTJ ou OffiTrad Lausanne. Cette formalit\u00e9 s&rsquo;applique aux bulletins de salaire, contrats de travail et attestations de cotisation.<\/p>\n<p>En cas de dossier incomplet, le Groupement Transfrontalier Europ\u00e9en propose une <strong>proc\u00e9dure acc\u00e9l\u00e9r\u00e9e<\/strong> moyennant des frais suppl\u00e9mentaires (environ 150-300 CHF). Cette solution permet de respecter les d\u00e9lais critiques pour les d\u00e9parts programm\u00e9s.<\/p>\n<h3>Suivi post-retraite<\/h3>\n<div style=\"overflow: auto; max-width: 100%;\">\n<table>\n<caption>Obligations annuelles des pensionn\u00e9s<\/caption>\n<thead>\n<tr>\n<th>Document<\/th>\n<th>\u00c9ch\u00e9ance<\/th>\n<th>Sanction<\/th>\n<\/tr>\n<\/thead>\n<tbody>\n<tr>\n<td>D\u00e9claration revenus France<\/td>\n<td>Mai<\/td>\n<td>10% majoration<\/td>\n<\/tr>\n<tr>\n<td>Avis imposition Suisse<\/td>\n<td>Mars<\/td>\n<td>Blocage versements<\/td>\n<\/tr>\n<\/tbody>\n<\/table>\n<\/div>\n<p>Les pensions suisses b\u00e9n\u00e9ficient d&rsquo;une revalorisation annuelle index\u00e9e sur 50% de l&rsquo;inflation + 50% de la croissance salariale. Ce m\u00e9canisme prot\u00e8ge partiellement le pouvoir d&rsquo;achat, avec <strong>une augmentation de 2.9%<\/strong> pr\u00e9vue pour 2025 selon les derni\u00e8res estimations.<\/p>\n<h2 id=\"ressources-et-accompagnement\">Ressources et accompagnement<\/h2>\n<h3>Guides officiels bilingues<\/h3>\n<p>Les caisses de compensation publient r\u00e9guli\u00e8rement des mises \u00e0 jour r\u00e9glementaires accessibles via leurs portails en ligne. Ces documents bilingues (fran\u00e7ais\/allemand) clarifient les derni\u00e8res \u00e9volutions l\u00e9gislatives concernant les travailleurs frontaliers. <strong>Une veille trimestrielle s&rsquo;impose<\/strong> pour anticiper les changements impactant vos droits.<\/p>\n<ul>\n<li><strong>Portail GTE<\/strong> &#8211; Suivi des dossiers transfrontaliers<\/li>\n<li><strong>Espace frontalier<\/strong> CARSAT Nord-Est<\/li>\n<li><strong>Calculateur LPP<\/strong> de la Conf\u00e9d\u00e9ration<\/li>\n<li><strong>Base de donn\u00e9es juridique<\/strong> LexFindER<\/li>\n<li><strong>Guides pratiques<\/strong> de l&rsquo;Office f\u00e9d\u00e9ral des assurances sociales<\/li>\n<\/ul>\n<h3>B\u00e9n\u00e9ficier d&rsquo;un audit personnalis\u00e9<\/h3>\n<p>Un audit crois\u00e9 France-Suisse analyse simultan\u00e9ment vos droits dans les deux syst\u00e8mes. Cette analyse <strong>identifie les points d&rsquo;optimisation<\/strong> comme le choix optimal entre rente et capital, ou la strat\u00e9gie de liquidation fiscale la plus avantageuse.<\/p>\n<p>Exemple concret : un audit r\u00e9cent a permis \u00e0 un couple frontalier d&rsquo;augmenter son <strong>revenu retraite de 18%<\/strong> en r\u00e9visant l&rsquo;articulation entre pilier 2 suisse et PER fran\u00e7ais. Le choix d&rsquo;un versement \u00e9chelonn\u00e9 du capital LPP combin\u00e9 \u00e0 une rente AVS diff\u00e9r\u00e9e a fait toute la diff\u00e9rence.<\/p>\n<h3>Webinaires th\u00e9matiques mensuels<\/h3>\n<p>Des sessions interactives d\u00e9cryptent chaque mois un aspect technique des retraites transfrontali\u00e8res. Les prochaines \u00e9ditions aborderont la fiscalit\u00e9 des rentes internationales (15\/11) et les nouvelles r\u00e8gles de conversion des trimestres (06\/12).<\/p>\n<p><strong>Inscription gratuite<\/strong> sur notre plateforme, avec envoi des supports 48h avant chaque session. Aucun pr\u00e9requis technique n&rsquo;est n\u00e9cessaire &#8211; ces webinaires s&rsquo;adressent \u00e0 tous les publics concern\u00e9s par une carri\u00e8re franco-suisse.<\/p>\n<ul>\n<li>\u00ab\u00a0Gr\u00e2ce aux conseils re\u00e7us, j&rsquo;ai pu <strong>r\u00e9cup\u00e9rer 4 trimestres manquants<\/strong>\u00a0\u00bb &#8211; Pierre, 61 ans<\/li>\n<li>\u00ab\u00a0Les simulations personnalis\u00e9es m&rsquo;ont <strong>\u00e9vit\u00e9 une erreur de d\u00e9claration co\u00fbteuse<\/strong>\u00a0\u00bb &#8211; Sophie, 58 ans<\/li>\n<li>\u00ab\u00a0<strong>Une approche claire<\/strong> qui d\u00e9mystifie les aspects techniques\u00a0\u00bb &#8211; Groupe d&rsquo;adh\u00e9rents GTE<\/li>\n<\/ul>\n<p>Ma\u00eetriser les trois piliers de la retraite suisse (AVS, LPP, pr\u00e9voyance priv\u00e9e) et les sp\u00e9cificit\u00e9s transfrontali\u00e8res constitue la cl\u00e9 pour optimiser vos droits. En planifiant d\u00e8s maintenant l\u2019articulation entre rentes suisses et fran\u00e7aises, vous s\u00e9curisez un revenu p\u00e9renne post-carri\u00e8re. Une <strong>retraite sereine en Suisse s\u2019anticipe<\/strong> aujourd\u2019hui par des choix \u00e9clair\u00e9s.<\/p>\n<h2>FAQ<\/h2>\n<h3>Comment r\u00e9cup\u00e9rer les trimestres travaill\u00e9s en Suisse ?<\/h3>\n<p>Pour r\u00e9cup\u00e9rer vos <strong>trimestres travaill\u00e9s en Suisse<\/strong>, il est essentiel d&rsquo;introduire une <strong>demande de retraite<\/strong> aupr\u00e8s de la caisse de votre lieu de r\u00e9sidence, en pr\u00e9cisant votre activit\u00e9 en Suisse. N&rsquo;oubliez pas de vous procurer un <strong>document aupr\u00e8s de votre caisse AVS<\/strong> en Suisse pour v\u00e9rifier l&rsquo;enregistrement de vos ann\u00e9es d&rsquo;activit\u00e9, un \u00e9l\u00e9ment cl\u00e9 pour compl\u00e9ter votre demande de retraite fran\u00e7aise.<\/p>\n<p>The <strong>accords bilat\u00e9raux<\/strong> entre la France et la Suisse facilitent la coordination des syst\u00e8mes de retraite. Vos p\u00e9riodes travaill\u00e9es dans les deux pays servent de base de calcul pour vos pensions. En tant que frontalier, vous b\u00e9n\u00e9ficiez du <strong>principe de coordination<\/strong>, assurant que vous ne soyez pas d\u00e9savantag\u00e9 dans le calcul de votre retraite.<\/p>\n<h3>Combien d&rsquo;ann\u00e9es faut-il travailler en Suisse pour une pension ?<\/h3>\n<p>Pour avoir droit \u00e0 une <strong>rente de vieillesse en Suisse<\/strong>, vous devez avoir cotis\u00e9 \u00e0 l&rsquo;AVS\/AI et travaill\u00e9 en Suisse pendant au moins <strong>12 mois<\/strong>. Le syst\u00e8me suisse repose sur trois piliers, l&rsquo;AVS \u00e9tant obligatoire pour toute personne y habitant ou travaillant.<\/p>\n<p>Une <strong>rente AVS compl\u00e8te<\/strong> est vers\u00e9e aux personnes ayant cotis\u00e9 de mani\u00e8re continue depuis l&rsquo;\u00e2ge de 20 ans, mais au moins durant <strong>44 ans<\/strong>, et ayant touch\u00e9 un revenu annuel moyen. Si vous avez travaill\u00e9 \u00e0 la fois en France et en Suisse, chaque pays versera une pension proportionnelle au temps travaill\u00e9 sur son territoire.<\/p>\n<h3>Comment toucher sa retraite Suisse en France ?<\/h3>\n<p>Pour toucher votre <strong>retraite suisse en France<\/strong>, il est important de savoir que les frontaliers franco-suisses cotisent aux deux syst\u00e8mes de retraite et peuvent percevoir une <strong>pension de chaque pays<\/strong>. L&rsquo;\u00e2ge l\u00e9gal de la retraite en Suisse est de 65 ans pour les hommes et 64 ans pour les femmes, avec une r\u00e9forme en cours pour harmoniser cet \u00e2ge.<\/p>\n<p>La retraite suisse comprend trois piliers : l&rsquo;AVS, la LPP (obligatoire pour les salari\u00e9s) et la pr\u00e9voyance priv\u00e9e. Pour obtenir votre <strong>pension fran\u00e7aise<\/strong>, adressez-vous \u00e0 la caisse de retraite comp\u00e9tente, qui se chargera des d\u00e9marches pour la liquidation des pensions dans les autres pays. N&rsquo;oubliez pas de <strong>d\u00e9clarer votre retraite suisse en France<\/strong>.<\/p>\n<h3>Comment se calcule la retraite travail \u00e9tranger ?<\/h3>\n<p>Le calcul de la retraite pour une personne ayant travaill\u00e9 \u00e0 l&rsquo;\u00e9tranger, notamment en Suisse, d\u00e9pend de la <strong>coordination des syst\u00e8mes de retraite<\/strong> et des accords bilat\u00e9raux. Les p\u00e9riodes de travail \u00e0 l&rsquo;\u00e9tranger peuvent \u00eatre prises en compte, particuli\u00e8rement si vous avez travaill\u00e9 dans l&rsquo;UE, l&rsquo;EEE ou en Suisse.<\/p>\n<p>Lors du calcul de votre <strong>retraite fran\u00e7aise<\/strong>, les p\u00e9riodes d&rsquo;activit\u00e9 effectu\u00e9es dans un autre \u00c9tat seront prises en compte, impactant ainsi votre taux. Pour les frontaliers franco-suisses, la <strong>retraite en Suisse<\/strong> d\u00e9pend de la dur\u00e9e de cotisation et du revenu annuel moyen. Adressez votre demande \u00e0 la CARSAT de votre lieu de r\u00e9sidence pour faire valoir vos droits.<\/p>\n<h3>Quel est le montant minimum de la retraite en Suisse ?<\/h3>\n<p>The <strong>montant minimum de la retraite en Suisse<\/strong>, pour une carri\u00e8re compl\u00e8te, est d&rsquo;environ <strong>1 260 francs suisses par mois<\/strong>. Ce montant peut varier l\u00e9g\u00e8rement selon les sources et les ajustements annuels.<\/p>","protected":false},"excerpt":{"rendered":"<p>Travailler en Suisse soul\u00e8ve de nombreuses questions sur sa future retraite : comment calculer ses droits entre les syst\u00e8mes fran\u00e7ais et suisse ? \u00c0 quel \u00e2ge vraiment partir avec la r\u00e9forme AVS21 ? Cet article d\u00e9crypte pour vous le syst\u00e8me de retraite suisse en trois piliers, sp\u00e9cificit\u00e9s frontaliers, optimiser vos rentes AVS. Vous y trouverez [&hellip;]<\/p>\n","protected":false},"author":1,"featured_media":4199,"comment_status":"open","ping_status":"open","sticky":false,"template":"","format":"standard","meta":{"footnotes":""},"categories":[9],"tags":[],"class_list":["post-4105","post","type-post","status-publish","format-standard","has-post-thumbnail","hentry","category-investissements"],"yoast_head":"<!-- This site is optimized with the Yoast SEO plugin v27.5 - https:\/\/yoast.com\/product\/yoast-seo-wordpress\/ -->\n<title>Retraite travail suisse : 3 piliers pour optimiser 2025<\/title>\n<meta name=\"description\" content=\"Comprendre le syst\u00e8me de retraite suisse (AVS, LPP) et optimiser vos droits frontaliers. Calcul, d\u00e9marches et strat\u00e9gies pour une pension transfrontali\u00e8re.\" \/>\n<meta name=\"robots\" content=\"index, follow, max-snippet:-1, max-image-preview:large, max-video-preview:-1\" \/>\n<link rel=\"canonical\" href=\"https:\/\/conseillerfinanciergeneve.ch\/en\/retraite-travail-suisse-piliers\/\" \/>\n<meta property=\"og:locale\" content=\"en_US\" \/>\n<meta property=\"og:type\" content=\"article\" \/>\n<meta property=\"og:title\" content=\"Retraite travail suisse : 3 piliers pour optimiser 2025\" \/>\n<meta property=\"og:description\" content=\"Comprendre le syst\u00e8me de retraite suisse (AVS, LPP) et optimiser vos droits frontaliers. Calcul, d\u00e9marches et strat\u00e9gies pour une pension transfrontali\u00e8re.\" \/>\n<meta property=\"og:url\" content=\"https:\/\/conseillerfinanciergeneve.ch\/en\/retraite-travail-suisse-piliers\/\" \/>\n<meta property=\"og:site_name\" content=\"Conseiller financier Gen&egrave;ve\" \/>\n<meta property=\"article:published_time\" content=\"2025-05-26T07:09:20+00:00\" \/>\n<meta property=\"og:image\" content=\"https:\/\/conseillerfinanciergeneve.ch\/wp-content\/uploads\/2025\/05\/happy-woman-with-swiss-flag-background-scaled.webp\" \/>\n\t<meta property=\"og:image:width\" content=\"2560\" \/>\n\t<meta property=\"og:image:height\" content=\"1429\" \/>\n\t<meta property=\"og:image:type\" content=\"image\/webp\" \/>\n<meta name=\"author\" content=\"administrateur\" \/>\n<meta name=\"twitter:card\" content=\"summary_large_image\" \/>\n<meta name=\"twitter:label1\" content=\"Written by\" \/>\n\t<meta name=\"twitter:data1\" content=\"administrateur\" \/>\n\t<meta name=\"twitter:label2\" content=\"Est. reading time\" \/>\n\t<meta name=\"twitter:data2\" content=\"9 minutes\" \/>\n<script type=\"application\/ld+json\" class=\"yoast-schema-graph\">{\"@context\":\"https:\\\/\\\/schema.org\",\"@graph\":[{\"@type\":\"Article\",\"@id\":\"https:\\\/\\\/conseillerfinanciergeneve.ch\\\/retraite-travail-suisse-piliers\\\/#article\",\"isPartOf\":{\"@id\":\"https:\\\/\\\/conseillerfinanciergeneve.ch\\\/retraite-travail-suisse-piliers\\\/\"},\"author\":{\"name\":\"administrateur\",\"@id\":\"https:\\\/\\\/conseillerfinanciergeneve.ch\\\/#\\\/schema\\\/person\\\/fe24fe6787fe0cb362b7de00dd996498\"},\"headline\":\"Optimiser sa retraite suisse : pour les frontaliers\",\"datePublished\":\"2025-05-26T07:09:20+00:00\",\"mainEntityOfPage\":{\"@id\":\"https:\\\/\\\/conseillerfinanciergeneve.ch\\\/retraite-travail-suisse-piliers\\\/\"},\"wordCount\":2248,\"commentCount\":0,\"publisher\":{\"@id\":\"https:\\\/\\\/conseillerfinanciergeneve.ch\\\/#organization\"},\"image\":{\"@id\":\"https:\\\/\\\/conseillerfinanciergeneve.ch\\\/retraite-travail-suisse-piliers\\\/#primaryimage\"},\"thumbnailUrl\":\"https:\\\/\\\/conseillerfinanciergeneve.ch\\\/wp-content\\\/uploads\\\/2025\\\/05\\\/happy-woman-with-swiss-flag-background-scaled.webp\",\"articleSection\":[\"Investissements\"],\"inLanguage\":\"en-US\",\"potentialAction\":[{\"@type\":\"CommentAction\",\"name\":\"Comment\",\"target\":[\"https:\\\/\\\/conseillerfinanciergeneve.ch\\\/retraite-travail-suisse-piliers\\\/#respond\"]}]},{\"@type\":\"WebPage\",\"@id\":\"https:\\\/\\\/conseillerfinanciergeneve.ch\\\/retraite-travail-suisse-piliers\\\/\",\"url\":\"https:\\\/\\\/conseillerfinanciergeneve.ch\\\/retraite-travail-suisse-piliers\\\/\",\"name\":\"Retraite travail suisse : 3 piliers pour optimiser 2025\",\"isPartOf\":{\"@id\":\"https:\\\/\\\/conseillerfinanciergeneve.ch\\\/#website\"},\"primaryImageOfPage\":{\"@id\":\"https:\\\/\\\/conseillerfinanciergeneve.ch\\\/retraite-travail-suisse-piliers\\\/#primaryimage\"},\"image\":{\"@id\":\"https:\\\/\\\/conseillerfinanciergeneve.ch\\\/retraite-travail-suisse-piliers\\\/#primaryimage\"},\"thumbnailUrl\":\"https:\\\/\\\/conseillerfinanciergeneve.ch\\\/wp-content\\\/uploads\\\/2025\\\/05\\\/happy-woman-with-swiss-flag-background-scaled.webp\",\"datePublished\":\"2025-05-26T07:09:20+00:00\",\"description\":\"Comprendre le syst\u00e8me de retraite suisse (AVS, LPP) et optimiser vos droits frontaliers. Calcul, d\u00e9marches et strat\u00e9gies pour une pension transfrontali\u00e8re.\",\"breadcrumb\":{\"@id\":\"https:\\\/\\\/conseillerfinanciergeneve.ch\\\/retraite-travail-suisse-piliers\\\/#breadcrumb\"},\"inLanguage\":\"en-US\",\"potentialAction\":[{\"@type\":\"ReadAction\",\"target\":[\"https:\\\/\\\/conseillerfinanciergeneve.ch\\\/retraite-travail-suisse-piliers\\\/\"]}]},{\"@type\":\"ImageObject\",\"inLanguage\":\"en-US\",\"@id\":\"https:\\\/\\\/conseillerfinanciergeneve.ch\\\/retraite-travail-suisse-piliers\\\/#primaryimage\",\"url\":\"https:\\\/\\\/conseillerfinanciergeneve.ch\\\/wp-content\\\/uploads\\\/2025\\\/05\\\/happy-woman-with-swiss-flag-background-scaled.webp\",\"contentUrl\":\"https:\\\/\\\/conseillerfinanciergeneve.ch\\\/wp-content\\\/uploads\\\/2025\\\/05\\\/happy-woman-with-swiss-flag-background-scaled.webp\",\"width\":2560,\"height\":1429},{\"@type\":\"BreadcrumbList\",\"@id\":\"https:\\\/\\\/conseillerfinanciergeneve.ch\\\/retraite-travail-suisse-piliers\\\/#breadcrumb\",\"itemListElement\":[{\"@type\":\"ListItem\",\"position\":1,\"name\":\"Accueil\",\"item\":\"https:\\\/\\\/conseillerfinanciergeneve.ch\\\/\"},{\"@type\":\"ListItem\",\"position\":2,\"name\":\"Investissements\",\"item\":\"https:\\\/\\\/conseillerfinanciergeneve.ch\\\/investissements\\\/\"},{\"@type\":\"ListItem\",\"position\":3,\"name\":\"Optimiser sa retraite suisse : pour les frontaliers\"}]},{\"@type\":\"WebSite\",\"@id\":\"https:\\\/\\\/conseillerfinanciergeneve.ch\\\/#website\",\"url\":\"https:\\\/\\\/conseillerfinanciergeneve.ch\\\/\",\"name\":\"Conseiller financier Gen\u00e8ve\",\"description\":\"\",\"publisher\":{\"@id\":\"https:\\\/\\\/conseillerfinanciergeneve.ch\\\/#organization\"},\"potentialAction\":[{\"@type\":\"SearchAction\",\"target\":{\"@type\":\"EntryPoint\",\"urlTemplate\":\"https:\\\/\\\/conseillerfinanciergeneve.ch\\\/?s={search_term_string}\"},\"query-input\":{\"@type\":\"PropertyValueSpecification\",\"valueRequired\":true,\"valueName\":\"search_term_string\"}}],\"inLanguage\":\"en-US\"},{\"@type\":\"Organization\",\"@id\":\"https:\\\/\\\/conseillerfinanciergeneve.ch\\\/#organization\",\"name\":\"Conseiller financier Gen\u00e8ve\",\"url\":\"https:\\\/\\\/conseillerfinanciergeneve.ch\\\/\",\"logo\":{\"@type\":\"ImageObject\",\"inLanguage\":\"en-US\",\"@id\":\"https:\\\/\\\/conseillerfinanciergeneve.ch\\\/#\\\/schema\\\/logo\\\/image\\\/\",\"url\":\"https:\\\/\\\/conseillerfinanciergeneve.ch\\\/wp-content\\\/uploads\\\/2024\\\/11\\\/cropped-cropped-conseiller-financier-2-2.png\",\"contentUrl\":\"https:\\\/\\\/conseillerfinanciergeneve.ch\\\/wp-content\\\/uploads\\\/2024\\\/11\\\/cropped-cropped-conseiller-financier-2-2.png\",\"width\":499,\"height\":258,\"caption\":\"Conseiller financier Gen\u00e8ve\"},\"image\":{\"@id\":\"https:\\\/\\\/conseillerfinanciergeneve.ch\\\/#\\\/schema\\\/logo\\\/image\\\/\"}},{\"@type\":\"Person\",\"@id\":\"https:\\\/\\\/conseillerfinanciergeneve.ch\\\/#\\\/schema\\\/person\\\/fe24fe6787fe0cb362b7de00dd996498\",\"name\":\"administrateur\",\"image\":{\"@type\":\"ImageObject\",\"inLanguage\":\"en-US\",\"@id\":\"https:\\\/\\\/secure.gravatar.com\\\/avatar\\\/4a8b18800befc1a369b14c97823a8dcd4c383cddeeda04aa2c53e53058caa45e?s=96&d=mm&r=g\",\"url\":\"https:\\\/\\\/secure.gravatar.com\\\/avatar\\\/4a8b18800befc1a369b14c97823a8dcd4c383cddeeda04aa2c53e53058caa45e?s=96&d=mm&r=g\",\"contentUrl\":\"https:\\\/\\\/secure.gravatar.com\\\/avatar\\\/4a8b18800befc1a369b14c97823a8dcd4c383cddeeda04aa2c53e53058caa45e?s=96&d=mm&r=g\",\"caption\":\"administrateur\"},\"sameAs\":[\"https:\\\/\\\/conseillerfinanciergeneve.ch\"],\"url\":\"https:\\\/\\\/conseillerfinanciergeneve.ch\\\/en\\\/author\\\/admin\\\/\"}]}<\/script>\n<!-- \/ Yoast SEO plugin. -->","yoast_head_json":{"title":"Retraite travail suisse : 3 piliers pour optimiser 2025","description":"Comprendre le syst\u00e8me de retraite suisse (AVS, LPP) et optimiser vos droits frontaliers. Calcul, d\u00e9marches et strat\u00e9gies pour une pension transfrontali\u00e8re.","robots":{"index":"index","follow":"follow","max-snippet":"max-snippet:-1","max-image-preview":"max-image-preview:large","max-video-preview":"max-video-preview:-1"},"canonical":"https:\/\/conseillerfinanciergeneve.ch\/en\/retraite-travail-suisse-piliers\/","og_locale":"en_US","og_type":"article","og_title":"Retraite travail suisse : 3 piliers pour optimiser 2025","og_description":"Comprendre le syst\u00e8me de retraite suisse (AVS, LPP) et optimiser vos droits frontaliers. Calcul, d\u00e9marches et strat\u00e9gies pour une pension transfrontali\u00e8re.","og_url":"https:\/\/conseillerfinanciergeneve.ch\/en\/retraite-travail-suisse-piliers\/","og_site_name":"Conseiller financier Gen&egrave;ve","article_published_time":"2025-05-26T07:09:20+00:00","og_image":[{"width":2560,"height":1429,"url":"https:\/\/conseillerfinanciergeneve.ch\/wp-content\/uploads\/2025\/05\/happy-woman-with-swiss-flag-background-scaled.webp","type":"image\/webp"}],"author":"administrateur","twitter_card":"summary_large_image","twitter_misc":{"Written by":"administrateur","Est. reading time":"9 minutes"},"schema":{"@context":"https:\/\/schema.org","@graph":[{"@type":"Article","@id":"https:\/\/conseillerfinanciergeneve.ch\/retraite-travail-suisse-piliers\/#article","isPartOf":{"@id":"https:\/\/conseillerfinanciergeneve.ch\/retraite-travail-suisse-piliers\/"},"author":{"name":"administrateur","@id":"https:\/\/conseillerfinanciergeneve.ch\/#\/schema\/person\/fe24fe6787fe0cb362b7de00dd996498"},"headline":"Optimiser sa retraite suisse : pour les frontaliers","datePublished":"2025-05-26T07:09:20+00:00","mainEntityOfPage":{"@id":"https:\/\/conseillerfinanciergeneve.ch\/retraite-travail-suisse-piliers\/"},"wordCount":2248,"commentCount":0,"publisher":{"@id":"https:\/\/conseillerfinanciergeneve.ch\/#organization"},"image":{"@id":"https:\/\/conseillerfinanciergeneve.ch\/retraite-travail-suisse-piliers\/#primaryimage"},"thumbnailUrl":"https:\/\/conseillerfinanciergeneve.ch\/wp-content\/uploads\/2025\/05\/happy-woman-with-swiss-flag-background-scaled.webp","articleSection":["Investissements"],"inLanguage":"en-US","potentialAction":[{"@type":"CommentAction","name":"Comment","target":["https:\/\/conseillerfinanciergeneve.ch\/retraite-travail-suisse-piliers\/#respond"]}]},{"@type":"WebPage","@id":"https:\/\/conseillerfinanciergeneve.ch\/retraite-travail-suisse-piliers\/","url":"https:\/\/conseillerfinanciergeneve.ch\/retraite-travail-suisse-piliers\/","name":"Retraite travail suisse : 3 piliers pour optimiser 2025","isPartOf":{"@id":"https:\/\/conseillerfinanciergeneve.ch\/#website"},"primaryImageOfPage":{"@id":"https:\/\/conseillerfinanciergeneve.ch\/retraite-travail-suisse-piliers\/#primaryimage"},"image":{"@id":"https:\/\/conseillerfinanciergeneve.ch\/retraite-travail-suisse-piliers\/#primaryimage"},"thumbnailUrl":"https:\/\/conseillerfinanciergeneve.ch\/wp-content\/uploads\/2025\/05\/happy-woman-with-swiss-flag-background-scaled.webp","datePublished":"2025-05-26T07:09:20+00:00","description":"Comprendre le syst\u00e8me de retraite suisse (AVS, LPP) et optimiser vos droits frontaliers. Calcul, d\u00e9marches et strat\u00e9gies pour une pension transfrontali\u00e8re.","breadcrumb":{"@id":"https:\/\/conseillerfinanciergeneve.ch\/retraite-travail-suisse-piliers\/#breadcrumb"},"inLanguage":"en-US","potentialAction":[{"@type":"ReadAction","target":["https:\/\/conseillerfinanciergeneve.ch\/retraite-travail-suisse-piliers\/"]}]},{"@type":"ImageObject","inLanguage":"en-US","@id":"https:\/\/conseillerfinanciergeneve.ch\/retraite-travail-suisse-piliers\/#primaryimage","url":"https:\/\/conseillerfinanciergeneve.ch\/wp-content\/uploads\/2025\/05\/happy-woman-with-swiss-flag-background-scaled.webp","contentUrl":"https:\/\/conseillerfinanciergeneve.ch\/wp-content\/uploads\/2025\/05\/happy-woman-with-swiss-flag-background-scaled.webp","width":2560,"height":1429},{"@type":"BreadcrumbList","@id":"https:\/\/conseillerfinanciergeneve.ch\/retraite-travail-suisse-piliers\/#breadcrumb","itemListElement":[{"@type":"ListItem","position":1,"name":"Accueil","item":"https:\/\/conseillerfinanciergeneve.ch\/"},{"@type":"ListItem","position":2,"name":"Investissements","item":"https:\/\/conseillerfinanciergeneve.ch\/investissements\/"},{"@type":"ListItem","position":3,"name":"Optimiser sa retraite suisse : pour les frontaliers"}]},{"@type":"WebSite","@id":"https:\/\/conseillerfinanciergeneve.ch\/#website","url":"https:\/\/conseillerfinanciergeneve.ch\/","name":"Financial advisor Geneva","description":"","publisher":{"@id":"https:\/\/conseillerfinanciergeneve.ch\/#organization"},"potentialAction":[{"@type":"SearchAction","target":{"@type":"EntryPoint","urlTemplate":"https:\/\/conseillerfinanciergeneve.ch\/?s={search_term_string}"},"query-input":{"@type":"PropertyValueSpecification","valueRequired":true,"valueName":"search_term_string"}}],"inLanguage":"en-US"},{"@type":"Organization","@id":"https:\/\/conseillerfinanciergeneve.ch\/#organization","name":"Financial advisor Geneva","url":"https:\/\/conseillerfinanciergeneve.ch\/","logo":{"@type":"ImageObject","inLanguage":"en-US","@id":"https:\/\/conseillerfinanciergeneve.ch\/#\/schema\/logo\/image\/","url":"https:\/\/conseillerfinanciergeneve.ch\/wp-content\/uploads\/2024\/11\/cropped-cropped-conseiller-financier-2-2.png","contentUrl":"https:\/\/conseillerfinanciergeneve.ch\/wp-content\/uploads\/2024\/11\/cropped-cropped-conseiller-financier-2-2.png","width":499,"height":258,"caption":"Conseiller financier Gen\u00e8ve"},"image":{"@id":"https:\/\/conseillerfinanciergeneve.ch\/#\/schema\/logo\/image\/"}},{"@type":"Person","@id":"https:\/\/conseillerfinanciergeneve.ch\/#\/schema\/person\/fe24fe6787fe0cb362b7de00dd996498","name":"administrateur","image":{"@type":"ImageObject","inLanguage":"en-US","@id":"https:\/\/secure.gravatar.com\/avatar\/4a8b18800befc1a369b14c97823a8dcd4c383cddeeda04aa2c53e53058caa45e?s=96&d=mm&r=g","url":"https:\/\/secure.gravatar.com\/avatar\/4a8b18800befc1a369b14c97823a8dcd4c383cddeeda04aa2c53e53058caa45e?s=96&d=mm&r=g","contentUrl":"https:\/\/secure.gravatar.com\/avatar\/4a8b18800befc1a369b14c97823a8dcd4c383cddeeda04aa2c53e53058caa45e?s=96&d=mm&r=g","caption":"administrateur"},"sameAs":["https:\/\/conseillerfinanciergeneve.ch"],"url":"https:\/\/conseillerfinanciergeneve.ch\/en\/author\/admin\/"}]}},"_links":{"self":[{"href":"https:\/\/conseillerfinanciergeneve.ch\/en\/wp-json\/wp\/v2\/posts\/4105","targetHints":{"allow":["GET"]}}],"collection":[{"href":"https:\/\/conseillerfinanciergeneve.ch\/en\/wp-json\/wp\/v2\/posts"}],"about":[{"href":"https:\/\/conseillerfinanciergeneve.ch\/en\/wp-json\/wp\/v2\/types\/post"}],"author":[{"embeddable":true,"href":"https:\/\/conseillerfinanciergeneve.ch\/en\/wp-json\/wp\/v2\/users\/1"}],"replies":[{"embeddable":true,"href":"https:\/\/conseillerfinanciergeneve.ch\/en\/wp-json\/wp\/v2\/comments?post=4105"}],"version-history":[{"count":2,"href":"https:\/\/conseillerfinanciergeneve.ch\/en\/wp-json\/wp\/v2\/posts\/4105\/revisions"}],"predecessor-version":[{"id":4200,"href":"https:\/\/conseillerfinanciergeneve.ch\/en\/wp-json\/wp\/v2\/posts\/4105\/revisions\/4200"}],"wp:featuredmedia":[{"embeddable":true,"href":"https:\/\/conseillerfinanciergeneve.ch\/en\/wp-json\/wp\/v2\/media\/4199"}],"wp:attachment":[{"href":"https:\/\/conseillerfinanciergeneve.ch\/en\/wp-json\/wp\/v2\/media?parent=4105"}],"wp:term":[{"taxonomy":"category","embeddable":true,"href":"https:\/\/conseillerfinanciergeneve.ch\/en\/wp-json\/wp\/v2\/categories?post=4105"},{"taxonomy":"post_tag","embeddable":true,"href":"https:\/\/conseillerfinanciergeneve.ch\/en\/wp-json\/wp\/v2\/tags?post=4105"}],"curies":[{"name":"wp","href":"https:\/\/api.w.org\/{rel}","templated":true}]}}