{"id":4117,"date":"2025-06-12T09:12:10","date_gmt":"2025-06-12T07:12:10","guid":{"rendered":"https:\/\/conseillerfinanciergeneve.ch\/?p=4117"},"modified":"2025-05-05T23:24:32","modified_gmt":"2025-05-05T21:24:32","slug":"deblocage-1er-pilier-suisse","status":"publish","type":"post","link":"https:\/\/conseillerfinanciergeneve.ch\/en\/deblocage-1er-pilier-suisse\/","title":{"rendered":"D\u00e9blocage 1er pilier : cas rares et alternatives"},"content":{"rendered":"<p>Envie de mobiliser votre 1er pilier suisse avant l\u2019\u00e2ge l\u00e9gal de la retraite\u00a0? Contrairement aux id\u00e9es re\u00e7ues, le d\u00e9blocage anticip\u00e9 de l\u2019AVS rel\u00e8ve de l\u2019exception et s\u2019entoure de conditions strictes. Cet article d\u00e9crypte pour vous les <strong>rares cas d\u2019exception<\/strong> d\u00e9blocage autoris\u00e9s par la loi, les impacts irr\u00e9versibles sur vos rentes et les alternatives l\u00e9gales pour acc\u00e9der \u00e0 des liquidit\u00e9s. Vous saurez enfin comment agir en connaissance de cause, sans mettre en p\u00e9ril votre s\u00e9curit\u00e9 financi\u00e8re.<\/p>\n<h2>Sommaire<\/h2>\n<ol>\n<li><a href=\"#comprendre-le-premier-pilier-suisse\">Le premier pilier suisse : fondements et particularit\u00e9s<\/a><\/li>\n<li><a href=\"#impacts-et-considerations-pratiques\">Cons\u00e9quences d&rsquo;un retrait anticip\u00e9<\/a><\/li>\n<li><a href=\"#alternatives-et-optimisation\">Solutions alternatives et optimisation<\/a><\/li>\n<li><a href=\"#demarches-et-conseils-experts\">Proc\u00e9dures administratives et accompagnement<\/a><\/li>\n<\/ol>\n<h2 id=\"comprendre-le-premier-pilier-suisse\">Le premier pilier suisse : fondements et particularit\u00e9s<\/h2>\n<h3>Le r\u00f4le cl\u00e9 de l&rsquo;AVS dans le syst\u00e8me de pr\u00e9voyance<\/h3>\n<p>Le syst\u00e8me de pr\u00e9voyance suisse repose sur trois piliers compl\u00e9mentaires. L\u2019AVS, premier pilier obligatoire, <strong>assure la couverture des besoins vitaux<\/strong> en cas de retraite, d\u2019invalidit\u00e9 ou de d\u00e9c\u00e8s, contrairement aux piliers 2 et 3 ax\u00e9s sur le maintien du niveau de vie.<\/p>\n<div style=\"overflow: auto; max-width: 100%;\">\n<table>\n<caption>Comparatif des possibilit\u00e9s de retrait anticip\u00e9 entre les 3 piliers suisses<\/caption>\n<thead>\n<tr>\n<th>Pilier<\/th>\n<th>Conditions de retrait anticip\u00e9<\/th>\n<th>Flexibilit\u00e9 et particularit\u00e9s<\/th>\n<\/tr>\n<\/thead>\n<tbody>\n<tr>\n<td>1er pilier (AVS\/AI)<\/td>\n<td>Exception l\u00e9gale uniquement (invalidit\u00e9 totale\/d\u00e9c\u00e8s)<\/td>\n<td>Aucun acc\u00e8s au capital &#8211; versement exclusif en rente viag\u00e8re<\/td>\n<\/tr>\n<tr>\n<td>2e pilier (LPP)<\/td>\n<td>Achat r\u00e9sidence principale, d\u00e9part d\u00e9finitif de Suisse, activit\u00e9 ind\u00e9pendante<\/td>\n<td>Retrait partiel possible &#8211; R\u00e9duction actuarielle des prestations futures<\/td>\n<\/tr>\n<tr>\n<td>3e pilier 3a<\/td>\n<td>5 ans avant l&rsquo;\u00e2ge l\u00e9gal ou motifs sp\u00e9cifiques (propri\u00e9t\u00e9\/logement)<\/td>\n<td>D\u00e9ductibilit\u00e9 fiscale mais plafonnement des versements<\/td>\n<\/tr>\n<tr>\n<td>3e pilier 3b<\/td>\n<td>Aucune restriction temporelle<\/td>\n<td>Libre disposition du capital sans justification<\/td>\n<\/tr>\n<\/tbody>\n<\/table>\n<\/div>\n<p>Les trois assurances sociales obligatoires composant le 1er pilier <strong>forment un filet de s\u00e9curit\u00e9 vital<\/strong> :<\/p>\n<ul>\n<li><strong>AVS (Assurance-Vieillesse et Survivants)<\/strong> : Garantit des rentes de retraite et prot\u00e8ge les ayants droit en cas de d\u00e9c\u00e8s avec un syst\u00e8me de r\u00e9partition interg\u00e9n\u00e9rationnel<\/li>\n<li><strong>AI (Assurance-Invalidit\u00e9)<\/strong> : Couvre les risques d&rsquo;incapacit\u00e9 de travail via des mesures de r\u00e9adaptation et des rentes d&rsquo;invalidit\u00e9 permanentes<\/li>\n<li><strong>APG (Allocations pour Perte de Gain)<\/strong> : Compense la perte de revenu lors du service militaire, civil ou du cong\u00e9 maternit\u00e9 avec des prestations calcul\u00e9es sur 80% du salaire<\/li>\n<\/ul>\n<h3>Les conditions l\u00e9gales de d\u00e9blocage anticip\u00e9<\/h3>\n<p>Le d\u00e9blocage du 1er pilier rel\u00e8ve de situations exceptionnelles strictement encadr\u00e9es. Seuls les cas d&rsquo;<strong>invalidit\u00e9 totale ou de d\u00e9c\u00e8s<\/strong> ouvrent droit \u00e0 des versements anticip\u00e9s, sous forme de rentes sp\u00e9cifiques aux b\u00e9n\u00e9ficiaires \u00e9ligibles.<\/p>\n<p>La proc\u00e9dure exige un dossier m\u00e9dical certifi\u00e9 ou un acte de d\u00e9c\u00e8s, \u00e0 transmettre \u00e0 sa caisse cantonale de compensation. Un d\u00e9lai moyen de <strong>8 \u00e0 12 semaines<\/strong> est n\u00e9cessaire pour l&rsquo;instruction des demandes valid\u00e9es par l&rsquo;Office AI.<\/p>\n<p>Pour comprendre comment ces m\u00e9canismes s&rsquo;articulent avec les autres composantes de la retraite, consultez notre <strong>guide complet sur les trois piliers<\/strong>.<\/p>\n<h2 id=\"impacts-et-considerations-pratiques\">Cons\u00e9quences d&rsquo;un retrait anticip\u00e9<\/h2>\n<h3>R\u00e9duction d\u00e9finitive des prestations<\/h3>\n<p>Le retrait anticip\u00e9 entra\u00eene une <strong>d\u00e9cote irr\u00e9versible<\/strong> calcul\u00e9e sur l&rsquo;esp\u00e9rance de vie r\u00e9siduelle. Une anticipation d&rsquo;un an r\u00e9duit la rente AVS de 6,8%, avec un impact cumulatif pour chaque ann\u00e9e de perception anticip\u00e9e. Cette r\u00e9duction s&rsquo;applique \u00e0 vie, m\u00eame apr\u00e8s l&rsquo;\u00e2ge l\u00e9gal de la retraite.<\/p>\n<p>Prenons l&rsquo;exemple d&rsquo;une rente maximale AVS de 2520 CHF. Une anticipation de deux ans g\u00e9n\u00e9rerait une perte mensuelle de 343 CHF, soit un manque \u00e0 gagner de 24 780 CHF sur une retraite de 20 ans. <strong>Cette diminution affecte directement le pouvoir d&rsquo;achat<\/strong> des retrait\u00e9s.<\/p>\n<p>La baisse des revenus AVS amplifie le r\u00f4le compensatoire du 2e pilier. Une <strong>rente LPP insuffisante<\/strong> ne permettra pas de combler l&rsquo;\u00e9cart cr\u00e9\u00e9 par cette r\u00e9duction.<\/p>\n<h3>Consid\u00e9rations fiscales et successorales<\/h3>\n<p>Les rentes anticip\u00e9es subissent une imposition ordinaire, contrairement aux capitaux du 2e pilier tax\u00e9s \u00e0 taux r\u00e9duit. Ce <strong>diff\u00e9rentiel fiscal impactant significativement<\/strong> le revenu disponible.<\/p>\n<p>En cas de d\u00e9c\u00e8s post\u00e9rieur au retrait, le conjoint survivant <strong>per\u00e7oit 60% de la rente r\u00e9duite<\/strong>. Les orphelins mineurs b\u00e9n\u00e9ficient d&rsquo;une rente compl\u00e9mentaire plafonn\u00e9e \u00e0 40% du montant initial, sous r\u00e9serve de remplir les conditions d&rsquo;\u00e2ge et de formation.<\/p>\n<p>Les r\u00e9sidents \u00e0 l&rsquo;\u00e9tranger doivent v\u00e9rifier les conventions fiscales bilat\u00e9rales. Notre <a href=\"https:\/\/conseillerfinanciergeneve.ch\/en\/3e-pilier-prevoyance-suisse\/\"><strong>analyse du 3e pilier<\/strong><\/a> d\u00e9taille les options pour optimiser ces transferts internationaux.<\/p>\n<h2 id=\"alternatives-et-optimisation\">Solutions alternatives et optimisation<\/h2>\n<h3>Mobilisation du deuxi\u00e8me pilier<\/h3>\n<p>Le d\u00e9blocage partiel du 2e pilier devient <strong>accessible lors d\u2019un achat immobilier<\/strong> ou d\u2019un d\u00e9part d\u00e9finitif hors UE\/AELE, sous r\u00e9serve d\u2019accord conjoint des \u00e9poux.<\/p>\n<p>La demande conjointe n\u00e9cessite <strong>une coordination et transmission<\/strong> des justificatifs dans un d\u00e9lai moyen de trois semaines. Un certificat de libre passage est exig\u00e9 pour valider les avoirs transf\u00e9rables.<\/p>\n<p>Une r\u00e9partition des versements sur plusieurs ann\u00e9es fiscales permet de <strong>r\u00e9duire l\u2019imposition globale<\/strong>, avec un gain potentiel atteignant 30% selon la strat\u00e9gie adopt\u00e9e. Cette m\u00e9thode \u00e9vite la progressivit\u00e9 de l\u2019imp\u00f4t sur le revenu.<\/p>\n<h3>Utilisation du troisi\u00e8me pilier<\/h3>\n<p>Le 3e pilier 3a offre une <strong>d\u00e9ductibilit\u00e9 fiscale imm\u00e9diate<\/strong>, contrairement au 3b plus flexible mais sans avantage annuel.<\/p>\n<div style=\"overflow: auto; max-width: 100%;\">\n<table>\n<caption>Comparatif des piliers 3a et 3b en 2024<\/caption>\n<thead>\n<tr>\n<th>Crit\u00e8re<\/th>\n<th>3e pilier 3a<\/th>\n<th>3e pilier 3b<\/th>\n<\/tr>\n<\/thead>\n<tbody>\n<tr>\n<td>Plafond annuel<\/td>\n<td>7 258 CHF<\/td>\n<td>Illimit\u00e9<\/td>\n<\/tr>\n<tr>\n<td>D\u00e9ductibilit\u00e9 fiscale<\/td>\n<td>Oui<\/td>\n<td>Non<\/td>\n<\/tr>\n<tr>\n<td>Retrait anticip\u00e9<\/td>\n<td>Achat logement\/d\u00e9part Suisse<\/td>\n<td>Libre<\/td>\n<\/tr>\n<\/tbody>\n<\/table>\n<\/div>\n<p><strong>Un plan d\u2019\u00e9pargne efficace<\/strong> combine versements r\u00e9guliers en 3a et arbitrages strat\u00e9giques en 3b. L\u2019\u00e9talement des versements sur 5 ans avant la retraite maximise les avantages tout en pr\u00e9servant la liquidit\u00e9.<\/p>\n<h2 id=\"demarches-et-conseils-experts\">Proc\u00e9dures administratives et accompagnement<\/h2>\n<h3>Circuit de demande officielle<\/h3>\n<p>La proc\u00e9dure exceptionnelle d\u00e9bute par un dossier complet \u00e0 d\u00e9poser aupr\u00e8s de la caisse cantonale de compensation comp\u00e9tente. <strong>Les d\u00e9lais moyens varient de 2 \u00e0 5 mois<\/strong> selon la complexit\u00e9 du cas et le canton concern\u00e9.<\/p>\n<p>Le processus implique trois \u00e9tapes cl\u00e9s : v\u00e9rification initiale des pi\u00e8ces justificatives sous 15 jours, expertise m\u00e9dicale ou actuarielle pour les dossiers complexes, puis <strong>d\u00e9cision finale notifi\u00e9e<\/strong> par courrier recommand\u00e9. Les recours doivent \u00eatre formul\u00e9s dans les 30 jours suivant la notification.<\/p>\n<p><strong>Pi\u00e8ces exig\u00e9es<\/strong> : certificat m\u00e9dical officiel, avis d&rsquo;imposition, contrat de travail et attestation de situation familiale.<\/p>\n<h3>Erreurs fr\u00e9quentes \u00e0 \u00e9viter<\/h3>\n<p><strong>30% des rejets<\/strong> proviennent de dossiers incomplets ou de d\u00e9clarations erron\u00e9es sur les revenus. Une absence de tra\u00e7abilit\u00e9 des cotisations LPP repr\u00e9sente 45% des litiges selon l&rsquo;AS-SO.<\/p>\n<p>Les fausses d\u00e9clarations exposent \u00e0 des <strong>amendes et une exclusion<\/strong> temporaire des prestations sociales. Un contr\u00f4le r\u00e9troactif sur 5 ans s&rsquo;applique en cas de suspicion de fraude.<\/p>\n<p>Pour s\u00e9curiser vos d\u00e9marches, notre <strong>guide de r\u00e9cup\u00e9ration des avoirs LPP<\/strong> d\u00e9taille les bonnes pratiques \u00e0 adopter.<\/p>\n<h3>B\u00e9n\u00e9fices d&rsquo;un accompagnement professionnel<\/h3>\n<p>Une analyse multicrit\u00e8res int\u00e8gre l&rsquo;impact actuariel, les cons\u00e9quences successorales et les optimisations fiscales cantonales. Cette approche permet d&rsquo;<strong>identifier des gains moyens de 15 \u00e0 25%<\/strong> sur les prestations nettes.<\/p>\n<p><strong>L&rsquo;accompagnement r\u00e9duit de 70% les risques de rejet<\/strong> selon les statistiques de la CHS PP. La mise en relation s&rsquo;effectue via une demande \u00e9crite \u00e0 l&rsquo;autorit\u00e9 de surveillance comp\u00e9tente, avec r\u00e9ponse sous 10 jours ouvr\u00e9s.<\/p>\n<h3>Veille juridique et \u00e9volutions r\u00e9centes<\/h3>\n<p>La r\u00e9forme AVS 21 a introduit des <strong>modalit\u00e9s d&rsquo;anticipation partielle de rente<\/strong> d\u00e8s 2025, avec des taux de r\u00e9duction modul\u00e9s selon l&rsquo;ann\u00e9e de naissance. Les projections 2030 pr\u00e9voient un alignement progressif des conditions de d\u00e9blocage sur les standards europ\u00e9ens.<\/p>\n<p>Pour suivre les mises \u00e0 jour en temps r\u00e9el : consultez le portail officiel de l&rsquo;OFAS et les circulaires d&rsquo;information des caisses cantonales de compensation. <strong>Une alerte trimestrielle par email<\/strong> permet de rester inform\u00e9 des changements r\u00e9glementaires.<\/p>\n<p>Le d\u00e9blocage anticip\u00e9 du 1\u1d49\u02b3 pilier suisse reste exceptionnel, avec des cons\u00e9quences irr\u00e9versibles sur les rentes AVS. Privil\u00e9giez les alternatives l\u00e9gales du 2\u1d49 ou 3\u1d49 pilier pour liquidit\u00e9s imm\u00e9diates, tout en pr\u00e9servant votre s\u00e9curit\u00e9 financi\u00e8re. <strong>Anticipez votre strat\u00e9gie de pr\u00e9voyance<\/strong> pour aborder sereinement chaque \u00e9tape de vie.<\/p>\n<h2>FAQ<\/h2>\n<h3>Comment contester une d\u00e9cision de l&rsquo;Office AI ?<\/h3>\n<p>Pour contester une d\u00e9cision de l&rsquo;Office AI en Suisse, vous devez d&rsquo;abord consulter le dossier et faire opposition dans un d\u00e9lai de 30 jours si vous n&rsquo;\u00eates pas d&rsquo;accord avec la d\u00e9cision pr\u00e9vue. Si l&rsquo;opposition ne suffit pas, vous pouvez d\u00e9poser un <strong>recours \u00e9crit au Tribunal cantonal des assurances<\/strong> dans les 30 jours suivant la d\u00e9cision.<\/p>\n<p>Il est crucial de respecter les d\u00e9lais et de d\u00e9clarer rapidement tout changement influen\u00e7ant le droit \u00e0 la rente. Des <strong>services de conseil juridique<\/strong> peuvent vous assister dans cette d\u00e9marche si le d\u00e9lai n&rsquo;est pas expir\u00e9.<\/p>\n<h3>Quel est l&rsquo;impact du divorce sur le 1er pilier ?<\/h3>\n<p>En cas de divorce en Suisse, l&rsquo;impact sur le 1er pilier (AVS\/AI) se traduit principalement par le <strong>partage des revenus acquis durant le mariage<\/strong>, appel\u00e9 \u00ab\u00a0splitting\u00a0\u00bb. Cette proc\u00e9dure vise \u00e0 r\u00e9partir \u00e9quitablement les revenus r\u00e9alis\u00e9s par les conjoints pendant le mariage, assurant ainsi une base de calcul juste pour les droits \u00e0 la retraite de chacun.<\/p>\n<p>The <strong>splitting est pris en compte lors du calcul des rentes AVS\/AI<\/strong> des personnes divorc\u00e9es, en additionnant les revenus r\u00e9alis\u00e9s pendant les ann\u00e9es de mariage et en les divisant par moiti\u00e9. Il est important de d\u00e9poser une demande de partage des revenus avant le calcul de la rente AVS.<\/p>\n<h3>Comment le 1er pilier est-il financ\u00e9 exactement ?<\/h3>\n<p>Le 1er pilier, incluant l&rsquo;AVS, l&rsquo;AI et les prestations compl\u00e9mentaires, est financ\u00e9 principalement par un <strong>syst\u00e8me de r\u00e9partition<\/strong>. Les cotisations vers\u00e9es par les actifs sont directement utilis\u00e9es pour payer les rentes des retrait\u00e9s actuels.<\/p>\n<p>Le financement repose sur les <strong>cotisations des employeurs et des employ\u00e9s<\/strong>, les contributions de la Conf\u00e9d\u00e9ration et des cantons, ainsi que des r\u00e9formes fiscales. L&rsquo;AVS est obligatoire pour toutes les personnes domicili\u00e9es ou exer\u00e7ant une activit\u00e9 lucrative en Suisse.<\/p>","protected":false},"excerpt":{"rendered":"<p>Envie de mobiliser votre 1er pilier suisse avant l\u2019\u00e2ge l\u00e9gal de la retraite\u00a0? Contrairement aux id\u00e9es re\u00e7ues, le d\u00e9blocage anticip\u00e9 de l\u2019AVS rel\u00e8ve de l\u2019exception et s\u2019entoure de conditions strictes. Cet article d\u00e9crypte pour vous les rares cas d\u2019exception d\u00e9blocage autoris\u00e9s par la loi, les impacts irr\u00e9versibles sur vos rentes et les alternatives l\u00e9gales pour [&hellip;]<\/p>\n","protected":false},"author":1,"featured_media":4241,"comment_status":"open","ping_status":"open","sticky":false,"template":"","format":"standard","meta":{"footnotes":""},"categories":[9],"tags":[],"class_list":["post-4117","post","type-post","status-publish","format-standard","has-post-thumbnail","hentry","category-investissements"],"yoast_head":"<!-- This site is optimized with the Yoast SEO plugin v27.5 - https:\/\/yoast.com\/product\/yoast-seo-wordpress\/ -->\n<title>D\u00e9blocage 1er pilier suisse : 3 cas rares en 2025<\/title>\n<meta name=\"description\" content=\"D\u00e9blocage 1er pilier suisse : d\u00e9couvrez les conditions exceptionnelles et les impacts irr\u00e9versibles. Explorez des alternatives l\u00e9gales avec nos experts.\" \/>\n<meta name=\"robots\" content=\"index, follow, max-snippet:-1, max-image-preview:large, max-video-preview:-1\" \/>\n<link rel=\"canonical\" href=\"https:\/\/conseillerfinanciergeneve.ch\/en\/deblocage-1er-pilier-suisse\/\" \/>\n<meta property=\"og:locale\" content=\"en_US\" \/>\n<meta property=\"og:type\" content=\"article\" \/>\n<meta property=\"og:title\" content=\"D\u00e9blocage 1er pilier suisse : 3 cas rares en 2025\" \/>\n<meta property=\"og:description\" content=\"D\u00e9blocage 1er pilier suisse : d\u00e9couvrez les conditions exceptionnelles et les impacts irr\u00e9versibles. Explorez des alternatives l\u00e9gales avec nos experts.\" \/>\n<meta property=\"og:url\" content=\"https:\/\/conseillerfinanciergeneve.ch\/en\/deblocage-1er-pilier-suisse\/\" \/>\n<meta property=\"og:site_name\" content=\"Conseiller financier Gen&egrave;ve\" \/>\n<meta property=\"article:published_time\" content=\"2025-06-12T07:12:10+00:00\" \/>\n<meta property=\"og:image\" content=\"https:\/\/conseillerfinanciergeneve.ch\/wp-content\/uploads\/2025\/06\/hand-pushing-button-touch-screen-scaled.webp\" \/>\n\t<meta property=\"og:image:width\" content=\"2560\" \/>\n\t<meta property=\"og:image:height\" content=\"2044\" \/>\n\t<meta property=\"og:image:type\" content=\"image\/webp\" \/>\n<meta name=\"author\" content=\"administrateur\" \/>\n<meta name=\"twitter:card\" content=\"summary_large_image\" \/>\n<meta name=\"twitter:label1\" content=\"Written by\" \/>\n\t<meta name=\"twitter:data1\" content=\"administrateur\" \/>\n\t<meta name=\"twitter:label2\" content=\"Est. reading time\" \/>\n\t<meta name=\"twitter:data2\" content=\"7 minutes\" \/>\n<script type=\"application\/ld+json\" class=\"yoast-schema-graph\">{\"@context\":\"https:\\\/\\\/schema.org\",\"@graph\":[{\"@type\":\"Article\",\"@id\":\"https:\\\/\\\/conseillerfinanciergeneve.ch\\\/deblocage-1er-pilier-suisse\\\/#article\",\"isPartOf\":{\"@id\":\"https:\\\/\\\/conseillerfinanciergeneve.ch\\\/deblocage-1er-pilier-suisse\\\/\"},\"author\":{\"name\":\"administrateur\",\"@id\":\"https:\\\/\\\/conseillerfinanciergeneve.ch\\\/#\\\/schema\\\/person\\\/fe24fe6787fe0cb362b7de00dd996498\"},\"headline\":\"D\u00e9blocage 1er pilier : cas rares et alternatives\",\"datePublished\":\"2025-06-12T07:12:10+00:00\",\"mainEntityOfPage\":{\"@id\":\"https:\\\/\\\/conseillerfinanciergeneve.ch\\\/deblocage-1er-pilier-suisse\\\/\"},\"wordCount\":1730,\"commentCount\":0,\"publisher\":{\"@id\":\"https:\\\/\\\/conseillerfinanciergeneve.ch\\\/#organization\"},\"image\":{\"@id\":\"https:\\\/\\\/conseillerfinanciergeneve.ch\\\/deblocage-1er-pilier-suisse\\\/#primaryimage\"},\"thumbnailUrl\":\"https:\\\/\\\/conseillerfinanciergeneve.ch\\\/wp-content\\\/uploads\\\/2025\\\/06\\\/hand-pushing-button-touch-screen-scaled.webp\",\"articleSection\":[\"Investissements\"],\"inLanguage\":\"en-US\",\"potentialAction\":[{\"@type\":\"CommentAction\",\"name\":\"Comment\",\"target\":[\"https:\\\/\\\/conseillerfinanciergeneve.ch\\\/deblocage-1er-pilier-suisse\\\/#respond\"]}]},{\"@type\":\"WebPage\",\"@id\":\"https:\\\/\\\/conseillerfinanciergeneve.ch\\\/deblocage-1er-pilier-suisse\\\/\",\"url\":\"https:\\\/\\\/conseillerfinanciergeneve.ch\\\/deblocage-1er-pilier-suisse\\\/\",\"name\":\"D\u00e9blocage 1er pilier suisse : 3 cas rares en 2025\",\"isPartOf\":{\"@id\":\"https:\\\/\\\/conseillerfinanciergeneve.ch\\\/#website\"},\"primaryImageOfPage\":{\"@id\":\"https:\\\/\\\/conseillerfinanciergeneve.ch\\\/deblocage-1er-pilier-suisse\\\/#primaryimage\"},\"image\":{\"@id\":\"https:\\\/\\\/conseillerfinanciergeneve.ch\\\/deblocage-1er-pilier-suisse\\\/#primaryimage\"},\"thumbnailUrl\":\"https:\\\/\\\/conseillerfinanciergeneve.ch\\\/wp-content\\\/uploads\\\/2025\\\/06\\\/hand-pushing-button-touch-screen-scaled.webp\",\"datePublished\":\"2025-06-12T07:12:10+00:00\",\"description\":\"D\u00e9blocage 1er pilier suisse : d\u00e9couvrez les conditions exceptionnelles et les impacts irr\u00e9versibles. Explorez des alternatives l\u00e9gales avec nos experts.\",\"breadcrumb\":{\"@id\":\"https:\\\/\\\/conseillerfinanciergeneve.ch\\\/deblocage-1er-pilier-suisse\\\/#breadcrumb\"},\"inLanguage\":\"en-US\",\"potentialAction\":[{\"@type\":\"ReadAction\",\"target\":[\"https:\\\/\\\/conseillerfinanciergeneve.ch\\\/deblocage-1er-pilier-suisse\\\/\"]}]},{\"@type\":\"ImageObject\",\"inLanguage\":\"en-US\",\"@id\":\"https:\\\/\\\/conseillerfinanciergeneve.ch\\\/deblocage-1er-pilier-suisse\\\/#primaryimage\",\"url\":\"https:\\\/\\\/conseillerfinanciergeneve.ch\\\/wp-content\\\/uploads\\\/2025\\\/06\\\/hand-pushing-button-touch-screen-scaled.webp\",\"contentUrl\":\"https:\\\/\\\/conseillerfinanciergeneve.ch\\\/wp-content\\\/uploads\\\/2025\\\/06\\\/hand-pushing-button-touch-screen-scaled.webp\",\"width\":2560,\"height\":2044},{\"@type\":\"BreadcrumbList\",\"@id\":\"https:\\\/\\\/conseillerfinanciergeneve.ch\\\/deblocage-1er-pilier-suisse\\\/#breadcrumb\",\"itemListElement\":[{\"@type\":\"ListItem\",\"position\":1,\"name\":\"Accueil\",\"item\":\"https:\\\/\\\/conseillerfinanciergeneve.ch\\\/\"},{\"@type\":\"ListItem\",\"position\":2,\"name\":\"Investissements\",\"item\":\"https:\\\/\\\/conseillerfinanciergeneve.ch\\\/investissements\\\/\"},{\"@type\":\"ListItem\",\"position\":3,\"name\":\"D\u00e9blocage 1er pilier : cas rares et alternatives\"}]},{\"@type\":\"WebSite\",\"@id\":\"https:\\\/\\\/conseillerfinanciergeneve.ch\\\/#website\",\"url\":\"https:\\\/\\\/conseillerfinanciergeneve.ch\\\/\",\"name\":\"Conseiller financier Gen\u00e8ve\",\"description\":\"\",\"publisher\":{\"@id\":\"https:\\\/\\\/conseillerfinanciergeneve.ch\\\/#organization\"},\"potentialAction\":[{\"@type\":\"SearchAction\",\"target\":{\"@type\":\"EntryPoint\",\"urlTemplate\":\"https:\\\/\\\/conseillerfinanciergeneve.ch\\\/?s={search_term_string}\"},\"query-input\":{\"@type\":\"PropertyValueSpecification\",\"valueRequired\":true,\"valueName\":\"search_term_string\"}}],\"inLanguage\":\"en-US\"},{\"@type\":\"Organization\",\"@id\":\"https:\\\/\\\/conseillerfinanciergeneve.ch\\\/#organization\",\"name\":\"Conseiller financier Gen\u00e8ve\",\"url\":\"https:\\\/\\\/conseillerfinanciergeneve.ch\\\/\",\"logo\":{\"@type\":\"ImageObject\",\"inLanguage\":\"en-US\",\"@id\":\"https:\\\/\\\/conseillerfinanciergeneve.ch\\\/#\\\/schema\\\/logo\\\/image\\\/\",\"url\":\"https:\\\/\\\/conseillerfinanciergeneve.ch\\\/wp-content\\\/uploads\\\/2024\\\/11\\\/cropped-cropped-conseiller-financier-2-2.png\",\"contentUrl\":\"https:\\\/\\\/conseillerfinanciergeneve.ch\\\/wp-content\\\/uploads\\\/2024\\\/11\\\/cropped-cropped-conseiller-financier-2-2.png\",\"width\":499,\"height\":258,\"caption\":\"Conseiller financier Gen\u00e8ve\"},\"image\":{\"@id\":\"https:\\\/\\\/conseillerfinanciergeneve.ch\\\/#\\\/schema\\\/logo\\\/image\\\/\"}},{\"@type\":\"Person\",\"@id\":\"https:\\\/\\\/conseillerfinanciergeneve.ch\\\/#\\\/schema\\\/person\\\/fe24fe6787fe0cb362b7de00dd996498\",\"name\":\"administrateur\",\"image\":{\"@type\":\"ImageObject\",\"inLanguage\":\"en-US\",\"@id\":\"https:\\\/\\\/secure.gravatar.com\\\/avatar\\\/4a8b18800befc1a369b14c97823a8dcd4c383cddeeda04aa2c53e53058caa45e?s=96&d=mm&r=g\",\"url\":\"https:\\\/\\\/secure.gravatar.com\\\/avatar\\\/4a8b18800befc1a369b14c97823a8dcd4c383cddeeda04aa2c53e53058caa45e?s=96&d=mm&r=g\",\"contentUrl\":\"https:\\\/\\\/secure.gravatar.com\\\/avatar\\\/4a8b18800befc1a369b14c97823a8dcd4c383cddeeda04aa2c53e53058caa45e?s=96&d=mm&r=g\",\"caption\":\"administrateur\"},\"sameAs\":[\"https:\\\/\\\/conseillerfinanciergeneve.ch\"],\"url\":\"https:\\\/\\\/conseillerfinanciergeneve.ch\\\/en\\\/author\\\/admin\\\/\"}]}<\/script>\n<!-- \/ Yoast SEO plugin. -->","yoast_head_json":{"title":"D\u00e9blocage 1er pilier suisse : 3 cas rares en 2025","description":"D\u00e9blocage 1er pilier suisse : d\u00e9couvrez les conditions exceptionnelles et les impacts irr\u00e9versibles. Explorez des alternatives l\u00e9gales avec nos experts.","robots":{"index":"index","follow":"follow","max-snippet":"max-snippet:-1","max-image-preview":"max-image-preview:large","max-video-preview":"max-video-preview:-1"},"canonical":"https:\/\/conseillerfinanciergeneve.ch\/en\/deblocage-1er-pilier-suisse\/","og_locale":"en_US","og_type":"article","og_title":"D\u00e9blocage 1er pilier suisse : 3 cas rares en 2025","og_description":"D\u00e9blocage 1er pilier suisse : d\u00e9couvrez les conditions exceptionnelles et les impacts irr\u00e9versibles. Explorez des alternatives l\u00e9gales avec nos experts.","og_url":"https:\/\/conseillerfinanciergeneve.ch\/en\/deblocage-1er-pilier-suisse\/","og_site_name":"Conseiller financier Gen&egrave;ve","article_published_time":"2025-06-12T07:12:10+00:00","og_image":[{"width":2560,"height":2044,"url":"https:\/\/conseillerfinanciergeneve.ch\/wp-content\/uploads\/2025\/06\/hand-pushing-button-touch-screen-scaled.webp","type":"image\/webp"}],"author":"administrateur","twitter_card":"summary_large_image","twitter_misc":{"Written by":"administrateur","Est. reading time":"7 minutes"},"schema":{"@context":"https:\/\/schema.org","@graph":[{"@type":"Article","@id":"https:\/\/conseillerfinanciergeneve.ch\/deblocage-1er-pilier-suisse\/#article","isPartOf":{"@id":"https:\/\/conseillerfinanciergeneve.ch\/deblocage-1er-pilier-suisse\/"},"author":{"name":"administrateur","@id":"https:\/\/conseillerfinanciergeneve.ch\/#\/schema\/person\/fe24fe6787fe0cb362b7de00dd996498"},"headline":"D\u00e9blocage 1er pilier : cas rares et alternatives","datePublished":"2025-06-12T07:12:10+00:00","mainEntityOfPage":{"@id":"https:\/\/conseillerfinanciergeneve.ch\/deblocage-1er-pilier-suisse\/"},"wordCount":1730,"commentCount":0,"publisher":{"@id":"https:\/\/conseillerfinanciergeneve.ch\/#organization"},"image":{"@id":"https:\/\/conseillerfinanciergeneve.ch\/deblocage-1er-pilier-suisse\/#primaryimage"},"thumbnailUrl":"https:\/\/conseillerfinanciergeneve.ch\/wp-content\/uploads\/2025\/06\/hand-pushing-button-touch-screen-scaled.webp","articleSection":["Investissements"],"inLanguage":"en-US","potentialAction":[{"@type":"CommentAction","name":"Comment","target":["https:\/\/conseillerfinanciergeneve.ch\/deblocage-1er-pilier-suisse\/#respond"]}]},{"@type":"WebPage","@id":"https:\/\/conseillerfinanciergeneve.ch\/deblocage-1er-pilier-suisse\/","url":"https:\/\/conseillerfinanciergeneve.ch\/deblocage-1er-pilier-suisse\/","name":"D\u00e9blocage 1er pilier suisse : 3 cas rares en 2025","isPartOf":{"@id":"https:\/\/conseillerfinanciergeneve.ch\/#website"},"primaryImageOfPage":{"@id":"https:\/\/conseillerfinanciergeneve.ch\/deblocage-1er-pilier-suisse\/#primaryimage"},"image":{"@id":"https:\/\/conseillerfinanciergeneve.ch\/deblocage-1er-pilier-suisse\/#primaryimage"},"thumbnailUrl":"https:\/\/conseillerfinanciergeneve.ch\/wp-content\/uploads\/2025\/06\/hand-pushing-button-touch-screen-scaled.webp","datePublished":"2025-06-12T07:12:10+00:00","description":"D\u00e9blocage 1er pilier suisse : d\u00e9couvrez les conditions exceptionnelles et les impacts irr\u00e9versibles. Explorez des alternatives l\u00e9gales avec nos experts.","breadcrumb":{"@id":"https:\/\/conseillerfinanciergeneve.ch\/deblocage-1er-pilier-suisse\/#breadcrumb"},"inLanguage":"en-US","potentialAction":[{"@type":"ReadAction","target":["https:\/\/conseillerfinanciergeneve.ch\/deblocage-1er-pilier-suisse\/"]}]},{"@type":"ImageObject","inLanguage":"en-US","@id":"https:\/\/conseillerfinanciergeneve.ch\/deblocage-1er-pilier-suisse\/#primaryimage","url":"https:\/\/conseillerfinanciergeneve.ch\/wp-content\/uploads\/2025\/06\/hand-pushing-button-touch-screen-scaled.webp","contentUrl":"https:\/\/conseillerfinanciergeneve.ch\/wp-content\/uploads\/2025\/06\/hand-pushing-button-touch-screen-scaled.webp","width":2560,"height":2044},{"@type":"BreadcrumbList","@id":"https:\/\/conseillerfinanciergeneve.ch\/deblocage-1er-pilier-suisse\/#breadcrumb","itemListElement":[{"@type":"ListItem","position":1,"name":"Accueil","item":"https:\/\/conseillerfinanciergeneve.ch\/"},{"@type":"ListItem","position":2,"name":"Investissements","item":"https:\/\/conseillerfinanciergeneve.ch\/investissements\/"},{"@type":"ListItem","position":3,"name":"D\u00e9blocage 1er pilier : cas rares et alternatives"}]},{"@type":"WebSite","@id":"https:\/\/conseillerfinanciergeneve.ch\/#website","url":"https:\/\/conseillerfinanciergeneve.ch\/","name":"Financial advisor Geneva","description":"","publisher":{"@id":"https:\/\/conseillerfinanciergeneve.ch\/#organization"},"potentialAction":[{"@type":"SearchAction","target":{"@type":"EntryPoint","urlTemplate":"https:\/\/conseillerfinanciergeneve.ch\/?s={search_term_string}"},"query-input":{"@type":"PropertyValueSpecification","valueRequired":true,"valueName":"search_term_string"}}],"inLanguage":"en-US"},{"@type":"Organization","@id":"https:\/\/conseillerfinanciergeneve.ch\/#organization","name":"Financial advisor Geneva","url":"https:\/\/conseillerfinanciergeneve.ch\/","logo":{"@type":"ImageObject","inLanguage":"en-US","@id":"https:\/\/conseillerfinanciergeneve.ch\/#\/schema\/logo\/image\/","url":"https:\/\/conseillerfinanciergeneve.ch\/wp-content\/uploads\/2024\/11\/cropped-cropped-conseiller-financier-2-2.png","contentUrl":"https:\/\/conseillerfinanciergeneve.ch\/wp-content\/uploads\/2024\/11\/cropped-cropped-conseiller-financier-2-2.png","width":499,"height":258,"caption":"Conseiller financier Gen\u00e8ve"},"image":{"@id":"https:\/\/conseillerfinanciergeneve.ch\/#\/schema\/logo\/image\/"}},{"@type":"Person","@id":"https:\/\/conseillerfinanciergeneve.ch\/#\/schema\/person\/fe24fe6787fe0cb362b7de00dd996498","name":"administrateur","image":{"@type":"ImageObject","inLanguage":"en-US","@id":"https:\/\/secure.gravatar.com\/avatar\/4a8b18800befc1a369b14c97823a8dcd4c383cddeeda04aa2c53e53058caa45e?s=96&d=mm&r=g","url":"https:\/\/secure.gravatar.com\/avatar\/4a8b18800befc1a369b14c97823a8dcd4c383cddeeda04aa2c53e53058caa45e?s=96&d=mm&r=g","contentUrl":"https:\/\/secure.gravatar.com\/avatar\/4a8b18800befc1a369b14c97823a8dcd4c383cddeeda04aa2c53e53058caa45e?s=96&d=mm&r=g","caption":"administrateur"},"sameAs":["https:\/\/conseillerfinanciergeneve.ch"],"url":"https:\/\/conseillerfinanciergeneve.ch\/en\/author\/admin\/"}]}},"_links":{"self":[{"href":"https:\/\/conseillerfinanciergeneve.ch\/en\/wp-json\/wp\/v2\/posts\/4117","targetHints":{"allow":["GET"]}}],"collection":[{"href":"https:\/\/conseillerfinanciergeneve.ch\/en\/wp-json\/wp\/v2\/posts"}],"about":[{"href":"https:\/\/conseillerfinanciergeneve.ch\/en\/wp-json\/wp\/v2\/types\/post"}],"author":[{"embeddable":true,"href":"https:\/\/conseillerfinanciergeneve.ch\/en\/wp-json\/wp\/v2\/users\/1"}],"replies":[{"embeddable":true,"href":"https:\/\/conseillerfinanciergeneve.ch\/en\/wp-json\/wp\/v2\/comments?post=4117"}],"version-history":[{"count":2,"href":"https:\/\/conseillerfinanciergeneve.ch\/en\/wp-json\/wp\/v2\/posts\/4117\/revisions"}],"predecessor-version":[{"id":4242,"href":"https:\/\/conseillerfinanciergeneve.ch\/en\/wp-json\/wp\/v2\/posts\/4117\/revisions\/4242"}],"wp:featuredmedia":[{"embeddable":true,"href":"https:\/\/conseillerfinanciergeneve.ch\/en\/wp-json\/wp\/v2\/media\/4241"}],"wp:attachment":[{"href":"https:\/\/conseillerfinanciergeneve.ch\/en\/wp-json\/wp\/v2\/media?parent=4117"}],"wp:term":[{"taxonomy":"category","embeddable":true,"href":"https:\/\/conseillerfinanciergeneve.ch\/en\/wp-json\/wp\/v2\/categories?post=4117"},{"taxonomy":"post_tag","embeddable":true,"href":"https:\/\/conseillerfinanciergeneve.ch\/en\/wp-json\/wp\/v2\/tags?post=4117"}],"curies":[{"name":"wp","href":"https:\/\/api.w.org\/{rel}","templated":true}]}}