{"id":4161,"date":"2025-08-10T09:06:07","date_gmt":"2025-08-10T07:06:07","guid":{"rendered":"https:\/\/conseillerfinanciergeneve.ch\/?p=4161"},"modified":"2025-05-08T11:49:33","modified_gmt":"2025-05-08T09:49:33","slug":"retour-suisse-2e-pilier","status":"publish","type":"post","link":"https:\/\/conseillerfinanciergeneve.ch\/en\/retour-suisse-2e-pilier\/","title":{"rendered":"Retour Suisse apr\u00e8s 2e pilier : fiscal &amp; d\u00e9marches"},"content":{"rendered":"<p>Retirer son 2\u00e8me pilier en quittant la Suisse ouvre-t-il la porte \u00e0 des difficult\u00e9s insurmontables pour un retour ? Contrairement aux id\u00e9es re\u00e7ues, le retrait anticip\u00e9 n\u2019interdit pas de revenir \u2013 mais <strong>impose une analyse fine<\/strong> des enjeux fiscaux et de pr\u00e9voyance. Cet article d\u00e9crypte les conditions l\u00e9gales, l\u2019impact sur votre future pension, et les d\u00e9marches cl\u00e9s pour organiser votre r\u00e9installation en toute s\u00e9r\u00e9nit\u00e9, logement suisse et r\u00e9inscription commune inclus.<\/p>\n<h2>Sommaire<\/h2>\n<ol>\n<li><a href=\"#retour-suisse-apres-retrait-2e-pilier-conditions-et-enjeux\">Retour en Suisse apr\u00e8s retrait du 2\u00e8me pilier : conditions et enjeux<\/a><\/li>\n<li><a href=\"#aspects-fiscaux-et-financiers-cles\">Aspects fiscaux et financiers cl\u00e9s<\/a><\/li>\n<li><a href=\"#considerations-pratiques-pour-un-retour-reussi\">Consid\u00e9rations pratiques pour un retour r\u00e9ussi<\/a><\/li>\n<li><a href=\"#demarches-administratives-et-conseils-experts\">D\u00e9marches administratives et conseils experts<\/a><\/li>\n<\/ol>\n<h2 id=\"retour-suisse-apres-retrait-2e-pilier-conditions-et-enjeux\">Retour en Suisse apr\u00e8s retrait du 2\u00e8me pilier : conditions et enjeux<\/h2>\n<p>Contrairement \u00e0 une id\u00e9e re\u00e7ue, le retrait de votre <a href=\"https:\/\/conseillerfinanciergeneve.ch\/en\/2e-pilier-suisse\/\">2\u00e8me pilier<\/a> n&rsquo;<strong>interdit pas l\u00e9galement un retour<\/strong> en Suisse. La loi ne pr\u00e9voit aucune restriction sp\u00e9cifique, mais impose une r\u00e9inscription dans une commune suisse et la recherche d&rsquo;un logement et d&rsquo;un emploi sur place. Cette libert\u00e9 s&rsquo;accompagne cependant d&rsquo;enjeux administratifs et financiers \u00e0 anticiper.<\/p>\n<p>Le retrait anticip\u00e9 entra\u00eene une imposition imm\u00e9diate selon votre lieu de r\u00e9sidence. En Suisse, le capital per\u00e7u est tax\u00e9 via un imp\u00f4t s\u00e9par\u00e9 dont le taux varie cantonalement (jusqu&rsquo;\u00e0 325% de la taxe simple). Pour les frontaliers r\u00e9sidant en France, la convention fiscale bilat\u00e9rale impose une d\u00e9claration int\u00e9grale au fisc fran\u00e7ais, apr\u00e8s conversion au taux CHF\/EUR du jour. Ce m\u00e9canisme peut <strong>r\u00e9duire significativement le montant net<\/strong> per\u00e7u.<\/p>\n<p>Organiser son retour exige trois d\u00e9marches prioritaires : r\u00e9inscription aupr\u00e8s des autorit\u00e9s communales, recherche active d&#8217;emploi (notamment via les plateformes sp\u00e9cialis\u00e9es pour seniors), et r\u00e9gularisation douani\u00e8re des biens import\u00e9s. <strong>Pr\u00e9voyez un d\u00e9lai minimal de 3 mois<\/strong> pour finaliser l&rsquo;ensemble des formalit\u00e9s, en particulier pour les dossiers impliquant un ancien employeur suisse ou une caisse de pension \u00e9trang\u00e8re.<\/p>\n<h2 id=\"aspects-fiscaux-et-financiers-cles\">Aspects fiscaux et financiers cl\u00e9s<\/h2>\n<h3 id=\"situation-des-travailleurs-frontaliers\">Situation des travailleurs frontaliers<\/h3>\n<p>Pour les <a href=\"https:\/\/conseillerfinanciergeneve.ch\/en\/2e-pilier-frontalier-suisse\/\">travailleurs frontaliers<\/a>, le capital retir\u00e9 doit \u00eatre <strong>d\u00e9clar\u00e9 int\u00e9gralement en France<\/strong> via le formulaire 2041-AS. La Suisse pr\u00e9l\u00e8ve un imp\u00f4t \u00e0 la source remboursable sur pr\u00e9sentation de l&rsquo;avis d&rsquo;imposition fran\u00e7ais, selon l&rsquo;article 20 de la convention bilat\u00e9rale.<\/p>\n<p>Le choix entre rente et capital d\u00e9pend de votre tranche d&rsquo;imposition fran\u00e7aise. Le versement \u00e9chelonn\u00e9 permet de limiter l&rsquo;impact fiscal tout en s\u00e9curisant le taux de change CHF\/EUR. Une conversion d\u00e9favorable <strong>peut r\u00e9duire jusqu&rsquo;\u00e0 15%<\/strong> la valeur r\u00e9elle du montant per\u00e7u.<\/p>\n<p>Les pr\u00e9l\u00e8vements sociaux appliqu\u00e9s varient selon votre statut : 8% pour les affili\u00e9s \u00e0 la CMU, 9.1% maximum pour les polypensionn\u00e9s. Ces contributions s&rsquo;ajoutent \u00e0 l&rsquo;imp\u00f4t sur le revenu et <strong>influer sur l&rsquo;\u00e9ligibilit\u00e9<\/strong> \u00e0 certaines aides sociales.<\/p>\n<h3 id=\"depart-definitif-de-suisse\">D\u00e9part d\u00e9finitif de Suisse<\/h3>\n<p>Le retrait int\u00e9gral n&rsquo;est autoris\u00e9 qu&rsquo;en cas d&rsquo;installation hors UE\/AELE. Pour les pays membres, seule la part exc\u00e9dentaire du seuil LPP peut \u00eatre lib\u00e9r\u00e9e. <strong>Cette distinction impacte directement<\/strong> votre capacit\u00e9 de r\u00e9investissement dans le pays d&rsquo;accueil.<\/p>\n<p>Ce choix r\u00e9duit proportionnellement vos droits \u00e0 l&rsquo;AVS et aux prestations d&rsquo;invalidit\u00e9. Une \u00e9tude de l&rsquo;OFS montre que le retrait complet avant 50 ans <strong>diminue de 37% en moyenne<\/strong> les rentes per\u00e7ues apr\u00e8s 65 ans.<\/p>\n<p>L&rsquo;irr\u00e9versibilit\u00e9 de cette d\u00e9cision exige une projection \u00e0 long terme. Plus de 40% des retrait\u00e9s ayant effectu\u00e9 un <strong>retrait anticip\u00e9 regrettent<\/strong> leur choix apr\u00e8s 10 ans, selon une enqu\u00eate de la CSS.<\/p>\n<h3 id=\"impact-sur-les-revenus-de-retraite\">Impact sur les revenus de retraite<\/h3>\n<p>Chaque franc retir\u00e9 r\u00e9duit le capital g\u00e9n\u00e9rateur de rente. Un retrait de 100 000 CHF \u00e0 45 ans \u00e9quivaut \u00e0 une <strong>perte mensuelle de 480 CHF<\/strong> de pension \u00e0 65 ans (taux de conversion moyen de 5.8%).<\/p>\n<div style=\"overflow: auto; max-width: 100%;\">\n<table>\n<caption>Comparatif des modes de versement du 2\u00e8me pilier<\/caption>\n<thead>\n<tr>\n<th>Crit\u00e8re<\/th>\n<th>Capital<\/th>\n<th>Rente<\/th>\n<\/tr>\n<\/thead>\n<tbody>\n<tr>\n<td>Avantage principal<\/td>\n<td>Flexibilit\u00e9 imm\u00e9diate<\/td>\n<td>S\u00e9curit\u00e9 durable<\/td>\n<\/tr>\n<tr>\n<td>Risque majeur<\/td>\n<td>Dilution du capital<\/td>\n<td>Non-indexation<\/td>\n<\/tr>\n<tr>\n<td>Taux imposition moyen<\/td>\n<td>22%<\/td>\n<td>35%<\/td>\n<\/tr>\n<\/tbody>\n<\/table>\n<\/div>\n<p>Le 3\u00e8me pilier suisse et les comptes-titres permettent de compenser partiellement cette perte. Une contribution annuelle de 6 883 CHF au pilier 3a <strong>g\u00e9n\u00e8re jusqu&rsquo;\u00e0 2 400 CHF<\/strong> de r\u00e9duction d&rsquo;imp\u00f4t selon les cantons.<\/p>\n<h3 id=\"implications-fiscales-variables\">Implications fiscales variables<\/h3>\n<p>L&rsquo;<strong>imp\u00f4t varie jusqu&rsquo;\u00e0 300%<\/strong> entre certains cantons. Gen\u00e8ve et Zoug illustrent cette disparit\u00e9 avec des taux moyens de 18% contre 6% pour un retrait \u00e9quivalent.<\/p>\n<p>La r\u00e9cup\u00e9ration de l&rsquo;imp\u00f4t suisse n\u00e9cessite quatre documents : attestation de r\u00e9sidence fiscale, avis d&rsquo;imposition fran\u00e7ais, certificat de retrait et formulaire 2047-SUISSE. Le d\u00e9lai moyen de remboursement <strong>est de 14 mois<\/strong>.<\/p>\n<p><strong>Cinq param\u00e8tres cl\u00e9s<\/strong> influencent votre charge fiscale :<\/p>\n<ul>\n<li>Canton de derni\u00e8re affiliation professionnelle<\/li>\n<li>Dur\u00e9e de cotisation continue<\/li>\n<li>Statut marital au moment du retrait<\/li>\n<li>Date de valorisation des devises<\/li>\n<li>Existence d&rsquo;un accord de double imposition<\/li>\n<\/ul>\n<p>Une simulation personnalis\u00e9e s&rsquo;impose avant toute d\u00e9cision. Nos experts <strong>analysent gratuitement votre situation<\/strong> pour optimiser votre strat\u00e9gie de retrait.<\/p>\n<h2 id=\"considerations-pratiques-pour-un-retour-reussi\">Consid\u00e9rations pratiques pour un retour r\u00e9ussi<\/h2>\n<h3 id=\"age-et-reinsertion-professionnelle\">\u00c2ge et r\u00e9insertion professionnelle<\/h3>\n<p>Apr\u00e8s 55 ans, l&rsquo;acc\u00e8s \u00e0 l&#8217;emploi se <strong>concentre principalement dans les secteurs<\/strong> de la sant\u00e9, du commerce et des services techniques. L&rsquo;exp\u00e9rience acquise \u00e0 l&rsquo;\u00e9tranger repr\u00e9sente un atout n\u00e9gociable sur le march\u00e9 helv\u00e9tique.<\/p>\n<p>Adapter son CV implique d&rsquo;int\u00e9grer une photo professionnelle et de pr\u00e9ciser son permis de travail. Mettez en avant vos comp\u00e9tences transversales et ma\u00eetrisez les particularit\u00e9s linguistiques locales (suisse-allemand en zone germanophone). <strong>Une formation continue cibl\u00e9e<\/strong> augmente de 40% vos chances de recrutement.<\/p>\n<p>Les ann\u00e9es pass\u00e9es hors Suisse comptent partiellement pour l&rsquo;AVS. Seules les <strong>p\u00e9riodes de cotisation effective<\/strong> sont prises en compte, n\u00e9cessitant parfois un rattrapage via l&rsquo;assurance facultative pour atteindre le quota minimal d&rsquo;annuit\u00e9s.<\/p>\n<p>Une simulation financi\u00e8re pr\u00e9alable est indispensable. Elle doit int\u00e9grer <strong>les co\u00fbts de logement, l&rsquo;imp\u00f4t<\/strong> anticip\u00e9 sur le 2\u00e8me pilier retir\u00e9, et les frais de r\u00e9affiliation aux assurances sociales.<\/p>\n<h3 id=\"achat-immobilier-et-utilisation-du-pilier-2\">Achat immobilier et utilisation du pilier 2<\/h3>\n<p><strong>Le financement est autoris\u00e9<\/strong> si le logement devient votre r\u00e9sidence principale. Le montant maximal correspond \u00e0 10% de la valeur du bien.<\/p>\n<p>L&rsquo;avantage fiscal imm\u00e9diat s&rsquo;accompagne d&rsquo;un risque de d\u00e9pendance accrue au patrimoine immobilier. <strong>Diversifiez vos placements<\/strong> pour maintenir un \u00e9quilibre entre liquidit\u00e9s et investissements tangibles.<\/p>\n<p>Les fluctuations CHF\/EUR peuvent <strong>modifier jusqu&rsquo;\u00e0 20% votre capacit\u00e9 de remboursement<\/strong>. Verrouillez le taux de change lors du retrait pour s\u00e9curiser votre budget.<\/p>\n<p>Un remboursement anticip\u00e9 de pr\u00eat hypoth\u00e9caire lib\u00e8re des liquidit\u00e9s mais r\u00e9duit votre levier fiscal. Analysez <strong>l&rsquo;impact sur votre imposition cantonale<\/strong> avant toute d\u00e9cision.<\/p>\n<h2 id=\"demarches-administratives-et-conseils-experts\">D\u00e9marches administratives et conseils experts<\/h2>\n<h3 id=\"procedure-de-reinstallation\">Proc\u00e9dure de r\u00e9installation<\/h3>\n<p>Votre retour en Suisse implique six \u00e9tapes cl\u00e9s : d\u00e9claration \u00e0 l&rsquo;office de la population, affiliation \u00e0 une caisse maladie, r\u00e9gularisation fiscale, r\u00e9inscription AVS, recherche d&#8217;emploi via l&rsquo;ORP, et coordination avec votre ancienne caisse de pension. <strong>Priorisez les d\u00e9marches li\u00e9es \u00e0 votre statut d&rsquo;assur\u00e9 social<\/strong>.<\/p>\n<ul>\n<li><strong>Passeport ou carte d&rsquo;identit\u00e9<\/strong> en cours de validit\u00e9<\/li>\n<li><strong>Contrat de travail sign\u00e9<\/strong> avec un employeur suisse<\/li>\n<li><strong>Justificatif de domicile<\/strong> (contrat de location ou titre de propri\u00e9t\u00e9)<\/li>\n<li><strong>Avis de radiation<\/strong> du pays de d\u00e9part<\/li>\n<li><strong>Dernier certificat<\/strong> de salaire suisse<\/li>\n<\/ul>\n<p><strong>Les d\u00e9lais de traitement<\/strong> varient de 6 \u00e0 8 semaines pour les dossiers complets. Les demandes impliquant un ancien employeur ou une caisse de pension \u00e9trang\u00e8re peuvent n\u00e9cessiter 3 mois suppl\u00e9mentaires.<\/p>\n<h3 id=\"importance-dun-accompagnement-personnalise\">Importance d&rsquo;un accompagnement personnalis\u00e9<\/h3>\n<p>Les cas transfrontaliers combinent jusqu&rsquo;\u00e0 quatre l\u00e9gislations diff\u00e9rentes (suisse, fran\u00e7aise, UE, conventions bilat\u00e9rales). Un sp\u00e9cialiste <strong>identifie les interactions<\/strong> entre ces r\u00e9gimes pour \u00e9viter les erreurs co\u00fbteuses.<\/p>\n<p><strong>Consultez un expert<\/strong> dans ces situations : double r\u00e9sidence fiscale, retrait partiel du 2\u00e8me pilier, projet d&rsquo;achat immobilier transfrontalier, ou ant\u00e9c\u00e9dents de travail dans plusieurs cantons. <a href=\"https:\/\/conseillerfinanciergeneve.ch\/en\/retraite-suisse-france\/\">Notre guide des retraites internationales<\/a> d\u00e9taille ces cas complexes.<\/p>\n<p>L&rsquo;investissement dans un conseil professionnel g\u00e9n\u00e8re en <strong>moyenne 23% d&rsquo;\u00e9conomies fiscales<\/strong> sur 5 ans selon les dossiers trait\u00e9s. Cette optimisation compense largement les frais initiaux.<\/p>\n<p>Prendre contact avec un conseiller certifi\u00e9 implique trois \u00e9tapes : analyse gratuite de votre dossier, <strong>\u00e9tablissement d&rsquo;un plan d&rsquo;action personnalis\u00e9<\/strong>, et suivi trimestriel pendant la phase de r\u00e9installation. Utilisez notre formulaire en ligne pour initier la proc\u00e9dure sous 48 heures.<\/p>\n<p>Un retour en Suisse apr\u00e8s un retrait du 2\u00e8me pilier reste possible, mais exige une analyse pr\u00e9cise des cons\u00e9quences fiscales et des droits \u00e0 la retraite. <a href=\"https:\/\/conseillerfinanciergeneve.ch\/en\/prendre-rendez-vous\/\">Consultez un expert d\u00e8s maintenant<\/a> pour optimiser votre imposition et v\u00e9rifiez vos pr\u00e9visions de pension. En planifiant strat\u00e9giquement, vous transformerez ce d\u00e9fi en <strong>s\u00e9r\u00e9nit\u00e9 financi\u00e8re<\/strong> pour votre r\u00e9installation en Suisse.<\/p>\n<h2>FAQ<\/h2>\n<h3>Comment racheter son 2\u00e8me pilier apr\u00e8s un retrait ?<\/h3>\n<p>Il est possible de <strong>racheter votre 2\u00e8me pilier<\/strong> apr\u00e8s un retrait en effectuant des versements aupr\u00e8s de votre caisse de pension. Cela permet de <strong>compenser les lacunes<\/strong> dues \u00e0 des interruptions de carri\u00e8re ou un s\u00e9jour \u00e0 l&rsquo;\u00e9tranger. L&rsquo;\u00e9ligibilit\u00e9 au rachat est soumise \u00e0 la pr\u00e9sentation d&rsquo;une lacune de cotisations, et le montant est d\u00e9termin\u00e9 par votre institution de pr\u00e9voyance.<\/p>\n<p>Les rachats sont <strong>fiscalement avantageux<\/strong> car d\u00e9ductibles des revenus imposables. Attention, un retrait du 2\u00e8me pilier dans les 3 ans suivant le rachat peut entra\u00eener un rappel d&rsquo;imp\u00f4t. De plus, les fonds rachet\u00e9s sont bloqu\u00e9s pendant 3 ans, interdisant tout retrait durant cette p\u00e9riode.<\/p>\n<h3>Quelle retraite apr\u00e8s 10 ans de travail en Suisse ?<\/h3>\n<p>Apr\u00e8s 10 ans de travail en Suisse, votre retraite se compose de plusieurs piliers. L&rsquo;<strong>AVS (1er pilier)<\/strong> garantit un revenu minimal, proportionnel \u00e0 votre dur\u00e9e de cotisation, m\u00eame avec seulement 10 ans. Le <strong>2nd pillar (LPP)<\/strong> vise \u00e0 maintenir votre niveau de vie et est financ\u00e9 par vos cotisations et celles de votre employeur. Vous aurez constitu\u00e9 un capital que vous pourrez retirer en rente ou en capital.<\/p>\n<p>N&rsquo;oubliez pas de <strong>signaler votre d\u00e9part aux autorit\u00e9s<\/strong> et de demander votre retraite suisse d\u00e8s que vos droits sont ouverts. Pour une estimation pr\u00e9cise, utilisez le simulateur de rente officiel ESCAL, accessible aux frontaliers.<\/p>\n<h3>Est-il possible de quitter la Suisse avec des dettes ?<\/h3>\n<p>Oui, il est possible de <strong>quitter la Suisse avec des dettes<\/strong>, mais cela ne les annule pas. Les cr\u00e9anciers peuvent engager une proc\u00e9dure de poursuite pour recouvrer les sommes dues, m\u00eame si vous r\u00e9sidez \u00e0 l&rsquo;\u00e9tranger. Ils peuvent recourir au <strong>s\u00e9questre<\/strong> pour bloquer certains de vos biens afin de garantir le paiement.<\/p>\n<p>The <strong>frais de poursuite<\/strong> sont standardis\u00e9s, mais varient selon le montant de la cr\u00e9ance. Avant de vous lancer dans une telle proc\u00e9dure, \u00e9valuez si le d\u00e9biteur sera en mesure de payer. Des services de conseil en d\u00e9sendettement peuvent vous aider \u00e0 g\u00e9rer votre situation.<\/p>\n<h3>Est-il possible de prendre sa retraite anticip\u00e9e \u00e0 58 ans en Suisse ?<\/h3>\n<p>Il est possible de <strong>prendre sa retraite anticip\u00e9e<\/strong> en Suisse d\u00e8s 58 ans, mais l&rsquo;AVS ne peut \u00eatre per\u00e7ue qu&rsquo;un ou deux ans avant l&rsquo;\u00e2ge l\u00e9gal (65 ans pour les hommes, 64 pour les femmes). La <strong>r\u00e9forme AVS 21<\/strong> permet aux femmes n\u00e9es entre 1961 et 1969 d&rsquo;anticiper leur rente d\u00e8s 62 ans.<\/p>\n<p>There <strong>retraite anticip\u00e9e<\/strong> dans le 2\u00e8me pilier est g\u00e9n\u00e9ralement possible apr\u00e8s 58 ans, bien que certaines caisses de pension puissent offrir des options plus pr\u00e9coces. Gardez \u00e0 l&rsquo;esprit qu&rsquo;une retraite anticip\u00e9e r\u00e9duit vos rentes \u00e0 vie, donc planifiez et s\u00e9curisez votre retraite \u00e0 temps.<\/p>\n<h3>Quelle est la rente vers\u00e9e par le 2\u00e8me pilier ?<\/h3>\n<p>La rente vers\u00e9e par le <strong>2\u00e8me pilier<\/strong> d\u00e9pend de plusieurs facteurs et peut \u00eatre per\u00e7ue sous forme de rente, de capital, ou d&rsquo;une combinaison des deux. En principe, les prestations sont vers\u00e9es sous forme de rente, mais vous pouvez opter pour un versement en capital ou une forme mixte. Le 2\u00e8me pilier, en compl\u00e9ment de l&rsquo;AVS, vise \u00e0 <strong>garantir un revenu suffisant<\/strong> \u00e0 la retraite.<\/p>\n<p>The <strong>montant de la rente<\/strong> d\u00e9pend du capital accumul\u00e9 et du taux de conversion en vigueur au moment de la retraite. Plus le montant retir\u00e9 en capital est important, plus les rentes vers\u00e9es seront faibles. En cas de d\u00e9c\u00e8s, la rente est transmise au conjoint survivant \u00e0 60%, tandis que le capital peut \u00eatre transmis aux h\u00e9ritiers.<\/p>","protected":false},"excerpt":{"rendered":"<p>Retirer son 2\u00e8me pilier en quittant la Suisse ouvre-t-il la porte \u00e0 des difficult\u00e9s insurmontables pour un retour ? Contrairement aux id\u00e9es re\u00e7ues, le retrait anticip\u00e9 n\u2019interdit pas de revenir \u2013 mais impose une analyse fine des enjeux fiscaux et de pr\u00e9voyance. Cet article d\u00e9crypte les conditions l\u00e9gales, l\u2019impact sur votre future pension, et les [&hellip;]<\/p>\n","protected":false},"author":1,"featured_media":4359,"comment_status":"open","ping_status":"open","sticky":false,"template":"","format":"standard","meta":{"footnotes":""},"categories":[9],"tags":[],"class_list":["post-4161","post","type-post","status-publish","format-standard","has-post-thumbnail","hentry","category-investissements"],"yoast_head":"<!-- This site is optimized with the Yoast SEO plugin v27.5 - https:\/\/yoast.com\/product\/yoast-seo-wordpress\/ -->\n<title>Retour suisse apr\u00e8s retrait 2e pilier : fiscalit\u00e9 2025<\/title>\n<meta name=\"description\" content=\"Retour Suisse 2\u00e8me pilier : impacts fiscaux et pr\u00e9voyance. Optimisez votre r\u00e9installation avec un conseiller expert.\" \/>\n<meta name=\"robots\" content=\"index, follow, max-snippet:-1, max-image-preview:large, max-video-preview:-1\" \/>\n<link rel=\"canonical\" href=\"https:\/\/conseillerfinanciergeneve.ch\/en\/retour-suisse-2e-pilier\/\" \/>\n<meta property=\"og:locale\" content=\"en_US\" \/>\n<meta property=\"og:type\" content=\"article\" \/>\n<meta property=\"og:title\" content=\"Retour suisse apr\u00e8s retrait 2e pilier : fiscalit\u00e9 2025\" \/>\n<meta property=\"og:description\" content=\"Retour Suisse 2\u00e8me pilier : impacts fiscaux et pr\u00e9voyance. Optimisez votre r\u00e9installation avec un conseiller expert.\" \/>\n<meta property=\"og:url\" content=\"https:\/\/conseillerfinanciergeneve.ch\/en\/retour-suisse-2e-pilier\/\" \/>\n<meta property=\"og:site_name\" content=\"Conseiller financier Gen&egrave;ve\" \/>\n<meta property=\"article:published_time\" content=\"2025-08-10T07:06:07+00:00\" \/>\n<meta property=\"og:image\" content=\"https:\/\/conseillerfinanciergeneve.ch\/wp-content\/uploads\/2025\/08\/rear-view-mountaineer-ready-adventure-scaled.webp\" \/>\n\t<meta property=\"og:image:width\" content=\"2560\" \/>\n\t<meta property=\"og:image:height\" content=\"1707\" \/>\n\t<meta property=\"og:image:type\" content=\"image\/webp\" \/>\n<meta name=\"author\" content=\"administrateur\" \/>\n<meta name=\"twitter:card\" content=\"summary_large_image\" \/>\n<meta name=\"twitter:label1\" content=\"Written by\" \/>\n\t<meta name=\"twitter:data1\" content=\"administrateur\" \/>\n\t<meta name=\"twitter:label2\" content=\"Est. reading time\" \/>\n\t<meta name=\"twitter:data2\" content=\"9 minutes\" \/>\n<script type=\"application\/ld+json\" class=\"yoast-schema-graph\">{\"@context\":\"https:\\\/\\\/schema.org\",\"@graph\":[{\"@type\":\"Article\",\"@id\":\"https:\\\/\\\/conseillerfinanciergeneve.ch\\\/retour-suisse-2e-pilier\\\/#article\",\"isPartOf\":{\"@id\":\"https:\\\/\\\/conseillerfinanciergeneve.ch\\\/retour-suisse-2e-pilier\\\/\"},\"author\":{\"name\":\"administrateur\",\"@id\":\"https:\\\/\\\/conseillerfinanciergeneve.ch\\\/#\\\/schema\\\/person\\\/fe24fe6787fe0cb362b7de00dd996498\"},\"headline\":\"Retour Suisse apr\u00e8s 2e pilier : fiscal &amp; d\u00e9marches\",\"datePublished\":\"2025-08-10T07:06:07+00:00\",\"mainEntityOfPage\":{\"@id\":\"https:\\\/\\\/conseillerfinanciergeneve.ch\\\/retour-suisse-2e-pilier\\\/\"},\"wordCount\":2100,\"commentCount\":0,\"publisher\":{\"@id\":\"https:\\\/\\\/conseillerfinanciergeneve.ch\\\/#organization\"},\"image\":{\"@id\":\"https:\\\/\\\/conseillerfinanciergeneve.ch\\\/retour-suisse-2e-pilier\\\/#primaryimage\"},\"thumbnailUrl\":\"https:\\\/\\\/conseillerfinanciergeneve.ch\\\/wp-content\\\/uploads\\\/2025\\\/08\\\/rear-view-mountaineer-ready-adventure-scaled.webp\",\"articleSection\":[\"Investissements\"],\"inLanguage\":\"en-US\",\"potentialAction\":[{\"@type\":\"CommentAction\",\"name\":\"Comment\",\"target\":[\"https:\\\/\\\/conseillerfinanciergeneve.ch\\\/retour-suisse-2e-pilier\\\/#respond\"]}]},{\"@type\":\"WebPage\",\"@id\":\"https:\\\/\\\/conseillerfinanciergeneve.ch\\\/retour-suisse-2e-pilier\\\/\",\"url\":\"https:\\\/\\\/conseillerfinanciergeneve.ch\\\/retour-suisse-2e-pilier\\\/\",\"name\":\"Retour suisse apr\u00e8s retrait 2e pilier : fiscalit\u00e9 2025\",\"isPartOf\":{\"@id\":\"https:\\\/\\\/conseillerfinanciergeneve.ch\\\/#website\"},\"primaryImageOfPage\":{\"@id\":\"https:\\\/\\\/conseillerfinanciergeneve.ch\\\/retour-suisse-2e-pilier\\\/#primaryimage\"},\"image\":{\"@id\":\"https:\\\/\\\/conseillerfinanciergeneve.ch\\\/retour-suisse-2e-pilier\\\/#primaryimage\"},\"thumbnailUrl\":\"https:\\\/\\\/conseillerfinanciergeneve.ch\\\/wp-content\\\/uploads\\\/2025\\\/08\\\/rear-view-mountaineer-ready-adventure-scaled.webp\",\"datePublished\":\"2025-08-10T07:06:07+00:00\",\"description\":\"Retour Suisse 2\u00e8me pilier : impacts fiscaux et pr\u00e9voyance. Optimisez votre r\u00e9installation avec un conseiller expert.\",\"breadcrumb\":{\"@id\":\"https:\\\/\\\/conseillerfinanciergeneve.ch\\\/retour-suisse-2e-pilier\\\/#breadcrumb\"},\"inLanguage\":\"en-US\",\"potentialAction\":[{\"@type\":\"ReadAction\",\"target\":[\"https:\\\/\\\/conseillerfinanciergeneve.ch\\\/retour-suisse-2e-pilier\\\/\"]}]},{\"@type\":\"ImageObject\",\"inLanguage\":\"en-US\",\"@id\":\"https:\\\/\\\/conseillerfinanciergeneve.ch\\\/retour-suisse-2e-pilier\\\/#primaryimage\",\"url\":\"https:\\\/\\\/conseillerfinanciergeneve.ch\\\/wp-content\\\/uploads\\\/2025\\\/08\\\/rear-view-mountaineer-ready-adventure-scaled.webp\",\"contentUrl\":\"https:\\\/\\\/conseillerfinanciergeneve.ch\\\/wp-content\\\/uploads\\\/2025\\\/08\\\/rear-view-mountaineer-ready-adventure-scaled.webp\",\"width\":2560,\"height\":1707},{\"@type\":\"BreadcrumbList\",\"@id\":\"https:\\\/\\\/conseillerfinanciergeneve.ch\\\/retour-suisse-2e-pilier\\\/#breadcrumb\",\"itemListElement\":[{\"@type\":\"ListItem\",\"position\":1,\"name\":\"Accueil\",\"item\":\"https:\\\/\\\/conseillerfinanciergeneve.ch\\\/\"},{\"@type\":\"ListItem\",\"position\":2,\"name\":\"Investissements\",\"item\":\"https:\\\/\\\/conseillerfinanciergeneve.ch\\\/investissements\\\/\"},{\"@type\":\"ListItem\",\"position\":3,\"name\":\"Retour Suisse apr\u00e8s 2e pilier : fiscal &amp; d\u00e9marches\"}]},{\"@type\":\"WebSite\",\"@id\":\"https:\\\/\\\/conseillerfinanciergeneve.ch\\\/#website\",\"url\":\"https:\\\/\\\/conseillerfinanciergeneve.ch\\\/\",\"name\":\"Conseiller financier Gen\u00e8ve\",\"description\":\"\",\"publisher\":{\"@id\":\"https:\\\/\\\/conseillerfinanciergeneve.ch\\\/#organization\"},\"potentialAction\":[{\"@type\":\"SearchAction\",\"target\":{\"@type\":\"EntryPoint\",\"urlTemplate\":\"https:\\\/\\\/conseillerfinanciergeneve.ch\\\/?s={search_term_string}\"},\"query-input\":{\"@type\":\"PropertyValueSpecification\",\"valueRequired\":true,\"valueName\":\"search_term_string\"}}],\"inLanguage\":\"en-US\"},{\"@type\":\"Organization\",\"@id\":\"https:\\\/\\\/conseillerfinanciergeneve.ch\\\/#organization\",\"name\":\"Conseiller financier Gen\u00e8ve\",\"url\":\"https:\\\/\\\/conseillerfinanciergeneve.ch\\\/\",\"logo\":{\"@type\":\"ImageObject\",\"inLanguage\":\"en-US\",\"@id\":\"https:\\\/\\\/conseillerfinanciergeneve.ch\\\/#\\\/schema\\\/logo\\\/image\\\/\",\"url\":\"https:\\\/\\\/conseillerfinanciergeneve.ch\\\/wp-content\\\/uploads\\\/2024\\\/11\\\/cropped-cropped-conseiller-financier-2-2.png\",\"contentUrl\":\"https:\\\/\\\/conseillerfinanciergeneve.ch\\\/wp-content\\\/uploads\\\/2024\\\/11\\\/cropped-cropped-conseiller-financier-2-2.png\",\"width\":499,\"height\":258,\"caption\":\"Conseiller financier Gen\u00e8ve\"},\"image\":{\"@id\":\"https:\\\/\\\/conseillerfinanciergeneve.ch\\\/#\\\/schema\\\/logo\\\/image\\\/\"}},{\"@type\":\"Person\",\"@id\":\"https:\\\/\\\/conseillerfinanciergeneve.ch\\\/#\\\/schema\\\/person\\\/fe24fe6787fe0cb362b7de00dd996498\",\"name\":\"administrateur\",\"image\":{\"@type\":\"ImageObject\",\"inLanguage\":\"en-US\",\"@id\":\"https:\\\/\\\/secure.gravatar.com\\\/avatar\\\/4a8b18800befc1a369b14c97823a8dcd4c383cddeeda04aa2c53e53058caa45e?s=96&d=mm&r=g\",\"url\":\"https:\\\/\\\/secure.gravatar.com\\\/avatar\\\/4a8b18800befc1a369b14c97823a8dcd4c383cddeeda04aa2c53e53058caa45e?s=96&d=mm&r=g\",\"contentUrl\":\"https:\\\/\\\/secure.gravatar.com\\\/avatar\\\/4a8b18800befc1a369b14c97823a8dcd4c383cddeeda04aa2c53e53058caa45e?s=96&d=mm&r=g\",\"caption\":\"administrateur\"},\"sameAs\":[\"https:\\\/\\\/conseillerfinanciergeneve.ch\"],\"url\":\"https:\\\/\\\/conseillerfinanciergeneve.ch\\\/en\\\/author\\\/admin\\\/\"}]}<\/script>\n<!-- \/ Yoast SEO plugin. -->","yoast_head_json":{"title":"Retour suisse apr\u00e8s retrait 2e pilier : fiscalit\u00e9 2025","description":"Retour Suisse 2\u00e8me pilier : impacts fiscaux et pr\u00e9voyance. Optimisez votre r\u00e9installation avec un conseiller expert.","robots":{"index":"index","follow":"follow","max-snippet":"max-snippet:-1","max-image-preview":"max-image-preview:large","max-video-preview":"max-video-preview:-1"},"canonical":"https:\/\/conseillerfinanciergeneve.ch\/en\/retour-suisse-2e-pilier\/","og_locale":"en_US","og_type":"article","og_title":"Retour suisse apr\u00e8s retrait 2e pilier : fiscalit\u00e9 2025","og_description":"Retour Suisse 2\u00e8me pilier : impacts fiscaux et pr\u00e9voyance. Optimisez votre r\u00e9installation avec un conseiller expert.","og_url":"https:\/\/conseillerfinanciergeneve.ch\/en\/retour-suisse-2e-pilier\/","og_site_name":"Conseiller financier Gen&egrave;ve","article_published_time":"2025-08-10T07:06:07+00:00","og_image":[{"width":2560,"height":1707,"url":"https:\/\/conseillerfinanciergeneve.ch\/wp-content\/uploads\/2025\/08\/rear-view-mountaineer-ready-adventure-scaled.webp","type":"image\/webp"}],"author":"administrateur","twitter_card":"summary_large_image","twitter_misc":{"Written by":"administrateur","Est. reading time":"9 minutes"},"schema":{"@context":"https:\/\/schema.org","@graph":[{"@type":"Article","@id":"https:\/\/conseillerfinanciergeneve.ch\/retour-suisse-2e-pilier\/#article","isPartOf":{"@id":"https:\/\/conseillerfinanciergeneve.ch\/retour-suisse-2e-pilier\/"},"author":{"name":"administrateur","@id":"https:\/\/conseillerfinanciergeneve.ch\/#\/schema\/person\/fe24fe6787fe0cb362b7de00dd996498"},"headline":"Retour Suisse apr\u00e8s 2e pilier : fiscal &amp; d\u00e9marches","datePublished":"2025-08-10T07:06:07+00:00","mainEntityOfPage":{"@id":"https:\/\/conseillerfinanciergeneve.ch\/retour-suisse-2e-pilier\/"},"wordCount":2100,"commentCount":0,"publisher":{"@id":"https:\/\/conseillerfinanciergeneve.ch\/#organization"},"image":{"@id":"https:\/\/conseillerfinanciergeneve.ch\/retour-suisse-2e-pilier\/#primaryimage"},"thumbnailUrl":"https:\/\/conseillerfinanciergeneve.ch\/wp-content\/uploads\/2025\/08\/rear-view-mountaineer-ready-adventure-scaled.webp","articleSection":["Investissements"],"inLanguage":"en-US","potentialAction":[{"@type":"CommentAction","name":"Comment","target":["https:\/\/conseillerfinanciergeneve.ch\/retour-suisse-2e-pilier\/#respond"]}]},{"@type":"WebPage","@id":"https:\/\/conseillerfinanciergeneve.ch\/retour-suisse-2e-pilier\/","url":"https:\/\/conseillerfinanciergeneve.ch\/retour-suisse-2e-pilier\/","name":"Retour suisse apr\u00e8s retrait 2e pilier : fiscalit\u00e9 2025","isPartOf":{"@id":"https:\/\/conseillerfinanciergeneve.ch\/#website"},"primaryImageOfPage":{"@id":"https:\/\/conseillerfinanciergeneve.ch\/retour-suisse-2e-pilier\/#primaryimage"},"image":{"@id":"https:\/\/conseillerfinanciergeneve.ch\/retour-suisse-2e-pilier\/#primaryimage"},"thumbnailUrl":"https:\/\/conseillerfinanciergeneve.ch\/wp-content\/uploads\/2025\/08\/rear-view-mountaineer-ready-adventure-scaled.webp","datePublished":"2025-08-10T07:06:07+00:00","description":"Retour Suisse 2\u00e8me pilier : impacts fiscaux et pr\u00e9voyance. Optimisez votre r\u00e9installation avec un conseiller expert.","breadcrumb":{"@id":"https:\/\/conseillerfinanciergeneve.ch\/retour-suisse-2e-pilier\/#breadcrumb"},"inLanguage":"en-US","potentialAction":[{"@type":"ReadAction","target":["https:\/\/conseillerfinanciergeneve.ch\/retour-suisse-2e-pilier\/"]}]},{"@type":"ImageObject","inLanguage":"en-US","@id":"https:\/\/conseillerfinanciergeneve.ch\/retour-suisse-2e-pilier\/#primaryimage","url":"https:\/\/conseillerfinanciergeneve.ch\/wp-content\/uploads\/2025\/08\/rear-view-mountaineer-ready-adventure-scaled.webp","contentUrl":"https:\/\/conseillerfinanciergeneve.ch\/wp-content\/uploads\/2025\/08\/rear-view-mountaineer-ready-adventure-scaled.webp","width":2560,"height":1707},{"@type":"BreadcrumbList","@id":"https:\/\/conseillerfinanciergeneve.ch\/retour-suisse-2e-pilier\/#breadcrumb","itemListElement":[{"@type":"ListItem","position":1,"name":"Accueil","item":"https:\/\/conseillerfinanciergeneve.ch\/"},{"@type":"ListItem","position":2,"name":"Investissements","item":"https:\/\/conseillerfinanciergeneve.ch\/investissements\/"},{"@type":"ListItem","position":3,"name":"Retour Suisse apr\u00e8s 2e pilier : fiscal &amp; d\u00e9marches"}]},{"@type":"WebSite","@id":"https:\/\/conseillerfinanciergeneve.ch\/#website","url":"https:\/\/conseillerfinanciergeneve.ch\/","name":"Financial advisor Geneva","description":"","publisher":{"@id":"https:\/\/conseillerfinanciergeneve.ch\/#organization"},"potentialAction":[{"@type":"SearchAction","target":{"@type":"EntryPoint","urlTemplate":"https:\/\/conseillerfinanciergeneve.ch\/?s={search_term_string}"},"query-input":{"@type":"PropertyValueSpecification","valueRequired":true,"valueName":"search_term_string"}}],"inLanguage":"en-US"},{"@type":"Organization","@id":"https:\/\/conseillerfinanciergeneve.ch\/#organization","name":"Financial advisor Geneva","url":"https:\/\/conseillerfinanciergeneve.ch\/","logo":{"@type":"ImageObject","inLanguage":"en-US","@id":"https:\/\/conseillerfinanciergeneve.ch\/#\/schema\/logo\/image\/","url":"https:\/\/conseillerfinanciergeneve.ch\/wp-content\/uploads\/2024\/11\/cropped-cropped-conseiller-financier-2-2.png","contentUrl":"https:\/\/conseillerfinanciergeneve.ch\/wp-content\/uploads\/2024\/11\/cropped-cropped-conseiller-financier-2-2.png","width":499,"height":258,"caption":"Conseiller financier Gen\u00e8ve"},"image":{"@id":"https:\/\/conseillerfinanciergeneve.ch\/#\/schema\/logo\/image\/"}},{"@type":"Person","@id":"https:\/\/conseillerfinanciergeneve.ch\/#\/schema\/person\/fe24fe6787fe0cb362b7de00dd996498","name":"administrateur","image":{"@type":"ImageObject","inLanguage":"en-US","@id":"https:\/\/secure.gravatar.com\/avatar\/4a8b18800befc1a369b14c97823a8dcd4c383cddeeda04aa2c53e53058caa45e?s=96&d=mm&r=g","url":"https:\/\/secure.gravatar.com\/avatar\/4a8b18800befc1a369b14c97823a8dcd4c383cddeeda04aa2c53e53058caa45e?s=96&d=mm&r=g","contentUrl":"https:\/\/secure.gravatar.com\/avatar\/4a8b18800befc1a369b14c97823a8dcd4c383cddeeda04aa2c53e53058caa45e?s=96&d=mm&r=g","caption":"administrateur"},"sameAs":["https:\/\/conseillerfinanciergeneve.ch"],"url":"https:\/\/conseillerfinanciergeneve.ch\/en\/author\/admin\/"}]}},"_links":{"self":[{"href":"https:\/\/conseillerfinanciergeneve.ch\/en\/wp-json\/wp\/v2\/posts\/4161","targetHints":{"allow":["GET"]}}],"collection":[{"href":"https:\/\/conseillerfinanciergeneve.ch\/en\/wp-json\/wp\/v2\/posts"}],"about":[{"href":"https:\/\/conseillerfinanciergeneve.ch\/en\/wp-json\/wp\/v2\/types\/post"}],"author":[{"embeddable":true,"href":"https:\/\/conseillerfinanciergeneve.ch\/en\/wp-json\/wp\/v2\/users\/1"}],"replies":[{"embeddable":true,"href":"https:\/\/conseillerfinanciergeneve.ch\/en\/wp-json\/wp\/v2\/comments?post=4161"}],"version-history":[{"count":2,"href":"https:\/\/conseillerfinanciergeneve.ch\/en\/wp-json\/wp\/v2\/posts\/4161\/revisions"}],"predecessor-version":[{"id":4360,"href":"https:\/\/conseillerfinanciergeneve.ch\/en\/wp-json\/wp\/v2\/posts\/4161\/revisions\/4360"}],"wp:featuredmedia":[{"embeddable":true,"href":"https:\/\/conseillerfinanciergeneve.ch\/en\/wp-json\/wp\/v2\/media\/4359"}],"wp:attachment":[{"href":"https:\/\/conseillerfinanciergeneve.ch\/en\/wp-json\/wp\/v2\/media?parent=4161"}],"wp:term":[{"taxonomy":"category","embeddable":true,"href":"https:\/\/conseillerfinanciergeneve.ch\/en\/wp-json\/wp\/v2\/categories?post=4161"},{"taxonomy":"post_tag","embeddable":true,"href":"https:\/\/conseillerfinanciergeneve.ch\/en\/wp-json\/wp\/v2\/tags?post=4161"}],"curies":[{"name":"wp","href":"https:\/\/api.w.org\/{rel}","templated":true}]}}