{"id":5020,"date":"2025-11-25T02:11:41","date_gmt":"2025-11-25T00:11:41","guid":{"rendered":"https:\/\/conseillerfinanciergeneve.ch\/valeur-locative-suisse\/"},"modified":"2025-11-25T16:27:24","modified_gmt":"2025-11-25T14:27:24","slug":"valeur-locative-suisse","status":"publish","type":"post","link":"https:\/\/conseillerfinanciergeneve.ch\/en\/valeur-locative-suisse\/","title":{"rendered":"Valeur locative frontaliers quasi-r\u00e9sidents suisse : 2028"},"content":{"rendered":"<p style=\"padding: 24px; background: lightblue;\">L&rsquo;essentiel \u00e0 retenir : la suppression de la valeur locative d\u00e8s 2028 ne menace pas l&rsquo;acc\u00e8s au statut de quasi-r\u00e9sident mais <strong>bouleverse son \u00e9quilibre financier<\/strong>. La disparition de ce revenu fictif s&rsquo;accompagne d&rsquo;une r\u00e9duction drastique des d\u00e9ductions immobili\u00e8res, d\u00e9pla\u00e7ant l&rsquo;optimisation fiscale de la dette vers la pr\u00e9voyance et les charges familiales pour maintenir l&rsquo;attrait de la Taxation Ordinaire Ult\u00e9rieure.<\/p>\n<p>La suppression programm\u00e9e de la valeur locative frontaliers quasi-r\u00e9sidents suisse soul\u00e8ve une question angoissante : ce changement l\u00e9gislatif risque-t-il de vous faire perdre votre statut ou de provoquer une hausse brutale de vos imp\u00f4ts d\u00e8s 2028 ? Cet article d\u00e9crypte les rouages de cette r\u00e9forme en expliquant pourquoi votre \u00e9ligibilit\u00e9 reste intacte, tout en mettant en lumi\u00e8re la fin in\u00e9vitable de l&rsquo;optimisation fiscale bas\u00e9e sur les int\u00e9r\u00eats hypoth\u00e9caires. Pr\u00e9parez votre avenir en d\u00e9couvrant les strat\u00e9gies alternatives et les d\u00e9ductions m\u00e9connues qui vous permettront de compenser cette perte et de <strong>maintenir une imposition supportable<\/strong> malgr\u00e9 le nouveau paysage fiscal.<\/p>\n<ol>\n<li><a href=\"#systeme-actuel-valeur-locative-et-statut-de-quasi-resident\">Le syst\u00e8me actuel : valeur locative et statut de quasi-r\u00e9sident d\u00e9cortiqu\u00e9s<\/a><\/li>\n<li><a href=\"#la-grande-clarification-non-la-reforme-ne-menace-pas-votre-statut\">La grande clarification : non, la r\u00e9forme ne menace pas votre statut<\/a><\/li>\n<li><a href=\"#reforme-2028-ce-qui-change-concretement-pour-les-proprietaires-frontaliers\">R\u00e9forme 2028 : ce qui change concr\u00e8tement pour les propri\u00e9taires frontaliers<\/a><\/li>\n<li><a href=\"#lapres-2028-repenser-son-optimisation-fiscale-de-quasi-resident\">L&rsquo;apr\u00e8s-2028 : repenser son optimisation fiscale de quasi-r\u00e9sident<\/a><\/li>\n<li><a href=\"#cas-pratiques-et-preparation-que-faire-avant-2028\">Cas pratiques et pr\u00e9paration : que faire avant 2028 ?<\/a><\/li>\n<\/ol>\n<p><img decoding=\"async\" src=\"https:\/\/conseillerfinanciergeneve.ch\/wp-content\/uploads\/2025\/11\/fiscalite-frontaliers-suisse-valeur-locative-and-tou.jpg\" alt=\"Impact fiscalit\u00e9 frontaliers suisses abolition valeur locative et TOU\" \/><\/p>\n<h2 id=\"systeme-actuel-valeur-locative-et-statut-de-quasi-resident\">Le syst\u00e8me actuel : valeur locative et statut de quasi-r\u00e9sident d\u00e9cortiqu\u00e9s<\/h2>\n<h3>La valeur locative, ce revenu fictif qui p\u00e8se sur votre feuille d&rsquo;imp\u00f4t<\/h3>\n<p>La valeur locative est un loyer th\u00e9orique que le fisc suisse attribue aux propri\u00e9taires occupants. Ce montant s&rsquo;ajoute \u00e0 vos revenus, m\u00eame sans encaissement r\u00e9el. C&rsquo;est une <strong>pure fiction fiscale<\/strong>.<\/p>\n<p>Pour un frontalier quasi-r\u00e9sident, cette r\u00e8gle frappe aussi le logement situ\u00e9 en France. Des cantons comme Gen\u00e8ve reconstituent d\u00e9j\u00e0 cette valeur, ce qui <strong>alourdit votre revenu imposable suisse<\/strong>. M\u00e9caniquement, votre taux d&rsquo;imposition grimpe. C&rsquo;est souvent une mauvaise surprise.<\/p>\n<p>Ce syst\u00e8me semble injuste, mais il <strong>d\u00e9bloque paradoxalement des d\u00e9ductions massives<\/strong>. C&rsquo;est la cl\u00e9 de vo\u00fbte de l&rsquo;optimisation actuelle.<\/p>\n<h3>Devenir quasi-r\u00e9sident pour acc\u00e9der \u00e0 la Taxation Ordinaire Ult\u00e9rieure (TOU)<\/h3>\n<p>Le s\u00e9same du statut de quasi-r\u00e9sident exige une condition stricte : <strong>90% de vos revenus bruts mondiaux doivent \u00eatre imposables en Suisse<\/strong>. C&rsquo;est l&rsquo;unique porte d&rsquo;entr\u00e9e vers ce r\u00e9gime. Sans ce ratio, la porte reste ferm\u00e9e. C&rsquo;est binaire.<\/p>\n<p>Ce statut privil\u00e9gi\u00e9 permet de demander la Taxation Ordinaire Ult\u00e9rieure (TOU). Ce n&rsquo;est pas une obligation, mais une option strat\u00e9gique. Vous \u00eates alors <strong>impos\u00e9 exactement comme un r\u00e9sident suisse<\/strong>.<\/p>\n<p>Le but de la man\u0153uvre ? <strong>Activer des d\u00e9ductions inaccessibles<\/strong> via l&rsquo;imp\u00f4t \u00e0 la source classique.<\/p>\n<h3>L&rsquo;\u00e9quation fiscale actuelle : revenu fictif contre d\u00e9ductions r\u00e9elles<\/h3>\n<p>Voici le pacte fiscal actuel. D&rsquo;un c\u00f4t\u00e9, <strong>la valeur locative gonfle artificiellement votre revenu imposable<\/strong>. En contrepartie, la TOU vous autorise \u00e0 d\u00e9duire de nombreuses charges r\u00e9elles.<\/p>\n<p>Les stars de ces d\u00e9ductions sont vos int\u00e9r\u00eats hypoth\u00e9caires et les frais d&rsquo;entretien du bien. Pour les frontaliers avec un gros emprunt, l&rsquo;op\u00e9ration est rentable. <strong>Le gain fiscal d\u00e9passe souvent le co\u00fbt du revenu fictif<\/strong>. C&rsquo;est math\u00e9matique.<\/p>\n<p>Ce m\u00e9canisme a transform\u00e9 la valeur locative en un formidable levier d&rsquo;optimisation pour les propri\u00e9taires frontaliers. Mais cet <strong>outil va bient\u00f4t dispara\u00eetre<\/strong>.<\/p>\n<h2 id=\"la-grande-clarification-non-la-reforme-ne-menace-pas-votre-statut\">La grande clarification : non, la r\u00e9forme ne menace pas votre statut<\/h2>\n<p><img decoding=\"async\" src=\"https:\/\/conseillerfinanciergeneve.ch\/wp-content\/uploads\/2025\/11\/clarification-statut-quasi-resident-and-valeur-locative.jpg\" alt=\"&lt;strong&gt;Graphique illustrant la diff\u00e9rence entre revenus r\u00e9els et valeur locative pour le statut quasi-r\u00e9sident&lt;\/strong&gt;\" \/><\/p>\n<p>Attaquons une id\u00e9e re\u00e7ue tenace qui inqui\u00e8te les frontaliers : le lien suppos\u00e9 entre la valeur locative et l&rsquo;<strong>\u00e9ligibilit\u00e9 au statut de quasi-r\u00e9sident<\/strong>.<\/p>\n<h3 id=\"le-seuil-des-90-une-regle-basee-uniquement-sur-vos-revenus-reels\">Le seuil des 90% : une r\u00e8gle bas\u00e9e uniquement sur vos revenus r\u00e9els<\/h3>\n<p>Soyons cat\u00e9goriques : la <strong>suppression de la valeur locative n&rsquo;a aucun impact<\/strong> sur l&rsquo;acc\u00e8s au statut de quasi-r\u00e9sident. Cette r\u00e9forme ne menace pas votre \u00e9ligibilit\u00e9. C&rsquo;est un point technique, mais crucial pour votre s\u00e9r\u00e9nit\u00e9.<\/p>\n<p>Le calcul du seuil des 90% <strong>repose exclusivement sur vos revenus bruts r\u00e9els<\/strong>, comme les salaires. La valeur locative est un revenu fictif, ajout\u00e9 uniquement apr\u00e8s l&rsquo;obtention du statut pour le calcul de l&rsquo;imp\u00f4t. Elle ne compte pas ici.<\/p>\n<h3 id=\"pourquoi-cette-confusion-est-elle-si-frequente\">Pourquoi cette confusion est-elle si fr\u00e9quente ?<\/h3>\n<p>La confusion persiste car ce montant figure bien sur votre d\u00e9claration. Il est souvent <strong>per\u00e7u, \u00e0 tort, comme une partie du revenu d\u00e9terminant<\/strong> pour le statut.<\/p>\n<p>Voici la chronologie r\u00e9elle : 1. Vous prouvez que 90% de vos revenus sont suisses. 2. Vous obtenez le statut. 3. <strong>Le fisc ajoute la valeur locative pour l&rsquo;imp\u00f4t final<\/strong>.<\/p>\n<p>En bref, l&rsquo;abolition de la valeur locative ne vous fera pas perdre votre statut. Mais elle en <strong>modifiera certainement la rentabilit\u00e9<\/strong>.<\/p>\n<h2 id=\"reforme-2028-ce-qui-change-concretement-pour-les-proprietaires-frontaliers\">R\u00e9forme 2028 : ce qui change concr\u00e8tement pour les propri\u00e9taires frontaliers<\/h2>\n<p>Rassur\u00e9 sur votre statut ? Parfait. Voyons maintenant le c\u0153ur du sujet : les <strong>changements tr\u00e8s concrets que la r\u00e9forme 2028<\/strong> va introduire dans votre portefeuille.<\/p>\n<h3>Adieu la valeur locative sur votre r\u00e9sidence principale<\/h3>\n<p>L&rsquo;\u00e9l\u00e9ment central de la r\u00e9forme est simple : <strong>la valeur locative sur la r\u00e9sidence principale sera supprim\u00e9e<\/strong>. C&rsquo;est la fin d&rsquo;un imp\u00f4t sur un revenu que vous ne touchez pas. Cette mesure s&rsquo;appliquera en Suisse comme en France pour les quasi-r\u00e9sidents.<\/p>\n<p>Cela touche aussi certaines r\u00e9sidences secondaires helv\u00e9tiques. Mais pour les frontaliers quasi-r\u00e9sidents, l&rsquo;enjeu majeur reste l&rsquo;<strong>abolition de cette taxation sur leur foyer principal<\/strong>. Notez bien la date : rien ne bougera avant la p\u00e9riode fiscale 2028. Pr\u00e9parez-vous maintenant.<\/p>\n<h3>La contrepartie : un coup de rabot massif sur les d\u00e9ductions immobili\u00e8res<\/h3>\n<p>La suppression de ce revenu n&rsquo;est pas un cadeau. En \u00e9change, le l\u00e9gislateur supprime ou limite fortement les d\u00e9ductions fiscales qui y \u00e9taient associ\u00e9es. C&rsquo;est un <strong>r\u00e9\u00e9quilibrage brutal mais logique<\/strong>.<\/p>\n<p>Le grand m\u00e9nage fiscal frappe directement vos avantages habituels. D&rsquo;apr\u00e8s les experts, <strong>l&rsquo;optimisation via la pierre va perdre de sa superbe<\/strong> avec ces nouvelles r\u00e8gles :<\/p>\n<ul>\n<li><strong><strong>Fin de la d\u00e9duction<\/strong><\/strong> des frais d&rsquo;entretien courants.<\/li>\n<li>Fin de la d\u00e9duction pour la plupart des travaux d&rsquo;\u00e9conomie d&rsquo;\u00e9nergie.<\/li>\n<li><strong>Plafonnement strict de la d\u00e9duction<\/strong> des int\u00e9r\u00eats hypoth\u00e9caires.<\/li>\n<\/ul>\n<h3>Impact sur l&rsquo;imp\u00f4t : une bonne nouvelle en trompe-l&rsquo;\u0153il ?<\/h3>\n<p>Pour un frontalier peu ou pas endett\u00e9, la suppression de la valeur locative est une excellente nouvelle. Son revenu imposable va m\u00e9caniquement baisser. Par ricochet, <strong>son imp\u00f4t diminuera aussi<\/strong>.<\/p>\n<p>Mais pour le frontalier avec un cr\u00e9dit immobilier important, le bilan est plus sombre. La perte des d\u00e9ductions sur les int\u00e9r\u00eats pourrait co\u00fbter plus cher que le gain r\u00e9alis\u00e9. Vous risquez de <strong>perdre au change<\/strong>.<\/p>\n<p>Chaque situation est unique. <strong>L&rsquo;optimisation fiscale bas\u00e9e sur la dette immobili\u00e8re en Suisse, c&rsquo;est bient\u00f4t termin\u00e9<\/strong>.<\/p>\n<h2 id=\"lapres-2028-repenser-son-optimisation-fiscale-de-quasi-resident\">L&rsquo;apr\u00e8s-2028 : repenser son optimisation fiscale de quasi-r\u00e9sident<\/h2>\n<p>Le d\u00e9cor change, les r\u00e8gles aussi. Alors, comment <strong>continuer \u00e0 tirer le meilleur parti<\/strong> de votre statut de quasi-r\u00e9sident apr\u00e8s 2028 ?<\/p>\n<h3>Le nouveau visage de la Taxation Ordinaire Ult\u00e9rieure (TOU)<\/h3>\n<p>La TOU ne dispara\u00eet pas. Elle reste l&rsquo;unique moyen pour un frontalier de d\u00e9duire ses charges personnelles et familiales de son revenu suisse. C&rsquo;est un <strong>outil qui demeure indispensable<\/strong> pour r\u00e9duire l&rsquo;imp\u00f4t \u00e0 la source.<\/p>\n<p>Son int\u00e9r\u00eat va simplement se recentrer. L&rsquo;attrait ne viendra plus de l&rsquo;optimisation immobili\u00e8re, mais <strong>d&rsquo;autres leviers fiscaux tout aussi puissants<\/strong>, voire plus. Le jeu change, mais il y a toujours une partie \u00e0 jouer.<\/p>\n<h3>Pr\u00e9voyance et charges familiales : les nouveaux piliers de la d\u00e9duction<\/h3>\n<p>L&rsquo;optimisation fiscale se concentrera sur des postes de d\u00e9duction qui, eux, ne changent pas. <strong>La pr\u00e9voyance professionnelle et priv\u00e9e devient la nouvelle star<\/strong> de votre strat\u00e9gie pour compenser la perte des d\u00e9ductions immobili\u00e8res.<\/p>\n<p>Voici les <strong>d\u00e9ductions qui gagneront en importance<\/strong> pour justifier une demande de TOU :<\/p>\n<ul>\n<li>The <strong>rachats d&rsquo;ann\u00e9es de cotisations LPP<\/strong> (2\u00e8me pilier).<\/li>\n<li>The <strong>versements sur un compte<\/strong> de 3\u00e8me pilier A.<\/li>\n<li>The <strong>frais de garde d&rsquo;enfants<\/strong>.<\/li>\n<li>The <strong>pensions alimentaires vers\u00e9es<\/strong>.<\/li>\n<li>The <strong>frais de formation continue<\/strong>.<\/li>\n<\/ul>\n<h3>L&rsquo;immobilier : une optimisation qui retourne du c\u00f4t\u00e9 fran\u00e7ais<\/h3>\n<p>Avec la fin des d\u00e9ductions d&rsquo;int\u00e9r\u00eats et d&rsquo;entretien en Suisse, <strong>la gestion fiscale de votre bien immobilier en France ne concernera plus que&#8230; la France<\/strong>. Le syst\u00e8me devient plus logique et bien moins complexe pour les propri\u00e9taires.<\/p>\n<p>Les strat\u00e9gies li\u00e9es aux travaux, aux d\u00e9ficits fonciers ou aux int\u00e9r\u00eats d&#8217;emprunt devront \u00eatre pens\u00e9es pour <strong>all\u00e9ger votre fiscalit\u00e9 fran\u00e7aise<\/strong>. Cela demande une vision globale de votre situation, une v\u00e9ritable <a href=\"https:\/\/conseillerfinanciergeneve.ch\/en\/gestion-patrimoine-suisse-romande\/\">gestion de patrimoine en Suisse romande<\/a> et au-del\u00e0 pour ne rien perdre.<\/p>\n<h2 id=\"cas-pratiques-et-preparation-que-faire-avant-2028\">Cas pratiques et pr\u00e9paration : que faire avant 2028 ?<\/h2>\n<h3>Avant\/apr\u00e8s 2028 : simulation pour un frontalier propri\u00e9taire<\/h3>\n<p>Pour visualiser l&rsquo;impact, rien de tel qu&rsquo;un <strong>exemple chiffr\u00e9<\/strong>. Comparons la situation d&rsquo;un m\u00eame frontalier avant et apr\u00e8s la r\u00e9forme 2028.<\/p>\n<p>Le tableau ci-dessous simplifie le calcul pour illustrer le <strong>changement de paradigme<\/strong>.<\/p>\n<div style=\"overflow: auto; max-width: 100%;\">\n<table>\n<thead>\n<tr>\n<th>\u00c9l\u00e9ment fiscal<\/th>\n<th>Situation AVANT 2028<\/th>\n<th>Situation APR\u00c8S 2028<\/th>\n<\/tr>\n<\/thead>\n<tbody>\n<tr>\n<td>Salaire brut imposable<\/td>\n<td>120&rsquo;000 CHF<\/td>\n<td>120&rsquo;000 CHF<\/td>\n<\/tr>\n<tr>\n<td>Valeur locative (revenu fictif)<\/td>\n<td>+ 15&rsquo;000 CHF<\/td>\n<td>0 CHF<\/td>\n<\/tr>\n<tr>\n<td>D\u00e9duction int\u00e9r\u00eats hypoth\u00e9caires<\/td>\n<td>&#8211; 10&rsquo;000 CHF<\/td>\n<td>&#8211; 3&rsquo;000 CHF (exemple de limitation)<\/td>\n<\/tr>\n<tr>\n<td>D\u00e9duction frais d&rsquo;entretien<\/td>\n<td>&#8211; 5&rsquo;000 CHF<\/td>\n<td>0 CHF<\/td>\n<\/tr>\n<tr>\n<td>Revenu imposable final<\/td>\n<td>120&rsquo;000 CHF<\/td>\n<td>117&rsquo;000 CHF<\/td>\n<\/tr>\n<tr>\n<td>Bilan<\/td>\n<td>L&rsquo;optimisation par la dette r\u00e9duit le revenu imposable.<\/td>\n<td>Le revenu imposable baisse l\u00e9g\u00e8rement, mais les grosses d\u00e9ductions ont disparu.<\/td>\n<\/tr>\n<\/tbody>\n<\/table>\n<\/div>\n<h3>Votre checklist personnelle pour anticiper la r\u00e9forme<\/h3>\n<p>L&rsquo;\u00e9ch\u00e9ance de 2028 peut sembler lointaine, mais c&rsquo;est <strong>maintenant qu&rsquo;il faut agir<\/strong>. Attendre serait une erreur.<\/p>\n<p>Voici une feuille de route simple pour <strong>ne pas \u00eatre pris au d\u00e9pourvu<\/strong>.<\/p>\n<ol>\n<li><strong>Faire le point sur votre dette<\/strong> : Analysez votre cr\u00e9dit immobilier. Un remboursement anticip\u00e9 partiel est-il pertinent avant la fin de la d\u00e9ductibilit\u00e9 des int\u00e9r\u00eats ?<\/li>\n<li><strong>Simuler votre futur imp\u00f4t<\/strong> : Calculez l&rsquo;impact de la r\u00e9forme sur votre situation personnelle. L&rsquo;int\u00e9r\u00eat de la TOU sera-t-il toujours aussi \u00e9vident ?<\/li>\n<li><strong>Explorer les autres d\u00e9ductions<\/strong> : Est-ce le bon moment pour planifier des rachats LPP ou ouvrir un 3\u00e8me pilier ?<\/li>\n<li>Consulter un expert : La <a href=\"https:\/\/conseillerfinanciergeneve.ch\/en\/fiscalite-frontaliers\/\">fiscalit\u00e9 des frontaliers<\/a> est un domaine sp\u00e9cifique. Pour une analyse fine, le recours \u00e0 une <a href=\"https:\/\/conseillerfinanciergeneve.ch\/en\/prendre-rendez-vous\/\"><strong>bonne fiduciaire en Suisse<\/strong><\/a> ou un conseiller financier est plus que recommand\u00e9.<\/li>\n<\/ol>\n<p>En somme, la suppression de la valeur locative ne signe pas la fin du statut de quasi-r\u00e9sident, mais <strong>transforme son int\u00e9r\u00eat<\/strong>. Si l&rsquo;optimisation immobili\u00e8re s&rsquo;efface, <strong>la pr\u00e9voyance et les charges familiales deviennent les nouveaux moteurs<\/strong> de la TOU. Anticipez d\u00e8s maintenant ces changements pour <strong>adapter votre strat\u00e9gie fiscale<\/strong> avant 2028.<\/p>","protected":false},"excerpt":{"rendered":"<p>L&rsquo;essentiel \u00e0 retenir : la suppression de la valeur locative d\u00e8s 2028 ne menace pas l&rsquo;acc\u00e8s au statut de quasi-r\u00e9sident mais bouleverse son \u00e9quilibre financier. La disparition de ce revenu fictif s&rsquo;accompagne d&rsquo;une r\u00e9duction drastique des d\u00e9ductions immobili\u00e8res, d\u00e9pla\u00e7ant l&rsquo;optimisation fiscale de la dette vers la pr\u00e9voyance et les charges familiales pour maintenir l&rsquo;attrait de [&hellip;]<\/p>\n","protected":false},"author":1,"featured_media":5021,"comment_status":"open","ping_status":"open","sticky":false,"template":"","format":"standard","meta":{"footnotes":""},"categories":[11],"tags":[],"class_list":["post-5020","post","type-post","status-publish","format-standard","has-post-thumbnail","hentry","category-fiscalite"],"yoast_head":"<!-- This site is optimized with the Yoast SEO plugin v27.5 - https:\/\/yoast.com\/product\/yoast-seo-wordpress\/ -->\n<title>Valeur locative frontaliers quasi-r\u00e9sidents - Le guide<\/title>\n<meta name=\"description\" content=\"Valeur locative frontaliers quasi-r\u00e9sidents suisse : anticipez la r\u00e9forme 2028. Quel impact sur vos imp\u00f4ts et la TOU ? Analyse compl\u00e8te.\" \/>\n<meta name=\"robots\" content=\"index, follow, max-snippet:-1, max-image-preview:large, max-video-preview:-1\" \/>\n<link rel=\"canonical\" href=\"https:\/\/conseillerfinanciergeneve.ch\/en\/valeur-locative-suisse\/\" \/>\n<meta property=\"og:locale\" content=\"en_US\" \/>\n<meta property=\"og:type\" content=\"article\" \/>\n<meta property=\"og:title\" content=\"Valeur locative frontaliers quasi-r\u00e9sidents - Le guide\" \/>\n<meta property=\"og:description\" content=\"Valeur locative frontaliers quasi-r\u00e9sidents suisse : anticipez la r\u00e9forme 2028. Quel impact sur vos imp\u00f4ts et la TOU ? Analyse compl\u00e8te.\" \/>\n<meta property=\"og:url\" content=\"https:\/\/conseillerfinanciergeneve.ch\/en\/valeur-locative-suisse\/\" \/>\n<meta property=\"og:site_name\" content=\"Conseiller financier Gen&egrave;ve\" \/>\n<meta property=\"article:published_time\" content=\"2025-11-25T00:11:41+00:00\" \/>\n<meta property=\"article:modified_time\" content=\"2025-11-25T14:27:24+00:00\" \/>\n<meta property=\"og:image\" content=\"https:\/\/conseillerfinanciergeneve.ch\/wp-content\/uploads\/2025\/11\/anticipating-2028-urban-innovation-alpine-horizon.jpg\" \/>\n\t<meta property=\"og:image:width\" content=\"1600\" \/>\n\t<meta property=\"og:image:height\" content=\"893\" \/>\n\t<meta property=\"og:image:type\" content=\"image\/jpeg\" \/>\n<meta name=\"author\" content=\"administrateur\" \/>\n<meta name=\"twitter:card\" content=\"summary_large_image\" \/>\n<meta name=\"twitter:label1\" content=\"Written by\" \/>\n\t<meta name=\"twitter:data1\" content=\"administrateur\" \/>\n\t<meta name=\"twitter:label2\" content=\"Est. reading time\" \/>\n\t<meta name=\"twitter:data2\" content=\"8 minutes\" \/>\n<script type=\"application\/ld+json\" class=\"yoast-schema-graph\">{\"@context\":\"https:\\\/\\\/schema.org\",\"@graph\":[{\"@type\":\"Article\",\"@id\":\"https:\\\/\\\/conseillerfinanciergeneve.ch\\\/valeur-locative-suisse\\\/#article\",\"isPartOf\":{\"@id\":\"https:\\\/\\\/conseillerfinanciergeneve.ch\\\/valeur-locative-suisse\\\/\"},\"author\":{\"name\":\"administrateur\",\"@id\":\"https:\\\/\\\/conseillerfinanciergeneve.ch\\\/#\\\/schema\\\/person\\\/fe24fe6787fe0cb362b7de00dd996498\"},\"headline\":\"Valeur locative frontaliers quasi-r\u00e9sidents suisse : 2028\",\"datePublished\":\"2025-11-25T00:11:41+00:00\",\"dateModified\":\"2025-11-25T14:27:24+00:00\",\"mainEntityOfPage\":{\"@id\":\"https:\\\/\\\/conseillerfinanciergeneve.ch\\\/valeur-locative-suisse\\\/\"},\"wordCount\":1851,\"commentCount\":0,\"publisher\":{\"@id\":\"https:\\\/\\\/conseillerfinanciergeneve.ch\\\/#organization\"},\"image\":{\"@id\":\"https:\\\/\\\/conseillerfinanciergeneve.ch\\\/valeur-locative-suisse\\\/#primaryimage\"},\"thumbnailUrl\":\"https:\\\/\\\/conseillerfinanciergeneve.ch\\\/wp-content\\\/uploads\\\/2025\\\/11\\\/anticipating-2028-urban-innovation-alpine-horizon.jpg\",\"articleSection\":[\"Fiscalit\u00e9\"],\"inLanguage\":\"en-US\",\"potentialAction\":[{\"@type\":\"CommentAction\",\"name\":\"Comment\",\"target\":[\"https:\\\/\\\/conseillerfinanciergeneve.ch\\\/valeur-locative-suisse\\\/#respond\"]}]},{\"@type\":\"WebPage\",\"@id\":\"https:\\\/\\\/conseillerfinanciergeneve.ch\\\/valeur-locative-suisse\\\/\",\"url\":\"https:\\\/\\\/conseillerfinanciergeneve.ch\\\/valeur-locative-suisse\\\/\",\"name\":\"Valeur locative frontaliers quasi-r\u00e9sidents - Le guide\",\"isPartOf\":{\"@id\":\"https:\\\/\\\/conseillerfinanciergeneve.ch\\\/#website\"},\"primaryImageOfPage\":{\"@id\":\"https:\\\/\\\/conseillerfinanciergeneve.ch\\\/valeur-locative-suisse\\\/#primaryimage\"},\"image\":{\"@id\":\"https:\\\/\\\/conseillerfinanciergeneve.ch\\\/valeur-locative-suisse\\\/#primaryimage\"},\"thumbnailUrl\":\"https:\\\/\\\/conseillerfinanciergeneve.ch\\\/wp-content\\\/uploads\\\/2025\\\/11\\\/anticipating-2028-urban-innovation-alpine-horizon.jpg\",\"datePublished\":\"2025-11-25T00:11:41+00:00\",\"dateModified\":\"2025-11-25T14:27:24+00:00\",\"description\":\"Valeur locative frontaliers quasi-r\u00e9sidents suisse : anticipez la r\u00e9forme 2028. Quel impact sur vos imp\u00f4ts et la TOU ? Analyse compl\u00e8te.\",\"breadcrumb\":{\"@id\":\"https:\\\/\\\/conseillerfinanciergeneve.ch\\\/valeur-locative-suisse\\\/#breadcrumb\"},\"inLanguage\":\"en-US\",\"potentialAction\":[{\"@type\":\"ReadAction\",\"target\":[\"https:\\\/\\\/conseillerfinanciergeneve.ch\\\/valeur-locative-suisse\\\/\"]}]},{\"@type\":\"ImageObject\",\"inLanguage\":\"en-US\",\"@id\":\"https:\\\/\\\/conseillerfinanciergeneve.ch\\\/valeur-locative-suisse\\\/#primaryimage\",\"url\":\"https:\\\/\\\/conseillerfinanciergeneve.ch\\\/wp-content\\\/uploads\\\/2025\\\/11\\\/anticipating-2028-urban-innovation-alpine-horizon.jpg\",\"contentUrl\":\"https:\\\/\\\/conseillerfinanciergeneve.ch\\\/wp-content\\\/uploads\\\/2025\\\/11\\\/anticipating-2028-urban-innovation-alpine-horizon.jpg\",\"width\":1600,\"height\":893},{\"@type\":\"BreadcrumbList\",\"@id\":\"https:\\\/\\\/conseillerfinanciergeneve.ch\\\/valeur-locative-suisse\\\/#breadcrumb\",\"itemListElement\":[{\"@type\":\"ListItem\",\"position\":1,\"name\":\"Accueil\",\"item\":\"https:\\\/\\\/conseillerfinanciergeneve.ch\\\/\"},{\"@type\":\"ListItem\",\"position\":2,\"name\":\"Fiscalit\u00e9\",\"item\":\"https:\\\/\\\/conseillerfinanciergeneve.ch\\\/fiscalite\\\/\"},{\"@type\":\"ListItem\",\"position\":3,\"name\":\"Valeur locative frontaliers quasi-r\u00e9sidents suisse : 2028\"}]},{\"@type\":\"WebSite\",\"@id\":\"https:\\\/\\\/conseillerfinanciergeneve.ch\\\/#website\",\"url\":\"https:\\\/\\\/conseillerfinanciergeneve.ch\\\/\",\"name\":\"Conseiller financier Gen\u00e8ve\",\"description\":\"\",\"publisher\":{\"@id\":\"https:\\\/\\\/conseillerfinanciergeneve.ch\\\/#organization\"},\"potentialAction\":[{\"@type\":\"SearchAction\",\"target\":{\"@type\":\"EntryPoint\",\"urlTemplate\":\"https:\\\/\\\/conseillerfinanciergeneve.ch\\\/?s={search_term_string}\"},\"query-input\":{\"@type\":\"PropertyValueSpecification\",\"valueRequired\":true,\"valueName\":\"search_term_string\"}}],\"inLanguage\":\"en-US\"},{\"@type\":\"Organization\",\"@id\":\"https:\\\/\\\/conseillerfinanciergeneve.ch\\\/#organization\",\"name\":\"Conseiller financier Gen\u00e8ve\",\"url\":\"https:\\\/\\\/conseillerfinanciergeneve.ch\\\/\",\"logo\":{\"@type\":\"ImageObject\",\"inLanguage\":\"en-US\",\"@id\":\"https:\\\/\\\/conseillerfinanciergeneve.ch\\\/#\\\/schema\\\/logo\\\/image\\\/\",\"url\":\"https:\\\/\\\/conseillerfinanciergeneve.ch\\\/wp-content\\\/uploads\\\/2024\\\/11\\\/cropped-cropped-conseiller-financier-2-2.png\",\"contentUrl\":\"https:\\\/\\\/conseillerfinanciergeneve.ch\\\/wp-content\\\/uploads\\\/2024\\\/11\\\/cropped-cropped-conseiller-financier-2-2.png\",\"width\":499,\"height\":258,\"caption\":\"Conseiller financier Gen\u00e8ve\"},\"image\":{\"@id\":\"https:\\\/\\\/conseillerfinanciergeneve.ch\\\/#\\\/schema\\\/logo\\\/image\\\/\"}},{\"@type\":\"Person\",\"@id\":\"https:\\\/\\\/conseillerfinanciergeneve.ch\\\/#\\\/schema\\\/person\\\/fe24fe6787fe0cb362b7de00dd996498\",\"name\":\"administrateur\",\"image\":{\"@type\":\"ImageObject\",\"inLanguage\":\"en-US\",\"@id\":\"https:\\\/\\\/secure.gravatar.com\\\/avatar\\\/4a8b18800befc1a369b14c97823a8dcd4c383cddeeda04aa2c53e53058caa45e?s=96&d=mm&r=g\",\"url\":\"https:\\\/\\\/secure.gravatar.com\\\/avatar\\\/4a8b18800befc1a369b14c97823a8dcd4c383cddeeda04aa2c53e53058caa45e?s=96&d=mm&r=g\",\"contentUrl\":\"https:\\\/\\\/secure.gravatar.com\\\/avatar\\\/4a8b18800befc1a369b14c97823a8dcd4c383cddeeda04aa2c53e53058caa45e?s=96&d=mm&r=g\",\"caption\":\"administrateur\"},\"sameAs\":[\"https:\\\/\\\/conseillerfinanciergeneve.ch\"],\"url\":\"https:\\\/\\\/conseillerfinanciergeneve.ch\\\/en\\\/author\\\/admin\\\/\"}]}<\/script>\n<!-- \/ Yoast SEO plugin. -->","yoast_head_json":{"title":"Valeur locative frontaliers quasi-r\u00e9sidents - Le guide","description":"Valeur locative frontaliers quasi-r\u00e9sidents suisse : anticipez la r\u00e9forme 2028. Quel impact sur vos imp\u00f4ts et la TOU ? Analyse compl\u00e8te.","robots":{"index":"index","follow":"follow","max-snippet":"max-snippet:-1","max-image-preview":"max-image-preview:large","max-video-preview":"max-video-preview:-1"},"canonical":"https:\/\/conseillerfinanciergeneve.ch\/en\/valeur-locative-suisse\/","og_locale":"en_US","og_type":"article","og_title":"Valeur locative frontaliers quasi-r\u00e9sidents - Le guide","og_description":"Valeur locative frontaliers quasi-r\u00e9sidents suisse : anticipez la r\u00e9forme 2028. Quel impact sur vos imp\u00f4ts et la TOU ? Analyse compl\u00e8te.","og_url":"https:\/\/conseillerfinanciergeneve.ch\/en\/valeur-locative-suisse\/","og_site_name":"Conseiller financier Gen&egrave;ve","article_published_time":"2025-11-25T00:11:41+00:00","article_modified_time":"2025-11-25T14:27:24+00:00","og_image":[{"width":1600,"height":893,"url":"https:\/\/conseillerfinanciergeneve.ch\/wp-content\/uploads\/2025\/11\/anticipating-2028-urban-innovation-alpine-horizon.jpg","type":"image\/jpeg"}],"author":"administrateur","twitter_card":"summary_large_image","twitter_misc":{"Written by":"administrateur","Est. reading time":"8 minutes"},"schema":{"@context":"https:\/\/schema.org","@graph":[{"@type":"Article","@id":"https:\/\/conseillerfinanciergeneve.ch\/valeur-locative-suisse\/#article","isPartOf":{"@id":"https:\/\/conseillerfinanciergeneve.ch\/valeur-locative-suisse\/"},"author":{"name":"administrateur","@id":"https:\/\/conseillerfinanciergeneve.ch\/#\/schema\/person\/fe24fe6787fe0cb362b7de00dd996498"},"headline":"Valeur locative frontaliers quasi-r\u00e9sidents suisse : 2028","datePublished":"2025-11-25T00:11:41+00:00","dateModified":"2025-11-25T14:27:24+00:00","mainEntityOfPage":{"@id":"https:\/\/conseillerfinanciergeneve.ch\/valeur-locative-suisse\/"},"wordCount":1851,"commentCount":0,"publisher":{"@id":"https:\/\/conseillerfinanciergeneve.ch\/#organization"},"image":{"@id":"https:\/\/conseillerfinanciergeneve.ch\/valeur-locative-suisse\/#primaryimage"},"thumbnailUrl":"https:\/\/conseillerfinanciergeneve.ch\/wp-content\/uploads\/2025\/11\/anticipating-2028-urban-innovation-alpine-horizon.jpg","articleSection":["Fiscalit\u00e9"],"inLanguage":"en-US","potentialAction":[{"@type":"CommentAction","name":"Comment","target":["https:\/\/conseillerfinanciergeneve.ch\/valeur-locative-suisse\/#respond"]}]},{"@type":"WebPage","@id":"https:\/\/conseillerfinanciergeneve.ch\/valeur-locative-suisse\/","url":"https:\/\/conseillerfinanciergeneve.ch\/valeur-locative-suisse\/","name":"Valeur locative frontaliers quasi-r\u00e9sidents - Le guide","isPartOf":{"@id":"https:\/\/conseillerfinanciergeneve.ch\/#website"},"primaryImageOfPage":{"@id":"https:\/\/conseillerfinanciergeneve.ch\/valeur-locative-suisse\/#primaryimage"},"image":{"@id":"https:\/\/conseillerfinanciergeneve.ch\/valeur-locative-suisse\/#primaryimage"},"thumbnailUrl":"https:\/\/conseillerfinanciergeneve.ch\/wp-content\/uploads\/2025\/11\/anticipating-2028-urban-innovation-alpine-horizon.jpg","datePublished":"2025-11-25T00:11:41+00:00","dateModified":"2025-11-25T14:27:24+00:00","description":"Valeur locative frontaliers quasi-r\u00e9sidents suisse : anticipez la r\u00e9forme 2028. Quel impact sur vos imp\u00f4ts et la TOU ? Analyse compl\u00e8te.","breadcrumb":{"@id":"https:\/\/conseillerfinanciergeneve.ch\/valeur-locative-suisse\/#breadcrumb"},"inLanguage":"en-US","potentialAction":[{"@type":"ReadAction","target":["https:\/\/conseillerfinanciergeneve.ch\/valeur-locative-suisse\/"]}]},{"@type":"ImageObject","inLanguage":"en-US","@id":"https:\/\/conseillerfinanciergeneve.ch\/valeur-locative-suisse\/#primaryimage","url":"https:\/\/conseillerfinanciergeneve.ch\/wp-content\/uploads\/2025\/11\/anticipating-2028-urban-innovation-alpine-horizon.jpg","contentUrl":"https:\/\/conseillerfinanciergeneve.ch\/wp-content\/uploads\/2025\/11\/anticipating-2028-urban-innovation-alpine-horizon.jpg","width":1600,"height":893},{"@type":"BreadcrumbList","@id":"https:\/\/conseillerfinanciergeneve.ch\/valeur-locative-suisse\/#breadcrumb","itemListElement":[{"@type":"ListItem","position":1,"name":"Accueil","item":"https:\/\/conseillerfinanciergeneve.ch\/"},{"@type":"ListItem","position":2,"name":"Fiscalit\u00e9","item":"https:\/\/conseillerfinanciergeneve.ch\/fiscalite\/"},{"@type":"ListItem","position":3,"name":"Valeur locative frontaliers quasi-r\u00e9sidents suisse : 2028"}]},{"@type":"WebSite","@id":"https:\/\/conseillerfinanciergeneve.ch\/#website","url":"https:\/\/conseillerfinanciergeneve.ch\/","name":"Financial advisor Geneva","description":"","publisher":{"@id":"https:\/\/conseillerfinanciergeneve.ch\/#organization"},"potentialAction":[{"@type":"SearchAction","target":{"@type":"EntryPoint","urlTemplate":"https:\/\/conseillerfinanciergeneve.ch\/?s={search_term_string}"},"query-input":{"@type":"PropertyValueSpecification","valueRequired":true,"valueName":"search_term_string"}}],"inLanguage":"en-US"},{"@type":"Organization","@id":"https:\/\/conseillerfinanciergeneve.ch\/#organization","name":"Financial advisor Geneva","url":"https:\/\/conseillerfinanciergeneve.ch\/","logo":{"@type":"ImageObject","inLanguage":"en-US","@id":"https:\/\/conseillerfinanciergeneve.ch\/#\/schema\/logo\/image\/","url":"https:\/\/conseillerfinanciergeneve.ch\/wp-content\/uploads\/2024\/11\/cropped-cropped-conseiller-financier-2-2.png","contentUrl":"https:\/\/conseillerfinanciergeneve.ch\/wp-content\/uploads\/2024\/11\/cropped-cropped-conseiller-financier-2-2.png","width":499,"height":258,"caption":"Conseiller financier Gen\u00e8ve"},"image":{"@id":"https:\/\/conseillerfinanciergeneve.ch\/#\/schema\/logo\/image\/"}},{"@type":"Person","@id":"https:\/\/conseillerfinanciergeneve.ch\/#\/schema\/person\/fe24fe6787fe0cb362b7de00dd996498","name":"administrateur","image":{"@type":"ImageObject","inLanguage":"en-US","@id":"https:\/\/secure.gravatar.com\/avatar\/4a8b18800befc1a369b14c97823a8dcd4c383cddeeda04aa2c53e53058caa45e?s=96&d=mm&r=g","url":"https:\/\/secure.gravatar.com\/avatar\/4a8b18800befc1a369b14c97823a8dcd4c383cddeeda04aa2c53e53058caa45e?s=96&d=mm&r=g","contentUrl":"https:\/\/secure.gravatar.com\/avatar\/4a8b18800befc1a369b14c97823a8dcd4c383cddeeda04aa2c53e53058caa45e?s=96&d=mm&r=g","caption":"administrateur"},"sameAs":["https:\/\/conseillerfinanciergeneve.ch"],"url":"https:\/\/conseillerfinanciergeneve.ch\/en\/author\/admin\/"}]}},"_links":{"self":[{"href":"https:\/\/conseillerfinanciergeneve.ch\/en\/wp-json\/wp\/v2\/posts\/5020","targetHints":{"allow":["GET"]}}],"collection":[{"href":"https:\/\/conseillerfinanciergeneve.ch\/en\/wp-json\/wp\/v2\/posts"}],"about":[{"href":"https:\/\/conseillerfinanciergeneve.ch\/en\/wp-json\/wp\/v2\/types\/post"}],"author":[{"embeddable":true,"href":"https:\/\/conseillerfinanciergeneve.ch\/en\/wp-json\/wp\/v2\/users\/1"}],"replies":[{"embeddable":true,"href":"https:\/\/conseillerfinanciergeneve.ch\/en\/wp-json\/wp\/v2\/comments?post=5020"}],"version-history":[{"count":4,"href":"https:\/\/conseillerfinanciergeneve.ch\/en\/wp-json\/wp\/v2\/posts\/5020\/revisions"}],"predecessor-version":[{"id":5027,"href":"https:\/\/conseillerfinanciergeneve.ch\/en\/wp-json\/wp\/v2\/posts\/5020\/revisions\/5027"}],"wp:featuredmedia":[{"embeddable":true,"href":"https:\/\/conseillerfinanciergeneve.ch\/en\/wp-json\/wp\/v2\/media\/5021"}],"wp:attachment":[{"href":"https:\/\/conseillerfinanciergeneve.ch\/en\/wp-json\/wp\/v2\/media?parent=5020"}],"wp:term":[{"taxonomy":"category","embeddable":true,"href":"https:\/\/conseillerfinanciergeneve.ch\/en\/wp-json\/wp\/v2\/categories?post=5020"},{"taxonomy":"post_tag","embeddable":true,"href":"https:\/\/conseillerfinanciergeneve.ch\/en\/wp-json\/wp\/v2\/tags?post=5020"}],"curies":[{"name":"wp","href":"https:\/\/api.w.org\/{rel}","templated":true}]}}