{"id":5481,"date":"2026-03-14T10:05:43","date_gmt":"2026-03-14T08:05:43","guid":{"rendered":"https:\/\/conseillerfinanciergeneve.ch\/?p=5481"},"modified":"2026-02-26T00:00:56","modified_gmt":"2026-02-25T22:00:56","slug":"lamal-cmu-frontaliers","status":"publish","type":"post","link":"https:\/\/conseillerfinanciergeneve.ch\/en\/lamal-cmu-frontaliers\/","title":{"rendered":"Assurance maladie frontaliers : simplifier vos d\u00e9marches"},"content":{"rendered":"<p><script src=\"https:\/\/cdn.jsdelivr.net\/npm\/@alpinejs\/csp@3\/dist\/cdn.min.js\" defer><\/script><\/p>\n<style>.wwc { --wwc-primary: #3b82f6; }<\/style>\n<div class=\"wwc\">L\u2019essentiel \u00e0 retenir : l&rsquo;exercice du droit d&rsquo;option entre la CMU et la LAMal <strong>s&rsquo;av\u00e8re irr\u00e9vocable durant toute la carri\u00e8re helv\u00e9tique<\/strong>. Ce choix strat\u00e9gique, \u00e0 valider sous trois mois, garantit une <strong>s\u00e9curit\u00e9 financi\u00e8re et un acc\u00e8s optimal aux soins<\/strong>. En 2024, la population frontali\u00e8re atteint 234 000 personnes, soulignant l&rsquo;importance d&rsquo;un <strong>arbitrage \u00e9clair\u00e9 pour \u00e9viter une affiliation d&rsquo;office contraignante<\/strong>.<\/div>\n<p>Face \u00e0 l\u2019engrenage administratif helv\u00e9tique, redoutez-vous que votre assurance maladie frontaliers ne devienne un v\u00e9ritable gouffre financier \u00e0 cause d&rsquo;un simple retard de formulaire ou d&rsquo;une affiliation d&rsquo;office ? Nous analysons pour vous les m\u00e9canismes du droit d&rsquo;option et les param\u00e8tres des cotisations CNTFS afin de transformer ce labyrinthe bureaucratique en un <strong>levier concret d&rsquo;optimisation patrimoniale<\/strong>. Ma\u00eetrisez d\u00e8s maintenant les d\u00e9lais de rigueur ainsi que les crit\u00e8res d&rsquo;\u00e9ligibilit\u00e9 aux subsides cantonaux pour prot\u00e9ger durablement votre reste \u00e0 vivre tout en garantissant une couverture sant\u00e9 exemplaire pour votre famille de part et d&rsquo;autre de la fronti\u00e8re.<\/p>\n<ol>\n<li><a href=\"#droit-option-arbitrage-decisif-pression-temporelle\">Le droit d&rsquo;option : un arbitrage d\u00e9cisif sous haute pression temporelle<\/a><\/li>\n<li><a href=\"#arbitrage-financier-lamal-versus-cotisations-urssaf-2026\">Arbitrage financier : primes LAMal versus cotisations Urssaf en 2026<\/a><\/li>\n<li><a href=\"#formalites-administratives-guide-debloquer-formulaires-s1-e106\">Formalit\u00e9s administratives : le guide pour d\u00e9bloquer les formulaires S1 et E106<\/a><\/li>\n<li><a href=\"#prospective-patrimoine-securiser-situation-au-dela-sante\">Prospective et patrimoine : s\u00e9curiser sa situation au-del\u00e0 de la sant\u00e9<\/a><\/li>\n<\/ol>\n<h2 id=\"droit-option-arbitrage-decisif-pression-temporelle\">Le droit d&rsquo;option : un arbitrage d\u00e9cisif sous haute pression temporelle<\/h2>\n<p>Apr\u00e8s avoir d\u00e9croch\u00e9 votre contrat en Suisse, la premi\u00e8re urgence n&rsquo;est pas votre bureau, mais <strong>votre couverture sant\u00e9<\/strong>.<\/p>\n<div style=\"position: relative; padding-bottom: 56.25%; height: 0; overflow: hidden; max-width: 100%; margin: 1.5rem 0;\"><iframe style=\"position: absolute; top: 0; left: 0; width: 100%; height: 100%; border: 0;\" title=\"Tout savoir sur l'assurance maladie des frontaliers en Suisse | Ep. #12\" src=\"https:\/\/www.youtube.com\/embed\/XPE6lYa9Yec\" allowfullscreen=\"allowfullscreen\"><br \/>\n<\/iframe><\/div>\n<div class=\"wwc\">\n<div class=\"wwc-title\">Alerte vigilance<\/div>\n<p>Le compte \u00e0 rebours de 90 jours d\u00e9marre d\u00e8s le premier jour de travail. Le silence entra\u00eene une <strong>affiliation d&rsquo;office co\u00fbteuse et irr\u00e9vocable<\/strong>.<\/p>\n<\/div>\n<p><img decoding=\"async\" src=\"https:\/\/conseillerfinanciergeneve.ch\/wp-content\/uploads\/2026\/02\/droit-doption-arbitrage-decisif.jpg\" alt=\"Droit d'option assurance maladie frontaliers\" \/><\/p>\n<h3>Ma\u00eetriser le d\u00e9lai de trois mois pour \u00e9carter l&rsquo;affiliation d&rsquo;office<\/h3>\n<p>Votre <strong>compte \u00e0 rebours de 90 jours s&rsquo;active<\/strong> d\u00e8s votre premier jour de travail. C&rsquo;est le point de d\u00e9part l\u00e9gal immuable. Bref n&rsquo;attendez pas pour agir maintenant.<\/p>\n<p>Nous constatons qu&rsquo;un silence prolong\u00e9 d\u00e9clenche une <strong>affiliation d&rsquo;office en Suisse<\/strong>. Cela p\u00e8se souvent lourd sur le budget frontalier.<\/p>\n<p>Remplir le formulaire de <strong>choix du syst\u00e8me s&rsquo;av\u00e8re indispensable pour votre protection<\/strong>. Consultez ce guide sur le <a href=\"https:\/\/conseillerfinanciergeneve.ch\/droit-option-cmu-lamal\/\">Droit d&rsquo;Option : Choisissez entre CMU et LAMAL<\/a> pour d\u00e9cider.<\/p>\n<p>Ce choix engage directement votre <strong>budget mensuel<\/strong>. Ne n\u00e9gligez surtout pas cette paperasse initiale obligatoire.<\/p>\n<h3>Caract\u00e8re d\u00e9finitif du choix et conditions de r\u00e9ouverture du dossier<\/h3>\n<p>Opter pour la CMU ou la LAMal s&rsquo;av\u00e8re normalement <strong>irr\u00e9vocable durant toute votre carri\u00e8re helv\u00e9tique<\/strong>. C&rsquo;est une d\u00e9cision de long terme. Ne comptez pas changer d&rsquo;avis l&rsquo;an prochain. R\u00e9fl\u00e9chissez bien avant de signer votre document d\u00e9finitif.<\/p>\n<p>Seuls des <strong>\u00e9v\u00e9nements majeurs permettent de rouvrir ce droit sp\u00e9cifique<\/strong>. Le ch\u00f4mage ou un retour d\u00e9finitif en France comptent.<\/p>\n<p>Le passage \u00e0 la retraite constitue aussi une fen\u00eatre de tir l\u00e9gale. C&rsquo;est une <strong>opportunit\u00e9 rare \u00e0 saisir absolument<\/strong>.<\/p>\n<p>Hors ces cas pr\u00e9cis vous restez bloqu\u00e9. Soyez donc <strong>extr\u00eamement vigilant d\u00e8s votre d\u00e9part<\/strong>.<\/p>\n<h2 id=\"arbitrage-financier-lamal-versus-cotisations-urssaf-2026\">Arbitrage financier : primes LAMal versus cotisations Urssaf en 2026<\/h2>\n<p>Au-del\u00e0 des d\u00e9lais, <strong>votre reste \u00e0 vivre dictera votre pr\u00e9f\u00e9rence<\/strong> entre les deux syst\u00e8mes.<\/p>\n<p><img decoding=\"async\" src=\"https:\/\/conseillerfinanciergeneve.ch\/wp-content\/uploads\/2026\/02\/lamal-ou-urssaf-arbitrage-2026.jpg\" alt=\"Arbitrage financier entre assurance maladie frontaliers LAMal et URSSAF en 2026\" \/><\/p>\n<div class=\"wwc\">\n<div class=\"wwc-title\">Chiffres 2024<\/div>\n<p><strong>234 000 frontaliers recens\u00e9s<\/strong> (+4,5 %). Deux tiers optent pour le syst\u00e8me fran\u00e7ais, tandis qu&rsquo;un tiers choisit la LAMal.<\/p>\n<\/div>\n<h3>Calcul des cotisations CNTFS et impact du taux de change CHF\/EUR<\/h3>\n<p>La CMU pour votre assurance maladie frontaliers s&rsquo;appuie sur votre revenu fiscal de r\u00e9f\u00e9rence. Un taux fixe s&rsquo;applique apr\u00e8s abattement. <strong>Vos gains dictent donc la facture<\/strong>.<\/p>\n<p>La parit\u00e9 franc suisse\/euro influence le co\u00fbt. Un franc fort <strong>rench\u00e9rit votre cotisation Urssaf<\/strong>. C&rsquo;est un risque financier r\u00e9el.<\/p>\n<p>Consultez notre guide sur le <a href=\"https:\/\/conseillerfinanciergeneve.ch\/retrait-2e-pilier-cmu\/\"><strong>Retrait 2\u00e8me pilier CMU: fiscalit\u00e9 et strat\u00e9gies frontaliers<\/strong><\/a>.<\/p>\n<p>Surveillez la volatilit\u00e9 mon\u00e9taire. Elle <strong>affecte votre salaire net chaque mois<\/strong>.<\/p>\n<h3>Avantages de la LAMal et crit\u00e8res d&rsquo;\u00e9ligibilit\u00e9 aux subsides suisses<\/h3>\n<p>La LAMal impose une <strong>prime forfaitaire<\/strong>. Elle varie selon l&rsquo;\u00e2ge, sans lien avec le montant du salaire.<\/p>\n<p>Des subsides cantonaux aident les revenus modestes. Ces aides <strong>r\u00e9duisent la facture mensuelle<\/strong>. Renseignez-vous aupr\u00e8s de votre canton.<\/p>\n<p>Voir <a href=\"https:\/\/conseillerfinanciergeneve.ch\/lamal-frontalier-tarif-2025\/\"><strong>Lamal Frontalier 2025 : Hausse des Primes et Alternatives<\/strong><\/a>.<\/p>\n<p>Analysez ces points fondamentaux. Voici les <strong>donn\u00e9es cl\u00e9s<\/strong> :<\/p>\n<ul>\n<li>Primes moyennes 2025<\/li>\n<li>Conditions pour les subsides<\/li>\n<li>Avantages pour les hauts salaires<\/li>\n<\/ul>\n<div class=\"wwc wwc-info\">\n<div class=\"wwc-title\">R\u00e9vision LAMal<\/div>\n<p>La r\u00e9vision du 9 juin 2023 <strong>inclut les frontaliers dans la compensation des risques<\/strong> pour simplifier la gestion.<\/p>\n<\/div>\n<p>Le diable se cache dans les d\u00e9tails. Pour ma\u00eetriser ces d\u00e9marches, <a href=\"https:\/\/conseillerfinanciergeneve.ch\/prendre-rendez-vous\/\">sollicitez un conseiller financier Gen\u00e8ve<\/a> pour un <strong>bilan patrimonial complet<\/strong> incluant votre fiscalit\u00e9 et votre pr\u00e9voyance.<\/p>\n<h2 id=\"formalites-administratives-guide-debloquer-formulaires-s1-e106\">Formalit\u00e9s administratives : le guide pour d\u00e9bloquer les formulaires S1 et E106<\/h2>\n<p>Une fois le choix financier act\u00e9, vous devez affronter le <strong>labyrinthe des formulaires pour valider vos droits<\/strong>.<\/p>\n<h3>Strat\u00e9gies pour relancer la CPAM et acc\u00e9l\u00e9rer l&rsquo;immatriculation<\/h3>\n<p>Les dossiers d&rsquo;assurance maladie frontaliers s&rsquo;enlisent souvent entre les caisses fran\u00e7aises et suisses. Le manque de communication est flagrant. Il faut agir vite pour \u00e9viter que <strong>votre couverture ne soit suspendue<\/strong>.<\/p>\n<p>Envoyez vos relances par courrier recommand\u00e9. Gardez toujours une copie de chaque document transmis. La pers\u00e9v\u00e9rance est votre meilleure alli\u00e9e administrative pour <strong>forcer la main aux agents de la CPAM<\/strong>.<\/p>\n<p>N&rsquo;attendez pas un courrier. <strong>Appelez r\u00e9guli\u00e8rement pour v\u00e9rifier l&rsquo;avancement<\/strong> de votre immatriculation en France.<\/p>\n<p>Consultez notre guide <a href=\"https:\/\/conseillerfinanciergeneve.ch\/cmu-lamal-frontaliers\/\"><strong>CMU Lamal Frontaliers : Comparatif \u00c9clair\u00e9 Nouveaux 2026<\/strong><\/a>. C&rsquo;est une ressource indispensable.<\/p>\n<h3>Protection de la famille et libre choix du lieu de traitement<\/h3>\n<p>Si vous choisissez la LAMal, vous pouvez vous <strong>soigner en France ou en Suisse<\/strong>. C&rsquo;est un avantage majeur pour la flexibilit\u00e9. Vous acc\u00e9dez aux meilleurs sp\u00e9cialistes des deux pays. Votre famille b\u00e9n\u00e9ficie aussi de cette couverture \u00e9tendue et s\u00e9curisante.<\/p>\n<p>La CMU <strong>limite souvent vos soins \u00e0 la France<\/strong> pour le remboursement courant. C&rsquo;est un point \u00e0 m\u00e9diter longuement avant de trancher.<\/p>\n<p><a href=\"https:\/\/conseillerfinanciergeneve.ch\/prendre-rendez-vous\/\">Prenez rendez-vous avec un conseiller financier<\/a> pour un <strong>bilan patrimonial complet<\/strong> incluant votre fiscalit\u00e9 et votre pr\u00e9voyance afin d&rsquo;ajuster votre situation globale. Voici un r\u00e9capitulatif synth\u00e9tique des deux r\u00e9gimes.<\/p>\n<div class=\"wwc wwc-table\">\n<table>\n<thead>\n<tr>\n<th>Crit\u00e8re<\/th>\n<th>R\u00e9gime LAMal<\/th>\n<th>R\u00e9gime CMU<\/th>\n<\/tr>\n<\/thead>\n<tbody>\n<tr>\n<td>Lieu de soins<\/td>\n<td>France\/Suisse<\/td>\n<td>France<\/td>\n<\/tr>\n<tr>\n<td>Prise en charge famille<\/td>\n<td>Option<\/td>\n<td>Inclus<\/td>\n<\/tr>\n<tr>\n<td>Co\u00fbt<\/td>\n<td>Forfait<\/td>\n<td>%<\/td>\n<\/tr>\n<tr>\n<td>Flexibilit\u00e9<\/td>\n<td>\u00c9lev\u00e9e<\/td>\n<td>Standard<\/td>\n<\/tr>\n<\/tbody>\n<\/table>\n<\/div>\n<h2 id=\"prospective-patrimoine-securiser-situation-au-dela-sante\">Prospective et patrimoine : s\u00e9curiser sa situation au-del\u00e0 de la sant\u00e9<\/h2>\n<p>Votre assurance maladie n&rsquo;est qu&rsquo;une pi\u00e8ce du puzzle ; votre <strong>strat\u00e9gie patrimoniale globale m\u00e9rite autant d&rsquo;attention<\/strong>.<\/p>\n<h3>Gestion des cas de pluriactivit\u00e9 et pr\u00e9paration de la retraite<\/h3>\n<p>Travailler dans les deux pays simultan\u00e9ment change absolument tout. <strong>La r\u00e8gle de l&rsquo;activit\u00e9 substantielle en France s&rsquo;applique<\/strong>. Soyez tr\u00e8s attentif \u00e0 cela.<\/p>\n<p>La retraite suisse se pr\u00e9pare des d\u00e9cennies \u00e0 l&rsquo;avance. L&rsquo;<strong>AVS et le deuxi\u00e8me pilier constituent les fondations<\/strong> de votre futur.<\/p>\n<p>Nous analysons votre parcours pour <strong>s\u00e9curiser vos rentes<\/strong>. Voici notre <a href=\"https:\/\/conseillerfinanciergeneve.ch\/prevoyance-pro-suisse\/\">Pr\u00e9voyance professionnelle suisse : 2026 Guide Pratique<\/a>. Ce document clarifie vos droits r\u00e9els.<\/p>\n<p>Anticipez l&rsquo;arr\u00eat de votre activit\u00e9. Les <strong>pr\u00e9l\u00e8vements sociaux sur votre future pension seront impact\u00e9s<\/strong>.<\/p>\n<h3>Bilan patrimonial \u00e0 Gen\u00e8ve pour valoriser sa fiscalit\u00e9 et sa pr\u00e9voyance<\/h3>\n<p>Un expert peut ajuster votre fiscalit\u00e9 transfrontali\u00e8re. Ne restez pas seul face \u00e0 ces choix ardus. Un bilan complet <strong>transforme votre avenir<\/strong>.<\/p>\n<p>Le troisi\u00e8me pilier offre des <strong>avantages fiscaux non n\u00e9gligeables<\/strong>. C&rsquo;est un outil puissant pour votre \u00e9pargne retraite.<\/p>\n<div class=\"wwc wwc-tip\">\n<div class=\"wwc-title\">Conseil d&rsquo;expert<\/div>\n<p>Un bilan patrimonial complet permet de <strong>r\u00e9duire vos cotisations et de valoriser les avantages fiscaux<\/strong> du 3\u00e8me pilier.<\/p>\n<\/div>\n<p>Nos experts vous guident vers le meilleur <a href=\"https:\/\/conseillerfinanciergeneve.ch\/3eme-pilier\/\">3\u00e8me pilier : Optimisez votre retraite \u2013 Solutions sur mesure<\/a>. Cette approche personnalis\u00e9e <strong>accro\u00eet vos \u00e9conomies d&rsquo;imp\u00f4ts<\/strong>. Profitez-en d\u00e8s maintenant.<\/p>\n<p><a href=\"https:\/\/conseillerfinanciergeneve.ch\/prendre-rendez-vous\/\">Prenez rendez-vous avec un conseiller financier \u00e0 Gen\u00e8ve<\/a>. S\u00e9curisez d\u00e8s aujourd&rsquo;hui vos revenus futurs et votre s\u00e9r\u00e9nit\u00e9.<\/p>\n<p>Ma\u00eetriser le d\u00e9lai de trois mois est vital pour optimiser votre assurance maladie frontaliers et \u00e9viter l&rsquo;affiliation d&rsquo;office. Arbitrez entre LAMal et CMU d\u00e8s maintenant pour <strong>s\u00e9curiser votre budget<\/strong>. Cette anticipation administrative garantit votre s\u00e9r\u00e9nit\u00e9 financi\u00e8re et un acc\u00e8s privil\u00e9gi\u00e9 aux soins pour toute votre carri\u00e8re helv\u00e9tique.<\/p>\n<p><script type=\"application\/ld+json\">\n{\n  \"@context\": \"https:\/\/schema.org\",\n  \"@graph\": [\n    {\n      \"@type\": \"Article\",\n      \"@id\": \"https:\/\/conseillerfinanciergeneve.ch\/assurance-maladie-frontaliers\/#article\",\n      \"headline\": \"Assurance maladie frontaliers : simplifier vos d\u00e9marches\",\n      \"description\": \"Analyse du droit d'option entre CMU et LAMal pour les frontaliers suisses. D\u00e9couvrez les d\u00e9lais de 90 jours, l'arbitrage financier 2024-2026 et les d\u00e9marches administratives pour \u00e9viter l'affiliation d'office.\",\n      \"image\": [\n        \"https:\/\/gohmqpvtliqcvxerzehl.supabase.co\/storage\/v1\/object\/public\/images\/2z22nkh3_droit-doption-arbitrage-decisif.jpg\",\n        \"https:\/\/gohmqpvtliqcvxerzehl.supabase.co\/storage\/v1\/object\/public\/images\/pabvqb4l_lamal-ou-urssaf-arbitrage-2026.jpg\"\n      ],\n      \"datePublished\": \"2024-01-01T08:00:00+01:00\",\n      \"dateModified\": \"2024-05-22T10:30:00+02:00\",\n      \"author\": {\n        \"@type\": \"Organization\",\n        \"name\": \"Conseiller Financier Gen\u00e8ve\"\n      },\n      \"publisher\": {\n        \"@type\": \"Organization\",\n        \"name\": \"Conseiller Financier Gen\u00e8ve\",\n        \"logo\": {\n          \"@type\": \"ImageObject\",\n          \"url\": \"https:\/\/conseillerfinanciergeneve.ch\/logo.png\"\n        }\n      },\n      \"inLanguage\": \"fr\",\n      \"mainEntityOfPage\": {\n        \"@type\": \"WebPage\",\n        \"@id\": \"https:\/\/conseillerfinanciergeneve.ch\/assurance-maladie-frontaliers\/\"\n      },\n      \"articleSection\": \"Assurance Maladie\",\n      \"video\": {\n        \"@type\": \"VideoObject\",\n        \"name\": \"Tout savoir sur l'assurance maladie des frontaliers en Suisse | Ep. #12\",\n        \"description\": \"Guide complet sur le choix de l'assurance maladie pour les nouveaux frontaliers en Suisse.\",\n        \"thumbnailUrl\": \"https:\/\/img.youtube.com\/vi\/XPE6lYa9Yec\/maxresdefault.jpg\",\n        \"contentUrl\": \"https:\/\/www.youtube.com\/watch?v=XPE6lYa9Yec\",\n        \"embedUrl\": \"https:\/\/www.youtube.com\/embed\/XPE6lYa9Yec\",\n        \"uploadDate\": \"2024-01-01T08:00:00+01:00\"\n      }\n    },\n    {\n      \"@type\": \"Table\",\n      \"about\": \"Comparatif entre le r\u00e9gime LAMal et le r\u00e9gime CMU pour les frontaliers\",\n      \"mainEntityOfPage\": {\n        \"@id\": \"https:\/\/conseillerfinanciergeneve.ch\/assurance-maladie-frontaliers\/#article\"\n      }\n    },\n    {\n      \"@type\": \"HowTo\",\n      \"name\": \"Comment exercer son droit d'option d'assurance maladie frontalier\",\n      \"description\": \"Les \u00e9tapes cl\u00e9s pour choisir entre la CMU fran\u00e7aise et la LAMal suisse.\",\n      \"inLanguage\": \"fr\",\n      \"step\": [\n        {\n          \"@type\": \"HowToStep\",\n          \"text\": \"Respecter le d\u00e9lai de 90 jours d\u00e8s le premier jour de travail en Suisse.\",\n          \"name\": \"D\u00e9lai de rigueur\"\n        },\n        {\n          \"@type\": \"HowToStep\",\n          \"text\": \"Effectuer l'arbitrage financier entre primes forfaitaires LAMal et cotisations proportionnelles CMU (Urssaf).\",\n          \"name\": \"Arbitrage financier\"\n        },\n        {\n          \"@type\": \"HowToStep\",\n          \"text\": \"Remplir et soumettre le formulaire de choix du syst\u00e8me d'assurance.\",\n          \"name\": \"Validation administrative\"\n        },\n        {\n          \"@type\": \"HowToStep\",\n          \"text\": \"Obtenir et activer les formulaires S1 ou E106 pour la prise en charge transfrontali\u00e8re.\",\n          \"name\": \"Activation des droits\"\n        }\n      ]\n    }\n  ]\n}\n<\/script><\/p>\n","protected":false},"excerpt":{"rendered":"<p>L\u2019essentiel \u00e0 retenir : l&rsquo;exercice du droit d&rsquo;option entre la CMU et la LAMal s&rsquo;av\u00e8re irr\u00e9vocable durant toute la carri\u00e8re helv\u00e9tique. Ce choix strat\u00e9gique, \u00e0 valider sous trois mois, garantit une s\u00e9curit\u00e9 financi\u00e8re et un acc\u00e8s optimal aux soins. En 2024, la population frontali\u00e8re atteint 234 000 personnes, soulignant l&rsquo;importance d&rsquo;un arbitrage \u00e9clair\u00e9 pour \u00e9viter [&hellip;]<\/p>\n","protected":false},"author":1,"featured_media":5482,"comment_status":"open","ping_status":"open","sticky":false,"template":"","format":"standard","meta":{"footnotes":""},"categories":[10],"tags":[],"class_list":["post-5481","post","type-post","status-publish","format-standard","has-post-thumbnail","hentry","category-prevoyance"],"yoast_head":"<!-- This site is optimized with the Yoast SEO plugin v27.5 - https:\/\/yoast.com\/product\/yoast-seo-wordpress\/ -->\n<title>Assurance maladie frontaliers 2026 | guide et avis pro<\/title>\n<meta name=\"description\" content=\"Optimisez votre assurance maladie frontaliers en 2026. Choisissez entre LAMal et CMU sous 3 mois pour prot\u00e9ger votre budget et vos soins.\" \/>\n<meta name=\"robots\" content=\"index, follow, max-snippet:-1, max-image-preview:large, max-video-preview:-1\" \/>\n<link rel=\"canonical\" href=\"https:\/\/conseillerfinanciergeneve.ch\/en\/lamal-cmu-frontaliers\/\" \/>\n<meta property=\"og:locale\" content=\"en_US\" \/>\n<meta property=\"og:type\" content=\"article\" \/>\n<meta property=\"og:title\" content=\"Assurance maladie frontaliers 2026 | guide et avis pro\" \/>\n<meta property=\"og:description\" content=\"Optimisez votre assurance maladie frontaliers en 2026. Choisissez entre LAMal et CMU sous 3 mois pour prot\u00e9ger votre budget et vos soins.\" \/>\n<meta property=\"og:url\" content=\"https:\/\/conseillerfinanciergeneve.ch\/en\/lamal-cmu-frontaliers\/\" \/>\n<meta property=\"og:site_name\" content=\"Conseiller financier Gen&egrave;ve\" \/>\n<meta property=\"article:published_time\" content=\"2026-03-14T08:05:43+00:00\" \/>\n<meta property=\"og:image\" content=\"https:\/\/conseillerfinanciergeneve.ch\/wp-content\/uploads\/2026\/02\/decision-eclairee-lamal-ou-cmu-la-clarte-face-a-la-complexite.jpg\" \/>\n\t<meta property=\"og:image:width\" content=\"1376\" \/>\n\t<meta property=\"og:image:height\" content=\"768\" \/>\n\t<meta property=\"og:image:type\" content=\"image\/jpeg\" \/>\n<meta name=\"author\" content=\"administrateur\" \/>\n<meta name=\"twitter:card\" content=\"summary_large_image\" \/>\n<meta name=\"twitter:label1\" content=\"Written by\" \/>\n\t<meta name=\"twitter:data1\" content=\"administrateur\" \/>\n\t<meta name=\"twitter:label2\" content=\"Est. reading time\" \/>\n\t<meta name=\"twitter:data2\" content=\"7 minutes\" \/>\n<script type=\"application\/ld+json\" class=\"yoast-schema-graph\">{\"@context\":\"https:\\\/\\\/schema.org\",\"@graph\":[{\"@type\":\"Article\",\"@id\":\"https:\\\/\\\/conseillerfinanciergeneve.ch\\\/lamal-cmu-frontaliers\\\/#article\",\"isPartOf\":{\"@id\":\"https:\\\/\\\/conseillerfinanciergeneve.ch\\\/lamal-cmu-frontaliers\\\/\"},\"author\":{\"name\":\"administrateur\",\"@id\":\"https:\\\/\\\/conseillerfinanciergeneve.ch\\\/#\\\/schema\\\/person\\\/fe24fe6787fe0cb362b7de00dd996498\"},\"headline\":\"Assurance maladie frontaliers : simplifier vos d\u00e9marches\",\"datePublished\":\"2026-03-14T08:05:43+00:00\",\"mainEntityOfPage\":{\"@id\":\"https:\\\/\\\/conseillerfinanciergeneve.ch\\\/lamal-cmu-frontaliers\\\/\"},\"wordCount\":1403,\"commentCount\":0,\"publisher\":{\"@id\":\"https:\\\/\\\/conseillerfinanciergeneve.ch\\\/#organization\"},\"image\":{\"@id\":\"https:\\\/\\\/conseillerfinanciergeneve.ch\\\/lamal-cmu-frontaliers\\\/#primaryimage\"},\"thumbnailUrl\":\"https:\\\/\\\/conseillerfinanciergeneve.ch\\\/wp-content\\\/uploads\\\/2026\\\/02\\\/decision-eclairee-lamal-ou-cmu-la-clarte-face-a-la-complexite.jpg\",\"articleSection\":[\"Pr\u00e9voyance\"],\"inLanguage\":\"en-US\",\"potentialAction\":[{\"@type\":\"CommentAction\",\"name\":\"Comment\",\"target\":[\"https:\\\/\\\/conseillerfinanciergeneve.ch\\\/lamal-cmu-frontaliers\\\/#respond\"]}]},{\"@type\":\"WebPage\",\"@id\":\"https:\\\/\\\/conseillerfinanciergeneve.ch\\\/lamal-cmu-frontaliers\\\/\",\"url\":\"https:\\\/\\\/conseillerfinanciergeneve.ch\\\/lamal-cmu-frontaliers\\\/\",\"name\":\"Assurance maladie frontaliers 2026 | guide et avis pro\",\"isPartOf\":{\"@id\":\"https:\\\/\\\/conseillerfinanciergeneve.ch\\\/#website\"},\"primaryImageOfPage\":{\"@id\":\"https:\\\/\\\/conseillerfinanciergeneve.ch\\\/lamal-cmu-frontaliers\\\/#primaryimage\"},\"image\":{\"@id\":\"https:\\\/\\\/conseillerfinanciergeneve.ch\\\/lamal-cmu-frontaliers\\\/#primaryimage\"},\"thumbnailUrl\":\"https:\\\/\\\/conseillerfinanciergeneve.ch\\\/wp-content\\\/uploads\\\/2026\\\/02\\\/decision-eclairee-lamal-ou-cmu-la-clarte-face-a-la-complexite.jpg\",\"datePublished\":\"2026-03-14T08:05:43+00:00\",\"description\":\"Optimisez votre assurance maladie frontaliers en 2026. Choisissez entre LAMal et CMU sous 3 mois pour prot\u00e9ger votre budget et vos soins.\",\"breadcrumb\":{\"@id\":\"https:\\\/\\\/conseillerfinanciergeneve.ch\\\/lamal-cmu-frontaliers\\\/#breadcrumb\"},\"inLanguage\":\"en-US\",\"potentialAction\":[{\"@type\":\"ReadAction\",\"target\":[\"https:\\\/\\\/conseillerfinanciergeneve.ch\\\/lamal-cmu-frontaliers\\\/\"]}]},{\"@type\":\"ImageObject\",\"inLanguage\":\"en-US\",\"@id\":\"https:\\\/\\\/conseillerfinanciergeneve.ch\\\/lamal-cmu-frontaliers\\\/#primaryimage\",\"url\":\"https:\\\/\\\/conseillerfinanciergeneve.ch\\\/wp-content\\\/uploads\\\/2026\\\/02\\\/decision-eclairee-lamal-ou-cmu-la-clarte-face-a-la-complexite.jpg\",\"contentUrl\":\"https:\\\/\\\/conseillerfinanciergeneve.ch\\\/wp-content\\\/uploads\\\/2026\\\/02\\\/decision-eclairee-lamal-ou-cmu-la-clarte-face-a-la-complexite.jpg\",\"width\":1376,\"height\":768,\"caption\":\"Faites le bon choix d'assurance maladie pour les frontaliers ! Explorez les options LAMal et CMU via une interface num\u00e9rique simplifi\u00e9e.\"},{\"@type\":\"BreadcrumbList\",\"@id\":\"https:\\\/\\\/conseillerfinanciergeneve.ch\\\/lamal-cmu-frontaliers\\\/#breadcrumb\",\"itemListElement\":[{\"@type\":\"ListItem\",\"position\":1,\"name\":\"Accueil\",\"item\":\"https:\\\/\\\/conseillerfinanciergeneve.ch\\\/\"},{\"@type\":\"ListItem\",\"position\":2,\"name\":\"Pr\u00e9voyance\",\"item\":\"https:\\\/\\\/conseillerfinanciergeneve.ch\\\/prevoyance\\\/\"},{\"@type\":\"ListItem\",\"position\":3,\"name\":\"Assurance maladie frontaliers : simplifier vos d\u00e9marches\"}]},{\"@type\":\"WebSite\",\"@id\":\"https:\\\/\\\/conseillerfinanciergeneve.ch\\\/#website\",\"url\":\"https:\\\/\\\/conseillerfinanciergeneve.ch\\\/\",\"name\":\"Conseiller financier Gen\u00e8ve\",\"description\":\"\",\"publisher\":{\"@id\":\"https:\\\/\\\/conseillerfinanciergeneve.ch\\\/#organization\"},\"potentialAction\":[{\"@type\":\"SearchAction\",\"target\":{\"@type\":\"EntryPoint\",\"urlTemplate\":\"https:\\\/\\\/conseillerfinanciergeneve.ch\\\/?s={search_term_string}\"},\"query-input\":{\"@type\":\"PropertyValueSpecification\",\"valueRequired\":true,\"valueName\":\"search_term_string\"}}],\"inLanguage\":\"en-US\"},{\"@type\":\"Organization\",\"@id\":\"https:\\\/\\\/conseillerfinanciergeneve.ch\\\/#organization\",\"name\":\"Conseiller financier Gen\u00e8ve\",\"url\":\"https:\\\/\\\/conseillerfinanciergeneve.ch\\\/\",\"logo\":{\"@type\":\"ImageObject\",\"inLanguage\":\"en-US\",\"@id\":\"https:\\\/\\\/conseillerfinanciergeneve.ch\\\/#\\\/schema\\\/logo\\\/image\\\/\",\"url\":\"https:\\\/\\\/conseillerfinanciergeneve.ch\\\/wp-content\\\/uploads\\\/2024\\\/11\\\/cropped-cropped-conseiller-financier-2-2.png\",\"contentUrl\":\"https:\\\/\\\/conseillerfinanciergeneve.ch\\\/wp-content\\\/uploads\\\/2024\\\/11\\\/cropped-cropped-conseiller-financier-2-2.png\",\"width\":499,\"height\":258,\"caption\":\"Conseiller financier Gen\u00e8ve\"},\"image\":{\"@id\":\"https:\\\/\\\/conseillerfinanciergeneve.ch\\\/#\\\/schema\\\/logo\\\/image\\\/\"}},{\"@type\":\"Person\",\"@id\":\"https:\\\/\\\/conseillerfinanciergeneve.ch\\\/#\\\/schema\\\/person\\\/fe24fe6787fe0cb362b7de00dd996498\",\"name\":\"administrateur\",\"image\":{\"@type\":\"ImageObject\",\"inLanguage\":\"en-US\",\"@id\":\"https:\\\/\\\/secure.gravatar.com\\\/avatar\\\/4a8b18800befc1a369b14c97823a8dcd4c383cddeeda04aa2c53e53058caa45e?s=96&d=mm&r=g\",\"url\":\"https:\\\/\\\/secure.gravatar.com\\\/avatar\\\/4a8b18800befc1a369b14c97823a8dcd4c383cddeeda04aa2c53e53058caa45e?s=96&d=mm&r=g\",\"contentUrl\":\"https:\\\/\\\/secure.gravatar.com\\\/avatar\\\/4a8b18800befc1a369b14c97823a8dcd4c383cddeeda04aa2c53e53058caa45e?s=96&d=mm&r=g\",\"caption\":\"administrateur\"},\"sameAs\":[\"https:\\\/\\\/conseillerfinanciergeneve.ch\"],\"url\":\"https:\\\/\\\/conseillerfinanciergeneve.ch\\\/en\\\/author\\\/admin\\\/\"}]}<\/script>\n<!-- \/ Yoast SEO plugin. -->","yoast_head_json":{"title":"Assurance maladie frontaliers 2026 | guide et avis pro","description":"Optimisez votre assurance maladie frontaliers en 2026. Choisissez entre LAMal et CMU sous 3 mois pour prot\u00e9ger votre budget et vos soins.","robots":{"index":"index","follow":"follow","max-snippet":"max-snippet:-1","max-image-preview":"max-image-preview:large","max-video-preview":"max-video-preview:-1"},"canonical":"https:\/\/conseillerfinanciergeneve.ch\/en\/lamal-cmu-frontaliers\/","og_locale":"en_US","og_type":"article","og_title":"Assurance maladie frontaliers 2026 | guide et avis pro","og_description":"Optimisez votre assurance maladie frontaliers en 2026. Choisissez entre LAMal et CMU sous 3 mois pour prot\u00e9ger votre budget et vos soins.","og_url":"https:\/\/conseillerfinanciergeneve.ch\/en\/lamal-cmu-frontaliers\/","og_site_name":"Conseiller financier Gen&egrave;ve","article_published_time":"2026-03-14T08:05:43+00:00","og_image":[{"width":1376,"height":768,"url":"https:\/\/conseillerfinanciergeneve.ch\/wp-content\/uploads\/2026\/02\/decision-eclairee-lamal-ou-cmu-la-clarte-face-a-la-complexite.jpg","type":"image\/jpeg"}],"author":"administrateur","twitter_card":"summary_large_image","twitter_misc":{"Written by":"administrateur","Est. reading time":"7 minutes"},"schema":{"@context":"https:\/\/schema.org","@graph":[{"@type":"Article","@id":"https:\/\/conseillerfinanciergeneve.ch\/lamal-cmu-frontaliers\/#article","isPartOf":{"@id":"https:\/\/conseillerfinanciergeneve.ch\/lamal-cmu-frontaliers\/"},"author":{"name":"administrateur","@id":"https:\/\/conseillerfinanciergeneve.ch\/#\/schema\/person\/fe24fe6787fe0cb362b7de00dd996498"},"headline":"Assurance maladie frontaliers : simplifier vos d\u00e9marches","datePublished":"2026-03-14T08:05:43+00:00","mainEntityOfPage":{"@id":"https:\/\/conseillerfinanciergeneve.ch\/lamal-cmu-frontaliers\/"},"wordCount":1403,"commentCount":0,"publisher":{"@id":"https:\/\/conseillerfinanciergeneve.ch\/#organization"},"image":{"@id":"https:\/\/conseillerfinanciergeneve.ch\/lamal-cmu-frontaliers\/#primaryimage"},"thumbnailUrl":"https:\/\/conseillerfinanciergeneve.ch\/wp-content\/uploads\/2026\/02\/decision-eclairee-lamal-ou-cmu-la-clarte-face-a-la-complexite.jpg","articleSection":["Pr\u00e9voyance"],"inLanguage":"en-US","potentialAction":[{"@type":"CommentAction","name":"Comment","target":["https:\/\/conseillerfinanciergeneve.ch\/lamal-cmu-frontaliers\/#respond"]}]},{"@type":"WebPage","@id":"https:\/\/conseillerfinanciergeneve.ch\/lamal-cmu-frontaliers\/","url":"https:\/\/conseillerfinanciergeneve.ch\/lamal-cmu-frontaliers\/","name":"Assurance maladie frontaliers 2026 | guide et avis pro","isPartOf":{"@id":"https:\/\/conseillerfinanciergeneve.ch\/#website"},"primaryImageOfPage":{"@id":"https:\/\/conseillerfinanciergeneve.ch\/lamal-cmu-frontaliers\/#primaryimage"},"image":{"@id":"https:\/\/conseillerfinanciergeneve.ch\/lamal-cmu-frontaliers\/#primaryimage"},"thumbnailUrl":"https:\/\/conseillerfinanciergeneve.ch\/wp-content\/uploads\/2026\/02\/decision-eclairee-lamal-ou-cmu-la-clarte-face-a-la-complexite.jpg","datePublished":"2026-03-14T08:05:43+00:00","description":"Optimisez votre assurance maladie frontaliers en 2026. Choisissez entre LAMal et CMU sous 3 mois pour prot\u00e9ger votre budget et vos soins.","breadcrumb":{"@id":"https:\/\/conseillerfinanciergeneve.ch\/lamal-cmu-frontaliers\/#breadcrumb"},"inLanguage":"en-US","potentialAction":[{"@type":"ReadAction","target":["https:\/\/conseillerfinanciergeneve.ch\/lamal-cmu-frontaliers\/"]}]},{"@type":"ImageObject","inLanguage":"en-US","@id":"https:\/\/conseillerfinanciergeneve.ch\/lamal-cmu-frontaliers\/#primaryimage","url":"https:\/\/conseillerfinanciergeneve.ch\/wp-content\/uploads\/2026\/02\/decision-eclairee-lamal-ou-cmu-la-clarte-face-a-la-complexite.jpg","contentUrl":"https:\/\/conseillerfinanciergeneve.ch\/wp-content\/uploads\/2026\/02\/decision-eclairee-lamal-ou-cmu-la-clarte-face-a-la-complexite.jpg","width":1376,"height":768,"caption":"Faites le bon choix d'assurance maladie pour les frontaliers ! Explorez les options LAMal et CMU via une interface num\u00e9rique simplifi\u00e9e."},{"@type":"BreadcrumbList","@id":"https:\/\/conseillerfinanciergeneve.ch\/lamal-cmu-frontaliers\/#breadcrumb","itemListElement":[{"@type":"ListItem","position":1,"name":"Accueil","item":"https:\/\/conseillerfinanciergeneve.ch\/"},{"@type":"ListItem","position":2,"name":"Pr\u00e9voyance","item":"https:\/\/conseillerfinanciergeneve.ch\/prevoyance\/"},{"@type":"ListItem","position":3,"name":"Assurance maladie frontaliers : simplifier vos d\u00e9marches"}]},{"@type":"WebSite","@id":"https:\/\/conseillerfinanciergeneve.ch\/#website","url":"https:\/\/conseillerfinanciergeneve.ch\/","name":"Financial advisor Geneva","description":"","publisher":{"@id":"https:\/\/conseillerfinanciergeneve.ch\/#organization"},"potentialAction":[{"@type":"SearchAction","target":{"@type":"EntryPoint","urlTemplate":"https:\/\/conseillerfinanciergeneve.ch\/?s={search_term_string}"},"query-input":{"@type":"PropertyValueSpecification","valueRequired":true,"valueName":"search_term_string"}}],"inLanguage":"en-US"},{"@type":"Organization","@id":"https:\/\/conseillerfinanciergeneve.ch\/#organization","name":"Financial advisor Geneva","url":"https:\/\/conseillerfinanciergeneve.ch\/","logo":{"@type":"ImageObject","inLanguage":"en-US","@id":"https:\/\/conseillerfinanciergeneve.ch\/#\/schema\/logo\/image\/","url":"https:\/\/conseillerfinanciergeneve.ch\/wp-content\/uploads\/2024\/11\/cropped-cropped-conseiller-financier-2-2.png","contentUrl":"https:\/\/conseillerfinanciergeneve.ch\/wp-content\/uploads\/2024\/11\/cropped-cropped-conseiller-financier-2-2.png","width":499,"height":258,"caption":"Conseiller financier Gen\u00e8ve"},"image":{"@id":"https:\/\/conseillerfinanciergeneve.ch\/#\/schema\/logo\/image\/"}},{"@type":"Person","@id":"https:\/\/conseillerfinanciergeneve.ch\/#\/schema\/person\/fe24fe6787fe0cb362b7de00dd996498","name":"administrateur","image":{"@type":"ImageObject","inLanguage":"en-US","@id":"https:\/\/secure.gravatar.com\/avatar\/4a8b18800befc1a369b14c97823a8dcd4c383cddeeda04aa2c53e53058caa45e?s=96&d=mm&r=g","url":"https:\/\/secure.gravatar.com\/avatar\/4a8b18800befc1a369b14c97823a8dcd4c383cddeeda04aa2c53e53058caa45e?s=96&d=mm&r=g","contentUrl":"https:\/\/secure.gravatar.com\/avatar\/4a8b18800befc1a369b14c97823a8dcd4c383cddeeda04aa2c53e53058caa45e?s=96&d=mm&r=g","caption":"administrateur"},"sameAs":["https:\/\/conseillerfinanciergeneve.ch"],"url":"https:\/\/conseillerfinanciergeneve.ch\/en\/author\/admin\/"}]}},"_links":{"self":[{"href":"https:\/\/conseillerfinanciergeneve.ch\/en\/wp-json\/wp\/v2\/posts\/5481","targetHints":{"allow":["GET"]}}],"collection":[{"href":"https:\/\/conseillerfinanciergeneve.ch\/en\/wp-json\/wp\/v2\/posts"}],"about":[{"href":"https:\/\/conseillerfinanciergeneve.ch\/en\/wp-json\/wp\/v2\/types\/post"}],"author":[{"embeddable":true,"href":"https:\/\/conseillerfinanciergeneve.ch\/en\/wp-json\/wp\/v2\/users\/1"}],"replies":[{"embeddable":true,"href":"https:\/\/conseillerfinanciergeneve.ch\/en\/wp-json\/wp\/v2\/comments?post=5481"}],"version-history":[{"count":4,"href":"https:\/\/conseillerfinanciergeneve.ch\/en\/wp-json\/wp\/v2\/posts\/5481\/revisions"}],"predecessor-version":[{"id":5527,"href":"https:\/\/conseillerfinanciergeneve.ch\/en\/wp-json\/wp\/v2\/posts\/5481\/revisions\/5527"}],"wp:featuredmedia":[{"embeddable":true,"href":"https:\/\/conseillerfinanciergeneve.ch\/en\/wp-json\/wp\/v2\/media\/5482"}],"wp:attachment":[{"href":"https:\/\/conseillerfinanciergeneve.ch\/en\/wp-json\/wp\/v2\/media?parent=5481"}],"wp:term":[{"taxonomy":"category","embeddable":true,"href":"https:\/\/conseillerfinanciergeneve.ch\/en\/wp-json\/wp\/v2\/categories?post=5481"},{"taxonomy":"post_tag","embeddable":true,"href":"https:\/\/conseillerfinanciergeneve.ch\/en\/wp-json\/wp\/v2\/tags?post=5481"}],"curies":[{"name":"wp","href":"https:\/\/api.w.org\/{rel}","templated":true}]}}