{"id":5517,"date":"2026-04-27T09:14:22","date_gmt":"2026-04-27T07:14:22","guid":{"rendered":"https:\/\/conseillerfinanciergeneve.ch\/?p=5517"},"modified":"2026-02-26T00:50:05","modified_gmt":"2026-02-25T22:50:05","slug":"cout-enfant-suisse","status":"publish","type":"post","link":"https:\/\/conseillerfinanciergeneve.ch\/en\/cout-enfant-suisse\/","title":{"rendered":"Comprendre le co\u00fbt r\u00e9el d&rsquo;un enfant en Suisse en 2026"},"content":{"rendered":"<p><script src=\"https:\/\/cdn.jsdelivr.net\/npm\/@alpinejs\/csp@3\/dist\/cdn.min.js\" defer><\/script><\/p>\n<style>.wwc { --wwc-primary: #3b82f6; }<\/style>\n<div class=\"wwc\">Ce qu&rsquo;il faut retenir : \u00c9lever un enfant en Suisse <strong>co\u00fbte pr\u00e8s d&rsquo;un million de francs<\/strong> jusqu&rsquo;\u00e0 sa majorit\u00e9, en int\u00e9grant les d\u00e9penses directes et l&rsquo;impact sur la carri\u00e8re. Anticiper cette charge permet de <strong>s\u00e9curiser la pr\u00e9voyance et d&rsquo;optimiser les d\u00e9ductions fiscales<\/strong>. Ce montant colossal, incluant 500&rsquo;000 CHF de co\u00fbts indirects, exige une <strong>gestion patrimoniale experte et pr\u00e9coce<\/strong>.<\/div>\n<p>Anticiper avec une rigueur absolue le co\u00fbt enfant suisse est une \u00e9tape d\u00e9terminante pour les parents souhaitant prot\u00e9ger leur \u00e9quilibre financier face \u00e0 une r\u00e9alit\u00e9 \u00e9conomique helv\u00e9tique souvent sous-estim\u00e9e. Nous exposons ici l&rsquo;int\u00e9gralit\u00e9 des charges directes, des frais de garde et des impacts structurels majeurs sur votre trajectoire professionnelle ainsi que sur votre pr\u00e9voyance vieillesse future. Vous acc\u00e9derez \u00e0 des solutions exclusives pour optimiser vos d\u00e9ductions fiscales et mettre en \u0153uvre des strat\u00e9gies d&rsquo;investissement performantes afin de <strong>s\u00e9curiser durablement le patrimoine familial<\/strong> au travers d&rsquo;une planification budg\u00e9taire rigoureuse et parfaitement ma\u00eetris\u00e9e.<\/p>\n<ol>\n<li><a href=\"#budget-mensuel-enfant-suisse-chiffres-reels\">Budget mensuel pour un enfant en Suisse : les chiffres r\u00e9els par tranche d&rsquo;\u00e2ge<\/a><\/li>\n<li><a href=\"#prix-place-creche-accueil-extra-familial\">Quel est le prix d&rsquo;une place en cr\u00e8che ? Comprendre les tarifs de l&rsquo;accueil extra-familial<\/a><\/li>\n<li><a href=\"#couts-indirects-impact-carriere-arbitrage-professionnel\">Co\u00fbts indirects et impact sur la carri\u00e8re : le prix de l&rsquo;arbitrage professionnel<\/a><\/li>\n<li><a href=\"#leviers-financiers-securiser-avenir-fiscalite-epargne\">3 leviers financiers pour s\u00e9curiser l&rsquo;avenir : optimiser la fiscalit\u00e9 et l&rsquo;\u00e9pargne<\/a><\/li>\n<\/ol>\n<h2 id=\"budget-mensuel-enfant-suisse-chiffres-reels\">Budget mensuel pour un enfant en Suisse : les chiffres r\u00e9els par tranche d&rsquo;\u00e2ge<\/h2>\n<p>Apr\u00e8s avoir r\u00eav\u00e9 du b\u00e9b\u00e9, il faut sortir la calculatrice pour <strong>affronter la r\u00e9alit\u00e9 helv\u00e9tique<\/strong>.<\/p>\n<div class=\"wwc\">\n<div class=\"wwc-title\">Rep\u00e8res financiers mensuels<\/div>\n<ul>\n<li><strong>0 \u00e0 4 ans<\/strong> : 1&rsquo;400 CHF \/ mois<\/li>\n<li><strong>5 \u00e0 12 ans<\/strong> : 1&rsquo;550 CHF \/ mois<\/li>\n<li><strong>13 \u00e0 18 ans<\/strong> : 1&rsquo;900 CHF \/ mois<\/li>\n<\/ul>\n<\/div>\n<h3>D\u00e9penses directes et \u00e9volution des besoins physiologiques<\/h3>\n<p>\u00c9lever un enfant impose des <strong>charges incompressibles<\/strong>. L&rsquo;alimentation et l&rsquo;habillement forment le socle des d\u00e9penses, tandis que le logement p\u00e8se lourdement dans le budget mensuel global.<\/p>\n<p>Les besoins mutent entre le nourrisson et l&rsquo;adolescent. Avec l&rsquo;\u00e2ge, <strong>la nourriture et les loisirs deviennent des postes majeurs<\/strong>, compl\u00e9t\u00e9s par le mat\u00e9riel scolaire indispensable.<\/p>\n<p><strong>Anticiper ces hausses est une n\u00e9cessit\u00e9<\/strong>. Le budget n&rsquo;est jamais statique sur dix-huit ans.<\/p>\n<p><img decoding=\"async\" src=\"https:\/\/conseillerfinanciergeneve.ch\/wp-content\/uploads\/2026\/02\/budget-enfant-suisse-levolution-des-couts-reels.jpg\" alt=\"\u00c9volution des co\u00fbts r\u00e9els d'un enfant en Suisse par tranche d'\u00e2ge\" \/><\/p>\n<h3>Frais de sant\u00e9 et primes d&rsquo;assurance-maladie obligatoire<\/h3>\n<p>La prime LAMal varie selon l&rsquo;assureur, avec des franchises nulles pour les enfants. Consultez notre guide sur <a href=\"https:\/\/conseillerfinanciergeneve.ch\/savoir-sur-lamal-suisse\/\">tout ce que vous devez savoir sur la LAMal en Suisse<\/a> pour <strong>optimiser vos primes<\/strong>.<\/p>\n<div class=\"wwc wwc-tip\">\n<div class=\"wwc-title\">Avertissement<\/div>\n<p>Les frais dentaires et l&rsquo;orthodontie, souvent exclus de la LAMal, repr\u00e9sentent un <strong>investissement massif et impr\u00e9vu<\/strong>.<\/p>\n<\/div>\n<p>Ces soins sp\u00e9cifiques sont rarement couverts par la base. L&rsquo;orthodontie constitue une <strong>charge financi\u00e8re particuli\u00e8rement lourde<\/strong> pour les parents.<\/p>\n<p>Souscrire des compl\u00e9mentaires t\u00f4t est judicieux. Cela <strong>pr\u00e9vient d&rsquo;\u00e9ventuels refus pour raisons m\u00e9dicales<\/strong>.<\/p>\n<h3>Disparit\u00e9s g\u00e9ographiques et influence du niveau de revenu<\/h3>\n<p><strong>Le co\u00fbt de la vie diff\u00e8re<\/strong> entre Gen\u00e8ve et les zones rurales. Le loyer et les services varient selon votre canton de r\u00e9sidence.<\/p>\n<p>Le revenu influence le train de vie. <strong>Les familles ais\u00e9es allouent des budgets plus importants<\/strong> aux activit\u00e9s extra-scolaires et aux loisirs.<\/p>\n<p>Le co\u00fbt minimal reste \u00e9lev\u00e9 partout. <a href=\"https:\/\/conseillerfinanciergeneve.ch\/prendre-rendez-vous\/\">Contactez un conseiller financier<\/a> pour un <strong>bilan patrimonial complet<\/strong>.<\/p>\n<h2 id=\"prix-place-creche-accueil-extra-familial\">Quel est le prix d&rsquo;une place en cr\u00e8che ? Comprendre les tarifs de l&rsquo;accueil extra-familial<\/h2>\n<p>Si les frais directs sont identifi\u00e9s, la <strong>garde d&rsquo;enfant constitue le premier choc financier<\/strong> impactant le co\u00fbt enfant suisse.<\/p>\n<p><img decoding=\"async\" src=\"https:\/\/conseillerfinanciergeneve.ch\/wp-content\/uploads\/2026\/02\/cout-creche-comprendre-les-tarifs.jpg\" alt=\"Tarification des cr\u00e8ches et accueil extra-familial en Suisse\" \/><\/p>\n<h3>R\u00e9alit\u00e9 financi\u00e8re des structures de garde collectives<\/h3>\n<p>Le <strong>tarif journalier d&rsquo;une cr\u00e8che priv\u00e9e s&rsquo;av\u00e8re on\u00e9reux<\/strong>. En ville, les prix d\u00e9passent 120 francs. Cette charge p\u00e8se sur le budget.<\/p>\n<p>Les subventions cantonales modulent la facture finale. Ce bar\u00e8me d\u00e9pend de votre revenu imposable. <strong>Le syst\u00e8me ajuste le prix \u00e0 votre capacit\u00e9<\/strong>.<\/p>\n<ul>\n<li><strong>Prix journalier<\/strong> : 110 \u00e0 130 CHF.<\/li>\n<li>Crit\u00e8res : <strong>Revenu imposable<\/strong>.<\/li>\n<li><strong>Maman de jour<\/strong> : Alternative flexible.<\/li>\n<\/ul>\n<h3>\u00c9conomies d&rsquo;\u00e9chelle et gestion de la fratrie<\/h3>\n<p>Le co\u00fbt marginal diminue pour le deuxi\u00e8me enfant. Les rabais de fratrie communaux r\u00e9duisent la facture. Ces remises de 20 % <strong>soulagent les parents<\/strong>. Cela optimise le budget familial.<\/p>\n<div class=\"wwc wwc-grid\">\n<div class=\"wwc-column wwc-icon-pro\">\n<div class=\"wwc-title\">Avantages fratrie<\/div>\n<ul>\n<li><strong>R\u00e9duction de 25 %<\/strong> (0-4 ans).<\/li>\n<li><strong>R\u00e9utilisation du mat\u00e9riel<\/strong>.<\/li>\n<li><strong>Frais fixes d\u00e9j\u00e0 amortis<\/strong>.<\/li>\n<\/ul>\n<\/div>\n<div class=\"wwc-column wwc-icon-con\">\n<div class=\"wwc-title\">Premier enfant<\/div>\n<ul>\n<li><strong>Investissement initial complet<\/strong>.<\/li>\n<li><strong>Aucun rabais applicable<\/strong>.<\/li>\n<\/ul>\n<\/div>\n<\/div>\n<p>R\u00e9utiliser la poussette ou le lit <strong>\u00e9vite des frais<\/strong>. Le mat\u00e9riel sert \u00e0 nouveau sans investissement.<\/p>\n<p><strong>Le second enfant co\u00fbte moins cher<\/strong>. Les frais fixes sont amortis.<\/p>\n<div class=\"wwc wwc-star\">\n<div class=\"wwc-title\">Bilan patrimonial<\/div>\n<p>Anticipez l&rsquo;impact de la parentalit\u00e9. <a href=\"https:\/\/conseillerfinanciergeneve.ch\/prendre-rendez-vous\/\">Prenez rendez-vous avec un gestionnaire de patrimoine<\/a> pour un <strong>bilan complet<\/strong>.<\/p>\n<\/div>\n<h2 id=\"couts-indirects-impact-carriere-arbitrage-professionnel\">Co\u00fbts indirects et impact sur la carri\u00e8re : le prix de l&rsquo;arbitrage professionnel<\/h2>\n<p>Au-del\u00e0 des factures imm\u00e9diates, c&rsquo;est la <strong>trajectoire professionnelle des parents qui subit les plus grosses secousses financi\u00e8res<\/strong>.<\/p>\n<div class=\"wwc wwc-star\">\n<div class=\"wwc-title\">Chiffre cl\u00e9<\/div>\n<p>Les co\u00fbts indirects, incluant la perte de gain et les lacunes de pr\u00e9voyance, sont estim\u00e9s \u00e0 environ <strong>500 000 CHF par enfant<\/strong>.<\/p>\n<\/div>\n<h3>Perte de gain li\u00e9e au temps partiel et co\u00fbt d&rsquo;opportunit\u00e9<\/h3>\n<p>R\u00e9duire son activit\u00e9 \u00e0 80 % sabre m\u00e9caniquement votre revenu brut mensuel. Cette \u00e9rosion imm\u00e9diate du pouvoir d&rsquo;achat <strong>fragilise l&rsquo;\u00e9quilibre budg\u00e9taire du m\u00e9nage<\/strong> d\u00e8s les premi\u00e8res ann\u00e9es.<\/p>\n<p>L&rsquo;absence partielle au bureau freine brutalement votre ascension interne. Moins de visibilit\u00e9 se traduit souvent par des promotions manqu\u00e9es et une <strong>stagnation hi\u00e9rarchique durable<\/strong>.<\/p>\n<p>Ce <strong>co\u00fbt d&rsquo;opportunit\u00e9 colossal<\/strong> peut franchir la barre des 500 000 francs sur le long terme. On parle de sommes folles.<\/p>\n<h3>Fragilisation de la pr\u00e9voyance et lacunes des piliers de retraite<\/h3>\n<p>Le temps partiel ampute vos cotisations au 2e pilier, cr\u00e9ant des vides financiers alarmants. Sans correctif, <strong>votre capital vieillesse fond<\/strong>. Consultez notre guide sur le <a href=\"https:\/\/conseillerfinanciergeneve.ch\/en\/3eme-pilier-suisse\/\">3eme pilier suisse 2025 : strat\u00e9gie optimale 3a\/3b<\/a> pour agir.<\/p>\n<p>Chaque ann\u00e9e de cotisation incompl\u00e8te <strong>r\u00e9duit irr\u00e9m\u00e9diablement votre rente AVS<\/strong>. Ces lacunes p\u00e9nalisent votre niveau de vie futur.<\/p>\n<p>Le 3e pilier demeure l&rsquo;<strong>outil indispensable pour colmater ces br\u00e8ches<\/strong>. C&rsquo;est une s\u00e9curit\u00e9 indispensable.<\/p>\n<div class=\"wwc\">\n<div class=\"wwc-title\">Bilan patrimonial<\/div>\n<p>Anticiper ces d\u00e9s\u00e9quilibres est notre priorit\u00e9. <a href=\"https:\/\/conseillerfinanciergeneve.ch\/prendre-rendez-vous\/\">Contactez un conseiller financier pour r\u00e9aliser un audit complet<\/a> et <strong>s\u00e9curiser votre fiscalit\u00e9 familiale<\/strong>.<\/p>\n<\/div>\n<h2 id=\"leviers-financiers-securiser-avenir-fiscalite-epargne\">3 leviers financiers pour s\u00e9curiser l&rsquo;avenir : optimiser la fiscalit\u00e9 et l&rsquo;\u00e9pargne<\/h2>\n<p>Le syst\u00e8me suisse propose des outils pour <strong>all\u00e9ger vos charges et p\u00e9renniser l&rsquo;avenir<\/strong>.<\/p>\n<h3>Optimisation des d\u00e9ductions fiscales cantonales et f\u00e9d\u00e9rales<\/h3>\n<p>D\u00e9duisez les frais de garde jusqu\u2019\u00e0 25&rsquo;500 CHF au niveau f\u00e9d\u00e9ral. Gen\u00e8ve applique ses propres plafonds sp\u00e9cifiques. Ces leviers <strong>r\u00e9duisent m\u00e9caniquement votre charge fiscale annuelle<\/strong>.<\/p>\n<p>D\u00e9clarez vos primes d&rsquo;assurance et charges familiales. Une optimisation rigoureuse <strong>r\u00e9cup\u00e8re des montants significatifs<\/strong>. Am\u00e9liorez votre tr\u00e9sorerie sans attendre.<\/p>\n<p>Ce tableau synth\u00e9tise les <strong>plafonds actuels et leur impact fiscal attendu<\/strong>.<\/p>\n<div class=\"wwc wwc-table\" style=\"overflow: auto; max-width: 100%;\">\n<table>\n<thead>\n<tr>\n<th>Type de d\u00e9duction<\/th>\n<th>Plafond f\u00e9d\u00e9ral<\/th>\n<th>Plafond Gen\u00e8ve<\/th>\n<th>Impact fiscal<\/th>\n<\/tr>\n<\/thead>\n<tbody>\n<tr>\n<td>Frais de garde<\/td>\n<td>25&rsquo;500 CHF<\/td>\n<td>25&rsquo;048 CHF<\/td>\n<td>R\u00e9duction directe<\/td>\n<\/tr>\n<tr>\n<td>D\u00e9duction par enfant<\/td>\n<td>6&rsquo;700 CHF<\/td>\n<td>Selon bar\u00e8me<\/td>\n<td>Baisse du revenu<\/td>\n<\/tr>\n<tr>\n<td>Primes d&rsquo;assurance<\/td>\n<td>1&rsquo;200 CHF<\/td>\n<td>Double moyenne<\/td>\n<td>Gain fiscal<\/td>\n<\/tr>\n<tr>\n<td>Frais de formation<\/td>\n<td>6&rsquo;700 CHF<\/td>\n<td>Selon revenu<\/td>\n<td>Soutien financier<\/td>\n<\/tr>\n<\/tbody>\n<\/table>\n<\/div>\n<h3>Strat\u00e9gies d&rsquo;\u00e9pargne jeunesse et financement des \u00e9tudes<\/h3>\n<p>Le livret d&rsquo;\u00e9pargne classique subit l&rsquo;inflation. Les fonds de placement offrent des <strong>rendements sup\u00e9rieurs sur vingt ans<\/strong>. \u00c9vitez de laisser vos avoirs stagner sans profit r\u00e9el.<\/p>\n<p><strong>Anticipez le co\u00fbt enfant suisse<\/strong> pour les \u00e9tudes sup\u00e9rieures. Pr\u00e9voyez t\u00f4t les frais de scolarit\u00e9 et de logement pour \u00e9viter les mauvaises surprises.<\/p>\n<p>\u00c9pargnez r\u00e9guli\u00e8rement d\u00e8s la naissance. Le temps valorise votre capital et <strong>s\u00e9curise les projets futurs<\/strong>.<\/p>\n<h3>Bilan patrimonial avec un conseiller financier \u00e0 Gen\u00e8ve<\/h3>\n<p>Nous r\u00e9alisons un audit complet de votre situation. Un expert structure votre patrimoine pour <strong>prot\u00e9ger vos h\u00e9ritiers et garantir une s\u00e9r\u00e9nit\u00e9 durable<\/strong>.<\/p>\n<p><a href=\"https:\/\/conseillerfinanciergeneve.ch\/prendre-rendez-vous\/\">Prenez rendez-vous pour votre pr\u00e9voyance<\/a>. Un conseiller financier \u00e0 Gen\u00e8ve d\u00e9ploiera des <strong>solutions personnalis\u00e9es et locales<\/strong>. Votre patrimoine exige une expertise pointue.<\/p>\n<figure style=\"margin: 1.5rem 0;\"><img decoding=\"async\" style=\"width: 100%; height: auto; border-radius: 8px;\" src=\"https:\/\/conseillerfinanciergeneve.ch\/wp-content\/uploads\/2026\/02\/enfant-mettant-une-piece-dans-une-tirelire.jpg\" alt=\"3 leviers financiers pour s\u00e9curiser l'avenir : optimiser la fiscalit\u00e9 et l'\u00e9pargne\" \/><\/figure>\n<p>Agissez d\u00e8s aujourd&rsquo;hui. S\u00e9curisez votre avenir avec un <strong>bilan patrimonial global<\/strong>.<\/p>\n<p>Ma\u00eetriser le co\u00fbt enfant suisse exige d&rsquo;anticiper le million de francs de charges globales et l&rsquo;impact sur votre pr\u00e9voyance. Nos strat\u00e9gies d&rsquo;optimisation fiscale s\u00e9curiseront imm\u00e9diatement votre patrimoine familial. Agissez d\u00e8s aujourd&rsquo;hui pour garantir \u00e0 votre foyer une <strong>trajectoire financi\u00e8re d&rsquo;excellence et un avenir serein<\/strong>.<\/p>\n<p><script type=\"application\/ld+json\">\n{\n  \"@context\": \"https:\/\/schema.org\",\n  \"@type\": \"Article\",\n  \"headline\": \"Combien co\u00fbte un enfant en Suisse? Comprendre le co\u00fbt r\u00e9el en 2026\",\n  \"description\": \"Analyse compl\u00e8te du co\u00fbt d'un enfant en Suisse : d\u00e9penses directes par \u00e2ge, frais de garde, impact sur la carri\u00e8re et conseils pour optimiser votre fiscalit\u00e9 et pr\u00e9voyance.\",\n  \"image\": [\n    \"https:\/\/gohmqpvtliqcvxerzehl.supabase.co\/storage\/v1\/object\/public\/images\/2knjvp7z_budget-enfant-suisse-levolution-des-couts-reels.jpg\",\n    \"https:\/\/gohmqpvtliqcvxerzehl.supabase.co\/storage\/v1\/object\/public\/images\/vjk6tay5_cout-creche-comprendre-les-tarifs.jpg\",\n    \"https:\/\/gohmqpvtliqcvxerzehl.supabase.co\/storage\/v1\/object\/public\/images\/n4yx9hya_enfant-mettant-une-piece-dans-une-tirelire.jpg\"\n  ],\n  \"author\": {\n    \"@type\": \"Organization\",\n    \"name\": \"Conseiller Financier Gen\u00e8ve\",\n    \"url\": \"https:\/\/conseillerfinanciergeneve.ch\"\n  },\n  \"publisher\": {\n    \"@type\": \"Organization\",\n    \"name\": \"Conseiller Financier Gen\u00e8ve\",\n    \"logo\": {\n      \"@type\": \"ImageObject\",\n      \"url\": \"https:\/\/conseillerfinanciergeneve.ch\/logo.png\"\n    }\n  },\n  \"datePublished\": \"2024-05-20\",\n  \"dateModified\": \"2024-05-20\",\n  \"inLanguage\": \"fr\",\n  \"mainEntityOfPage\": {\n    \"@type\": \"WebPage\",\n    \"@id\": \"https:\/\/conseillerfinanciergeneve.ch\/combien-coute-un-enfant-suisse\/\"\n  },\n  \"abstract\": \"\u00c9lever un enfant en Suisse co\u00fbte pr\u00e8s d'un million de francs jusqu'\u00e0 sa majorit\u00e9, en int\u00e9grant les d\u00e9penses directes (500'000 CHF) et l'impact sur la carri\u00e8re (500'000 CHF).\",\n  \"articleBody\": \"Budget mensuel moyen : 1'400 CHF (0-4 ans), 1'550 CHF (5-12 ans), 1'900 CHF (13-18 ans). Frais de cr\u00e8che entre 110 et 130 CHF par jour.\",\n  \"about\": [\n    {\n      \"@type\": \"Thing\",\n      \"name\": \"Co\u00fbt de la vie en Suisse\"\n    },\n    {\n      \"@type\": \"Thing\",\n      \"name\": \"Pr\u00e9voyance vieillesse\"\n    },\n    {\n      \"@type\": \"Thing\",\n      \"name\": \"Fiscalit\u00e9 suisse\"\n    }\n  ],\n  \"hasPart\": [\n    {\n      \"@type\": \"FAQPage\",\n      \"mainEntity\": [\n        {\n          \"@type\": \"Question\",\n          \"name\": \"Quel est le budget mensuel pour un enfant en Suisse ?\",\n          \"acceptedAnswer\": {\n            \"@type\": \"Answer\",\n            \"text\": \"Le budget varie selon l'\u00e2ge : environ 1'400 CHF par mois de 0 \u00e0 4 ans, 1'550 CHF de 5 \u00e0 12 ans, et 1'900 CHF de 13 \u00e0 18 ans.\"\n          }\n        },\n        {\n          \"@type\": \"Question\",\n          \"name\": \"Quel est le prix d'une place en cr\u00e8che en Suisse ?\",\n          \"acceptedAnswer\": {\n            \"@type\": \"Answer\",\n            \"text\": \"Le tarif journalier d'une cr\u00e8che priv\u00e9e en ville d\u00e9passe souvent les 120 francs, se situant g\u00e9n\u00e9ralement entre 110 et 130 CHF. Le tarif final peut \u00eatre modul\u00e9 par des subventions cantonales selon le revenu imposable.\"\n          }\n        },\n        {\n          \"@type\": \"Question\",\n          \"name\": \"Quels sont les co\u00fbts indirects li\u00e9s \u00e0 un enfant ?\",\n          \"acceptedAnswer\": {\n            \"@type\": \"Answer\",\n            \"text\": \"Les co\u00fbts indirects sont estim\u00e9s \u00e0 environ 500'000 CHF par enfant. Ils incluent la perte de gain li\u00e9e au travail \u00e0 temps partiel, le co\u00fbt d'opportunit\u00e9 sur la carri\u00e8re et les lacunes de pr\u00e9voyance (2e et 3e piliers).\"\n          }\n        },\n        {\n          \"@type\": \"Question\",\n          \"name\": \"Quelles sont les d\u00e9ductions fiscales possibles pour un enfant en Suisse ?\",\n          \"acceptedAnswer\": {\n            \"@type\": \"Answer\",\n            \"text\": \"Au niveau f\u00e9d\u00e9ral, on peut d\u00e9duire jusqu'\u00e0 25'500 CHF pour les frais de garde et 6'700 CHF par enfant. Gen\u00e8ve permet \u00e9galement une d\u00e9duction pour frais de garde jusqu'\u00e0 25'048 CHF.\"\n          }\n        }\n      ]\n    }\n  ]\n}\n<\/script><\/p>\n","protected":false},"excerpt":{"rendered":"<p>Ce qu&rsquo;il faut retenir : \u00c9lever un enfant en Suisse co\u00fbte pr\u00e8s d&rsquo;un million de francs jusqu&rsquo;\u00e0 sa majorit\u00e9, en int\u00e9grant les d\u00e9penses directes et l&rsquo;impact sur la carri\u00e8re. Anticiper cette charge permet de s\u00e9curiser la pr\u00e9voyance et d&rsquo;optimiser les d\u00e9ductions fiscales. Ce montant colossal, incluant 500&rsquo;000 CHF de co\u00fbts indirects, exige une gestion patrimoniale [&hellip;]<\/p>\n","protected":false},"author":1,"featured_media":5518,"comment_status":"open","ping_status":"open","sticky":false,"template":"","format":"standard","meta":{"footnotes":""},"categories":[10],"tags":[],"class_list":["post-5517","post","type-post","status-publish","format-standard","has-post-thumbnail","hentry","category-prevoyance"],"yoast_head":"<!-- This site is optimized with the Yoast SEO plugin v27.5 - https:\/\/yoast.com\/product\/yoast-seo-wordpress\/ -->\n<title>Co\u00fbt enfant suisse 2026 | guide expert du budget<\/title>\n<meta name=\"description\" content=\"Ma\u00eetrisez le co\u00fbt enfant suisse en 2026. Analysez les frais de garde, la sant\u00e9 et l&#039;impact fiscal pour optimiser votre budget et s\u00e9curiser l&#039;avenir.\" \/>\n<meta name=\"robots\" content=\"index, follow, max-snippet:-1, max-image-preview:large, max-video-preview:-1\" \/>\n<link rel=\"canonical\" href=\"https:\/\/conseillerfinanciergeneve.ch\/en\/cout-enfant-suisse\/\" \/>\n<meta property=\"og:locale\" content=\"en_US\" \/>\n<meta property=\"og:type\" content=\"article\" \/>\n<meta property=\"og:title\" content=\"Co\u00fbt enfant suisse 2026 | guide expert du budget\" \/>\n<meta property=\"og:description\" content=\"Ma\u00eetrisez le co\u00fbt enfant suisse en 2026. Analysez les frais de garde, la sant\u00e9 et l&#039;impact fiscal pour optimiser votre budget et s\u00e9curiser l&#039;avenir.\" \/>\n<meta property=\"og:url\" content=\"https:\/\/conseillerfinanciergeneve.ch\/en\/cout-enfant-suisse\/\" \/>\n<meta property=\"og:site_name\" content=\"Conseiller financier Gen&egrave;ve\" \/>\n<meta property=\"article:published_time\" content=\"2026-04-27T07:14:22+00:00\" \/>\n<meta property=\"og:image\" content=\"https:\/\/conseillerfinanciergeneve.ch\/wp-content\/uploads\/2026\/02\/preparer-lavenir-en-famille.jpg\" \/>\n\t<meta property=\"og:image:width\" content=\"1376\" \/>\n\t<meta property=\"og:image:height\" content=\"768\" \/>\n\t<meta property=\"og:image:type\" content=\"image\/jpeg\" \/>\n<meta name=\"author\" content=\"administrateur\" \/>\n<meta name=\"twitter:card\" content=\"summary_large_image\" \/>\n<meta name=\"twitter:label1\" content=\"Written by\" \/>\n\t<meta name=\"twitter:data1\" content=\"administrateur\" \/>\n\t<meta name=\"twitter:label2\" content=\"Est. reading time\" \/>\n\t<meta name=\"twitter:data2\" content=\"8 minutes\" \/>\n<script type=\"application\/ld+json\" class=\"yoast-schema-graph\">{\"@context\":\"https:\\\/\\\/schema.org\",\"@graph\":[{\"@type\":\"Article\",\"@id\":\"https:\\\/\\\/conseillerfinanciergeneve.ch\\\/cout-enfant-suisse\\\/#article\",\"isPartOf\":{\"@id\":\"https:\\\/\\\/conseillerfinanciergeneve.ch\\\/cout-enfant-suisse\\\/\"},\"author\":{\"name\":\"administrateur\",\"@id\":\"https:\\\/\\\/conseillerfinanciergeneve.ch\\\/#\\\/schema\\\/person\\\/fe24fe6787fe0cb362b7de00dd996498\"},\"headline\":\"Comprendre le co\u00fbt r\u00e9el d&rsquo;un enfant en Suisse en 2026\",\"datePublished\":\"2026-04-27T07:14:22+00:00\",\"mainEntityOfPage\":{\"@id\":\"https:\\\/\\\/conseillerfinanciergeneve.ch\\\/cout-enfant-suisse\\\/\"},\"wordCount\":1422,\"commentCount\":0,\"publisher\":{\"@id\":\"https:\\\/\\\/conseillerfinanciergeneve.ch\\\/#organization\"},\"image\":{\"@id\":\"https:\\\/\\\/conseillerfinanciergeneve.ch\\\/cout-enfant-suisse\\\/#primaryimage\"},\"thumbnailUrl\":\"https:\\\/\\\/conseillerfinanciergeneve.ch\\\/wp-content\\\/uploads\\\/2026\\\/02\\\/preparer-lavenir-en-famille.jpg\",\"articleSection\":[\"Pr\u00e9voyance\"],\"inLanguage\":\"en-US\",\"potentialAction\":[{\"@type\":\"CommentAction\",\"name\":\"Comment\",\"target\":[\"https:\\\/\\\/conseillerfinanciergeneve.ch\\\/cout-enfant-suisse\\\/#respond\"]}]},{\"@type\":\"WebPage\",\"@id\":\"https:\\\/\\\/conseillerfinanciergeneve.ch\\\/cout-enfant-suisse\\\/\",\"url\":\"https:\\\/\\\/conseillerfinanciergeneve.ch\\\/cout-enfant-suisse\\\/\",\"name\":\"Co\u00fbt enfant suisse 2026 | guide expert du budget\",\"isPartOf\":{\"@id\":\"https:\\\/\\\/conseillerfinanciergeneve.ch\\\/#website\"},\"primaryImageOfPage\":{\"@id\":\"https:\\\/\\\/conseillerfinanciergeneve.ch\\\/cout-enfant-suisse\\\/#primaryimage\"},\"image\":{\"@id\":\"https:\\\/\\\/conseillerfinanciergeneve.ch\\\/cout-enfant-suisse\\\/#primaryimage\"},\"thumbnailUrl\":\"https:\\\/\\\/conseillerfinanciergeneve.ch\\\/wp-content\\\/uploads\\\/2026\\\/02\\\/preparer-lavenir-en-famille.jpg\",\"datePublished\":\"2026-04-27T07:14:22+00:00\",\"description\":\"Ma\u00eetrisez le co\u00fbt enfant suisse en 2026. Analysez les frais de garde, la sant\u00e9 et l'impact fiscal pour optimiser votre budget et s\u00e9curiser l'avenir.\",\"breadcrumb\":{\"@id\":\"https:\\\/\\\/conseillerfinanciergeneve.ch\\\/cout-enfant-suisse\\\/#breadcrumb\"},\"inLanguage\":\"en-US\",\"potentialAction\":[{\"@type\":\"ReadAction\",\"target\":[\"https:\\\/\\\/conseillerfinanciergeneve.ch\\\/cout-enfant-suisse\\\/\"]}]},{\"@type\":\"ImageObject\",\"inLanguage\":\"en-US\",\"@id\":\"https:\\\/\\\/conseillerfinanciergeneve.ch\\\/cout-enfant-suisse\\\/#primaryimage\",\"url\":\"https:\\\/\\\/conseillerfinanciergeneve.ch\\\/wp-content\\\/uploads\\\/2026\\\/02\\\/preparer-lavenir-en-famille.jpg\",\"contentUrl\":\"https:\\\/\\\/conseillerfinanciergeneve.ch\\\/wp-content\\\/uploads\\\/2026\\\/02\\\/preparer-lavenir-en-famille.jpg\",\"width\":1376,\"height\":768,\"caption\":\"Anticiper les d\u00e9penses li\u00e9es \u00e0 l'arriv\u00e9e d'un enfant est essentiel. Cette famille suisse \u00e9tudie ses finances pour 2026.\"},{\"@type\":\"BreadcrumbList\",\"@id\":\"https:\\\/\\\/conseillerfinanciergeneve.ch\\\/cout-enfant-suisse\\\/#breadcrumb\",\"itemListElement\":[{\"@type\":\"ListItem\",\"position\":1,\"name\":\"Accueil\",\"item\":\"https:\\\/\\\/conseillerfinanciergeneve.ch\\\/\"},{\"@type\":\"ListItem\",\"position\":2,\"name\":\"Pr\u00e9voyance\",\"item\":\"https:\\\/\\\/conseillerfinanciergeneve.ch\\\/prevoyance\\\/\"},{\"@type\":\"ListItem\",\"position\":3,\"name\":\"Comprendre le co\u00fbt r\u00e9el d&rsquo;un enfant en Suisse en 2026\"}]},{\"@type\":\"WebSite\",\"@id\":\"https:\\\/\\\/conseillerfinanciergeneve.ch\\\/#website\",\"url\":\"https:\\\/\\\/conseillerfinanciergeneve.ch\\\/\",\"name\":\"Conseiller financier Gen\u00e8ve\",\"description\":\"\",\"publisher\":{\"@id\":\"https:\\\/\\\/conseillerfinanciergeneve.ch\\\/#organization\"},\"potentialAction\":[{\"@type\":\"SearchAction\",\"target\":{\"@type\":\"EntryPoint\",\"urlTemplate\":\"https:\\\/\\\/conseillerfinanciergeneve.ch\\\/?s={search_term_string}\"},\"query-input\":{\"@type\":\"PropertyValueSpecification\",\"valueRequired\":true,\"valueName\":\"search_term_string\"}}],\"inLanguage\":\"en-US\"},{\"@type\":\"Organization\",\"@id\":\"https:\\\/\\\/conseillerfinanciergeneve.ch\\\/#organization\",\"name\":\"Conseiller financier Gen\u00e8ve\",\"url\":\"https:\\\/\\\/conseillerfinanciergeneve.ch\\\/\",\"logo\":{\"@type\":\"ImageObject\",\"inLanguage\":\"en-US\",\"@id\":\"https:\\\/\\\/conseillerfinanciergeneve.ch\\\/#\\\/schema\\\/logo\\\/image\\\/\",\"url\":\"https:\\\/\\\/conseillerfinanciergeneve.ch\\\/wp-content\\\/uploads\\\/2024\\\/11\\\/cropped-cropped-conseiller-financier-2-2.png\",\"contentUrl\":\"https:\\\/\\\/conseillerfinanciergeneve.ch\\\/wp-content\\\/uploads\\\/2024\\\/11\\\/cropped-cropped-conseiller-financier-2-2.png\",\"width\":499,\"height\":258,\"caption\":\"Conseiller financier Gen\u00e8ve\"},\"image\":{\"@id\":\"https:\\\/\\\/conseillerfinanciergeneve.ch\\\/#\\\/schema\\\/logo\\\/image\\\/\"}},{\"@type\":\"Person\",\"@id\":\"https:\\\/\\\/conseillerfinanciergeneve.ch\\\/#\\\/schema\\\/person\\\/fe24fe6787fe0cb362b7de00dd996498\",\"name\":\"administrateur\",\"image\":{\"@type\":\"ImageObject\",\"inLanguage\":\"en-US\",\"@id\":\"https:\\\/\\\/secure.gravatar.com\\\/avatar\\\/4a8b18800befc1a369b14c97823a8dcd4c383cddeeda04aa2c53e53058caa45e?s=96&d=mm&r=g\",\"url\":\"https:\\\/\\\/secure.gravatar.com\\\/avatar\\\/4a8b18800befc1a369b14c97823a8dcd4c383cddeeda04aa2c53e53058caa45e?s=96&d=mm&r=g\",\"contentUrl\":\"https:\\\/\\\/secure.gravatar.com\\\/avatar\\\/4a8b18800befc1a369b14c97823a8dcd4c383cddeeda04aa2c53e53058caa45e?s=96&d=mm&r=g\",\"caption\":\"administrateur\"},\"sameAs\":[\"https:\\\/\\\/conseillerfinanciergeneve.ch\"],\"url\":\"https:\\\/\\\/conseillerfinanciergeneve.ch\\\/en\\\/author\\\/admin\\\/\"}]}<\/script>\n<!-- \/ Yoast SEO plugin. -->","yoast_head_json":{"title":"Co\u00fbt enfant suisse 2026 | guide expert du budget","description":"Ma\u00eetrisez le co\u00fbt enfant suisse en 2026. Analysez les frais de garde, la sant\u00e9 et l'impact fiscal pour optimiser votre budget et s\u00e9curiser l'avenir.","robots":{"index":"index","follow":"follow","max-snippet":"max-snippet:-1","max-image-preview":"max-image-preview:large","max-video-preview":"max-video-preview:-1"},"canonical":"https:\/\/conseillerfinanciergeneve.ch\/en\/cout-enfant-suisse\/","og_locale":"en_US","og_type":"article","og_title":"Co\u00fbt enfant suisse 2026 | guide expert du budget","og_description":"Ma\u00eetrisez le co\u00fbt enfant suisse en 2026. Analysez les frais de garde, la sant\u00e9 et l'impact fiscal pour optimiser votre budget et s\u00e9curiser l'avenir.","og_url":"https:\/\/conseillerfinanciergeneve.ch\/en\/cout-enfant-suisse\/","og_site_name":"Conseiller financier Gen&egrave;ve","article_published_time":"2026-04-27T07:14:22+00:00","og_image":[{"width":1376,"height":768,"url":"https:\/\/conseillerfinanciergeneve.ch\/wp-content\/uploads\/2026\/02\/preparer-lavenir-en-famille.jpg","type":"image\/jpeg"}],"author":"administrateur","twitter_card":"summary_large_image","twitter_misc":{"Written by":"administrateur","Est. reading time":"8 minutes"},"schema":{"@context":"https:\/\/schema.org","@graph":[{"@type":"Article","@id":"https:\/\/conseillerfinanciergeneve.ch\/cout-enfant-suisse\/#article","isPartOf":{"@id":"https:\/\/conseillerfinanciergeneve.ch\/cout-enfant-suisse\/"},"author":{"name":"administrateur","@id":"https:\/\/conseillerfinanciergeneve.ch\/#\/schema\/person\/fe24fe6787fe0cb362b7de00dd996498"},"headline":"Comprendre le co\u00fbt r\u00e9el d&rsquo;un enfant en Suisse en 2026","datePublished":"2026-04-27T07:14:22+00:00","mainEntityOfPage":{"@id":"https:\/\/conseillerfinanciergeneve.ch\/cout-enfant-suisse\/"},"wordCount":1422,"commentCount":0,"publisher":{"@id":"https:\/\/conseillerfinanciergeneve.ch\/#organization"},"image":{"@id":"https:\/\/conseillerfinanciergeneve.ch\/cout-enfant-suisse\/#primaryimage"},"thumbnailUrl":"https:\/\/conseillerfinanciergeneve.ch\/wp-content\/uploads\/2026\/02\/preparer-lavenir-en-famille.jpg","articleSection":["Pr\u00e9voyance"],"inLanguage":"en-US","potentialAction":[{"@type":"CommentAction","name":"Comment","target":["https:\/\/conseillerfinanciergeneve.ch\/cout-enfant-suisse\/#respond"]}]},{"@type":"WebPage","@id":"https:\/\/conseillerfinanciergeneve.ch\/cout-enfant-suisse\/","url":"https:\/\/conseillerfinanciergeneve.ch\/cout-enfant-suisse\/","name":"Co\u00fbt enfant suisse 2026 | guide expert du budget","isPartOf":{"@id":"https:\/\/conseillerfinanciergeneve.ch\/#website"},"primaryImageOfPage":{"@id":"https:\/\/conseillerfinanciergeneve.ch\/cout-enfant-suisse\/#primaryimage"},"image":{"@id":"https:\/\/conseillerfinanciergeneve.ch\/cout-enfant-suisse\/#primaryimage"},"thumbnailUrl":"https:\/\/conseillerfinanciergeneve.ch\/wp-content\/uploads\/2026\/02\/preparer-lavenir-en-famille.jpg","datePublished":"2026-04-27T07:14:22+00:00","description":"Ma\u00eetrisez le co\u00fbt enfant suisse en 2026. Analysez les frais de garde, la sant\u00e9 et l'impact fiscal pour optimiser votre budget et s\u00e9curiser l'avenir.","breadcrumb":{"@id":"https:\/\/conseillerfinanciergeneve.ch\/cout-enfant-suisse\/#breadcrumb"},"inLanguage":"en-US","potentialAction":[{"@type":"ReadAction","target":["https:\/\/conseillerfinanciergeneve.ch\/cout-enfant-suisse\/"]}]},{"@type":"ImageObject","inLanguage":"en-US","@id":"https:\/\/conseillerfinanciergeneve.ch\/cout-enfant-suisse\/#primaryimage","url":"https:\/\/conseillerfinanciergeneve.ch\/wp-content\/uploads\/2026\/02\/preparer-lavenir-en-famille.jpg","contentUrl":"https:\/\/conseillerfinanciergeneve.ch\/wp-content\/uploads\/2026\/02\/preparer-lavenir-en-famille.jpg","width":1376,"height":768,"caption":"Anticiper les d\u00e9penses li\u00e9es \u00e0 l'arriv\u00e9e d'un enfant est essentiel. Cette famille suisse \u00e9tudie ses finances pour 2026."},{"@type":"BreadcrumbList","@id":"https:\/\/conseillerfinanciergeneve.ch\/cout-enfant-suisse\/#breadcrumb","itemListElement":[{"@type":"ListItem","position":1,"name":"Accueil","item":"https:\/\/conseillerfinanciergeneve.ch\/"},{"@type":"ListItem","position":2,"name":"Pr\u00e9voyance","item":"https:\/\/conseillerfinanciergeneve.ch\/prevoyance\/"},{"@type":"ListItem","position":3,"name":"Comprendre le co\u00fbt r\u00e9el d&rsquo;un enfant en Suisse en 2026"}]},{"@type":"WebSite","@id":"https:\/\/conseillerfinanciergeneve.ch\/#website","url":"https:\/\/conseillerfinanciergeneve.ch\/","name":"Financial advisor Geneva","description":"","publisher":{"@id":"https:\/\/conseillerfinanciergeneve.ch\/#organization"},"potentialAction":[{"@type":"SearchAction","target":{"@type":"EntryPoint","urlTemplate":"https:\/\/conseillerfinanciergeneve.ch\/?s={search_term_string}"},"query-input":{"@type":"PropertyValueSpecification","valueRequired":true,"valueName":"search_term_string"}}],"inLanguage":"en-US"},{"@type":"Organization","@id":"https:\/\/conseillerfinanciergeneve.ch\/#organization","name":"Financial advisor Geneva","url":"https:\/\/conseillerfinanciergeneve.ch\/","logo":{"@type":"ImageObject","inLanguage":"en-US","@id":"https:\/\/conseillerfinanciergeneve.ch\/#\/schema\/logo\/image\/","url":"https:\/\/conseillerfinanciergeneve.ch\/wp-content\/uploads\/2024\/11\/cropped-cropped-conseiller-financier-2-2.png","contentUrl":"https:\/\/conseillerfinanciergeneve.ch\/wp-content\/uploads\/2024\/11\/cropped-cropped-conseiller-financier-2-2.png","width":499,"height":258,"caption":"Conseiller financier Gen\u00e8ve"},"image":{"@id":"https:\/\/conseillerfinanciergeneve.ch\/#\/schema\/logo\/image\/"}},{"@type":"Person","@id":"https:\/\/conseillerfinanciergeneve.ch\/#\/schema\/person\/fe24fe6787fe0cb362b7de00dd996498","name":"administrateur","image":{"@type":"ImageObject","inLanguage":"en-US","@id":"https:\/\/secure.gravatar.com\/avatar\/4a8b18800befc1a369b14c97823a8dcd4c383cddeeda04aa2c53e53058caa45e?s=96&d=mm&r=g","url":"https:\/\/secure.gravatar.com\/avatar\/4a8b18800befc1a369b14c97823a8dcd4c383cddeeda04aa2c53e53058caa45e?s=96&d=mm&r=g","contentUrl":"https:\/\/secure.gravatar.com\/avatar\/4a8b18800befc1a369b14c97823a8dcd4c383cddeeda04aa2c53e53058caa45e?s=96&d=mm&r=g","caption":"administrateur"},"sameAs":["https:\/\/conseillerfinanciergeneve.ch"],"url":"https:\/\/conseillerfinanciergeneve.ch\/en\/author\/admin\/"}]}},"_links":{"self":[{"href":"https:\/\/conseillerfinanciergeneve.ch\/en\/wp-json\/wp\/v2\/posts\/5517","targetHints":{"allow":["GET"]}}],"collection":[{"href":"https:\/\/conseillerfinanciergeneve.ch\/en\/wp-json\/wp\/v2\/posts"}],"about":[{"href":"https:\/\/conseillerfinanciergeneve.ch\/en\/wp-json\/wp\/v2\/types\/post"}],"author":[{"embeddable":true,"href":"https:\/\/conseillerfinanciergeneve.ch\/en\/wp-json\/wp\/v2\/users\/1"}],"replies":[{"embeddable":true,"href":"https:\/\/conseillerfinanciergeneve.ch\/en\/wp-json\/wp\/v2\/comments?post=5517"}],"version-history":[{"count":4,"href":"https:\/\/conseillerfinanciergeneve.ch\/en\/wp-json\/wp\/v2\/posts\/5517\/revisions"}],"predecessor-version":[{"id":5542,"href":"https:\/\/conseillerfinanciergeneve.ch\/en\/wp-json\/wp\/v2\/posts\/5517\/revisions\/5542"}],"wp:featuredmedia":[{"embeddable":true,"href":"https:\/\/conseillerfinanciergeneve.ch\/en\/wp-json\/wp\/v2\/media\/5518"}],"wp:attachment":[{"href":"https:\/\/conseillerfinanciergeneve.ch\/en\/wp-json\/wp\/v2\/media?parent=5517"}],"wp:term":[{"taxonomy":"category","embeddable":true,"href":"https:\/\/conseillerfinanciergeneve.ch\/en\/wp-json\/wp\/v2\/categories?post=5517"},{"taxonomy":"post_tag","embeddable":true,"href":"https:\/\/conseillerfinanciergeneve.ch\/en\/wp-json\/wp\/v2\/tags?post=5517"}],"curies":[{"name":"wp","href":"https:\/\/api.w.org\/{rel}","templated":true}]}}