{"id":5543,"date":"2026-05-02T09:49:19","date_gmt":"2026-05-02T07:49:19","guid":{"rendered":"https:\/\/conseillerfinanciergeneve.ch\/?p=5543"},"modified":"2026-02-28T18:10:31","modified_gmt":"2026-02-28T16:10:31","slug":"inflation-salaires-job","status":"publish","type":"post","link":"https:\/\/conseillerfinanciergeneve.ch\/en\/inflation-salaires-job\/","title":{"rendered":"Comprendre le lien entre inflation salaires emploi en 2026"},"content":{"rendered":"<p><script src=\"https:\/\/cdn.jsdelivr.net\/npm\/@alpinejs\/csp@3\/dist\/cdn.min.js\" defer><\/script><\/p>\n<style>.wwc { --wwc-primary: #3b82f6; }<\/style>\n<div class=\"wwc\">Ce qu&rsquo;il faut retenir : Malgr\u00e9 la cr\u00e9ation de 102 500 emplois nets, <strong>l&rsquo;inflation brise le lien traditionnel entre travail et pouvoir d&rsquo;achat<\/strong>. Si l&rsquo;indexation prot\u00e8ge le SMIC, les cadres subissent un <strong>tassement salarial in\u00e9dit<\/strong>. Pour contrer cette \u00e9rosion, l&rsquo;optimisation fiscale et la diversification patrimoniale s&rsquo;imposent comme des leviers indispensables afin de <strong>transformer une augmentation nominale en b\u00e9n\u00e9fice r\u00e9el durable<\/strong>.<\/div>\n<p>Voyez-vous votre pouvoir d&rsquo;achat fondre inexorablement chaque mois malgr\u00e9 un march\u00e9 dynamique o\u00f9 le rapport inflation salaires emploi semble d\u00e9sormais rompu ? Ce contenu analyse pr\u00e9cis\u00e9ment la d\u00e9connexion entre la cr\u00e9ation massive de postes et la stagnation pr\u00e9occupante de vos revenus r\u00e9els afin de comprendre pourquoi votre fiche de paie ne suit plus le rythme impos\u00e9 par la hausse g\u00e9n\u00e9ralis\u00e9e des prix actuels. Vous d\u00e9couvrirez des leviers concrets pour ajuster votre r\u00e9mun\u00e9ration nominale lors des n\u00e9gociations de branche ainsi que des m\u00e9thodes d&rsquo;optimisation fiscale efficaces <strong>prot\u00e9ger durablement votre patrimoine contre cette \u00e9rosion mon\u00e9taire<\/strong>.<\/p>\n<ol>\n<li><a href=\"#inflation-et-salaires-le-duel-entre-nominal-et-reel\">Inflation et salaires : le duel entre nominal et r\u00e9el<\/a><\/li>\n<li><a href=\"#marche-de-l-emploi-et-force-de-negociation-des-salaries\">March\u00e9 de l&#8217;emploi et force de n\u00e9gociation des salari\u00e9s<\/a><\/li>\n<li><a href=\"#pourquoi-les-cadres-perdent-ils-plus-de-pouvoir-d-achat\">Pourquoi les cadres perdent-ils plus de pouvoir d&rsquo;achat ?<\/a><\/li>\n<li><a href=\"#gestion-patrimoine-protection-revenus\">Gestion de patrimoine et protection des revenus<\/a><\/li>\n<\/ol>\n<h2 id=\"inflation-et-salaires-le-duel-entre-nominal-et-reel\">Inflation et salaires : le duel entre nominal et r\u00e9el<\/h2>\n<p>Apr\u00e8s des ann\u00e9es de calme, la <strong>hausse des prix bouscule nos fiches de paie<\/strong> et force \u00e0 regarder au-del\u00e0 du chiffre en bas \u00e0 droite.<\/p>\n<p><img decoding=\"async\" src=\"https:\/\/conseillerfinanciergeneve.ch\/wp-content\/uploads\/2026\/02\/inflation-et-salaires-le-duel-entre-nominal-et-reel.jpg\" alt=\"Graphique illustrant l'impact de l'inflation sur les salaires r\u00e9els\" \/><\/p>\n<h3>Comprendre la diff\u00e9rence entre salaire nominal et pouvoir d&rsquo;achat<\/h3>\n<p>Le salaire nominal est le montant brut inscrit sur votre contrat. S&rsquo;il grimpe souvent, <strong>l&rsquo;inflation grignote chaque euro per\u00e7u<\/strong>.<\/p>\n<p>Le pouvoir d&rsquo;achat refl\u00e8te ce que vous achetez r\u00e9ellement. Si les prix montent plus vite que la paie, <strong>vous reculez<\/strong>.<\/p>\n<p>En pratique, c&rsquo;est un calcul math\u00e9matique simple. Votre niveau de vie <strong>d\u00e9pend uniquement de ce solde r\u00e9el<\/strong>.<\/p>\n<div class=\"wwc wwc-tip\">\n<div class=\"wwc-title\">D\u00e9finition<\/div>\n<p>Nominal : brut contractuel. R\u00e9el : <strong>pouvoir d&rsquo;achat ajust\u00e9 \u00e0 l&rsquo;inflation<\/strong>.<\/p>\n<\/div>\n<h3>Le r\u00f4le de l&rsquo;indexation automatique du SMIC sur l&rsquo;inflation<\/h3>\n<p>Le SMIC s&rsquo;ajuste d\u00e8s que les prix augmentent de 2 %. Cette m\u00e9canique <strong>\u00e9vite la paup\u00e9risation des travailleurs les plus modestes<\/strong>.<\/p>\n<p>Pourtant, ce filet de s\u00e9curit\u00e9 ignore les salaires plus \u00e9lev\u00e9s. <strong>Les classes moyennes restent souvent sur le carreau<\/strong>.<\/p>\n<p>Mais attention, l&rsquo;automatisme s&rsquo;arr\u00eate au seuil l\u00e9gal. Le reste <strong>d\u00e9pend alors des n\u00e9gociations de branches<\/strong>.<\/p>\n<h3>L&rsquo;\u00e9chelle mobile des salaires : un vestige ou une solution ?<\/h3>\n<p><strong>Supprim\u00e9e en 1982 pour briser la spirale prix-salaires<\/strong>, l&rsquo;\u00e9chelle mobile indexait tous les revenus. Certains r\u00e9clament aujourd&rsquo;hui son retour.<\/p>\n<p>Est-ce un <strong>rempart social ou un moteur pour l&rsquo;inflation<\/strong> ? Ce d\u00e9bat divise encore les \u00e9conomistes.<\/p>\n<div class=\"wwc\">\n<p>Pour <strong>optimiser vos revenus et prot\u00e9ger votre patrimoine<\/strong>, <a href=\"https:\/\/conseillerfinanciergeneve.ch\/prendre-rendez-vous\/\">sollicitez un conseiller financier \u00e0 Gen\u00e8ve pour un bilan complet<\/a>.<\/p>\n<\/div>\n<h2 id=\"marche-de-l-emploi-et-force-de-negociation-des-salaries\">March\u00e9 de l&#8217;emploi et force de n\u00e9gociation des salari\u00e9s<\/h2>\n<p>Au-del\u00e0 des indices th\u00e9oriques, la <strong>raret\u00e9 des profils dicte d\u00e9sormais les nouvelles r\u00e8gles du jeu<\/strong>.<\/p>\n<h3>Emplois vacants et tensions de recrutement comme leviers de hausse<\/h3>\n<p>Quand recruter devient difficile, <strong>le rapport de force bascule<\/strong>. Les candidats exigent des salaires plus forts. Les emplois vacants sont une arme pour les salari\u00e9s.<\/p>\n<p>La mobilit\u00e9, comme <a href=\"https:\/\/conseillerfinanciergeneve.ch\/postuler-emploi-suisse\/\">postuler en Suisse<\/a>, renforce votre capacit\u00e9 \u00e0 n\u00e9gocier. C&rsquo;est un <strong>levier strat\u00e9gique direct<\/strong>.<\/p>\n<p><strong>Le ch\u00f4mage bas booste les revendications<\/strong>. C&rsquo;est la loi de l&rsquo;offre et la demande.<\/p>\n<p><img decoding=\"async\" src=\"https:\/\/conseillerfinanciergeneve.ch\/wp-content\/uploads\/2026\/02\/force-de-negociation-le-rapport-bascule.jpg\" alt=\"Rapport de force et n\u00e9gociation salariale\" \/><\/p>\n<h3>Corr\u00e9lation entre croissance du PIB et dynamique de l&#8217;emploi<\/h3>\n<p>La sant\u00e9 \u00e9conomique dicte le rythme des embauches. Un PIB ralenti refroidit les recruteurs, qui <strong>g\u00e8lent souvent les cr\u00e9ations de postes<\/strong>.<\/p>\n<p>Mais attention, si la croissance s&rsquo;essouffle, <strong>l&#8217;emploi salari\u00e9 recule<\/strong>. Le risque de ch\u00f4mage augmente alors m\u00e9caniquement.<\/p>\n<p><strong>La productivit\u00e9 finance les futures hausses<\/strong>.<\/p>\n<h3>N\u00e9gociations de branches et augmentations collectives<\/h3>\n<p>Les accords de branche fixent les minima sectoriels. Ces hausses prot\u00e8gent ceux qui ne n\u00e9gocient pas seuls, <strong>garantissant la paix sociale<\/strong>.<\/p>\n<div class=\"wwc\">\n<div class=\"wwc-title\">Chiffres cl\u00e9s de l&#8217;emploi<\/div>\n<p><strong>102 500 cr\u00e9ations nettes d&#8217;emplois<\/strong> (avril-juin), +3,8 % d&#8217;emploi priv\u00e9 depuis fin 2019.<\/p>\n<\/div>\n<div class=\"wwc wwc-table\">\n<div style=\"overflow: auto; max-width: 100%;\">\n<table>\n<thead>\n<tr>\n<th>Indicateur<\/th>\n<th>Impact salari\u00e9<\/th>\n<th>Impact employeur<\/th>\n<\/tr>\n<\/thead>\n<tbody>\n<tr>\n<td>Inflation<\/td>\n<td>Perte de pouvoir d&rsquo;achat<\/td>\n<td>Hausse des co\u00fbts<\/td>\n<\/tr>\n<tr>\n<td>Ch\u00f4mage<\/td>\n<td>Force de n\u00e9gociation<\/td>\n<td>Difficult\u00e9 de recrutement<\/td>\n<\/tr>\n<tr>\n<td>Croissance PIB<\/td>\n<td>S\u00e9curit\u00e9 de l&#8217;emploi<\/td>\n<td>Capacit\u00e9 d&#8217;embauche<\/td>\n<\/tr>\n<tr>\n<td>Emplois vacants<\/td>\n<td>Hausse des salaires<\/td>\n<td>Turnover important<\/td>\n<\/tr>\n<\/tbody>\n<\/table>\n<\/div>\n<\/div>\n<p><a href=\"https:\/\/conseillerfinanciergeneve.ch\/prendre-rendez-vous\/\">Prenez rendez-vous avec un conseiller financier dipl\u00f4m\u00e9<\/a> pour un <strong>bilan patrimonial complet<\/strong>.<\/p>\n<h2 id=\"pourquoi-les-cadres-perdent-ils-plus-de-pouvoir-achat\">Pourquoi les cadres perdent-ils plus de pouvoir d&rsquo;achat ?<\/h2>\n<p>Si les bas salaires sont prot\u00e9g\u00e9s par des m\u00e9canismes l\u00e9gaux, les hauts revenus subissent un effet de ciseau beaucoup plus marqu\u00e9.<\/p>\n<div class=\"wwc wwc-info\">\n<div class=\"wwc-title\">L&rsquo;\u00e9trange plein-emploi<\/div>\n<p>Malgr\u00e9 102 500 cr\u00e9ations d&#8217;emplois, les <strong>salaires stagnent<\/strong>. Ce lien bris\u00e9 entre emploi et inflation est paradoxal.<\/p>\n<\/div>\n<h3>Le tassement des grilles salariales face aux bas salaires<\/h3>\n<p>Les cadres voient leurs salaires stagner alors que le SMIC progresse. Ce ph\u00e9nom\u00e8ne de tassement <strong>r\u00e9duit l&rsquo;\u00e9cart entre les niveaux de responsabilit\u00e9<\/strong>. Les entreprises privil\u00e9gient souvent les augmentations individuelles cibl\u00e9es. Les hausses g\u00e9n\u00e9rales deviennent rares pour les hauts revenus.<\/p>\n<p>Le rattrapage est plus lent pour cette cat\u00e9gorie. L&rsquo;inflation frappe fort sans compensation automatique. Beaucoup de cadres <strong>perdent ainsi du terrain face au co\u00fbt de la vie r\u00e9el<\/strong>.<\/p>\n<p><strong>La reconnaissance financi\u00e8re s&rsquo;effrite<\/strong> avec le temps. La motivation peut en souffrir au sein des directions.<\/p>\n<h3>Inflation et in\u00e9galit\u00e9s de genre : le poids de la s\u00e9gr\u00e9gation<\/h3>\n<p>Il existe une panoplie de secteurs f\u00e9minis\u00e9s, comme le soin, souvent moins r\u00e9mun\u00e9r\u00e9s. L&rsquo;inflation <strong>aggrave cette pr\u00e9carit\u00e9 relative<\/strong>. La s\u00e9gr\u00e9gation professionnelle limite les opportunit\u00e9s de rebond salarial rapide.<\/p>\n<p><strong>Les disparit\u00e9s se logent dans les d\u00e9tails<\/strong>. Observez ces points de friction :<\/p>\n<ul>\n<li><strong>\u00c9carts de primes<\/strong> entre hommes et femmes.<\/li>\n<li><strong>Temps partiels subis<\/strong>.<\/li>\n<li><strong>Acc\u00e8s limit\u00e9 au variable<\/strong>.<\/li>\n<\/ul>\n<p>Les in\u00e9galit\u00e9s persistent malgr\u00e9 les discours officiels. La crise actuelle agit comme un <strong>r\u00e9v\u00e9lateur de ces fractures<\/strong>.<\/p>\n<p>Le <strong>pouvoir d&rsquo;achat f\u00e9minin reste plus fragile<\/strong>. C&rsquo;est un enjeu de justice sociale.<\/p>\n<p><a href=\"https:\/\/conseillerfinanciergeneve.ch\/prendre-rendez-vous\/\">Prenez rendez-vous avec un conseiller financier \u00e0 Gen\u00e8ve<\/a> pour un <strong>bilan patrimonial complet et prot\u00e9ger votre pouvoir d&rsquo;achat<\/strong>.<\/p>\n<h2 id=\"gestion-patrimoine-protection-revenus\">Gestion de patrimoine et protection des revenus<\/h2>\n<p>Une fois la hausse de salaire obtenue, le plus dur commence : <strong>emp\u00eacher que l&rsquo;\u00e9rosion mon\u00e9taire et la fiscalit\u00e9 ne la fassent dispara\u00eetre<\/strong>.<\/p>\n<h3>Optimiser ses revenus et sa fiscalit\u00e9 apr\u00e8s une hausse<\/h3>\n<p>Gagner plus signifie souvent payer plus d&rsquo;imp\u00f4ts. Il faut donc utiliser l&rsquo;\u00e9pargne salariale ou le PER. Ces dispositifs r\u00e9duisent l&rsquo;assiette fiscale tout en pr\u00e9parant l&rsquo;avenir. Une strat\u00e9gie intelligente <strong>transforme une prime en capital durable<\/strong>.<\/p>\n<div class=\"wwc wwc-tip\">\n<div class=\"wwc-title\">Astuce<\/div>\n<p>Utilisez le PER ou l&rsquo;\u00e9pargne salariale pour <strong>contrer l&rsquo;effet de \u00ab\u00a0glissement\u00a0\u00bb fiscal<\/strong> qui suit souvent les hausses de salaires nominales.<\/p>\n<\/div>\n<p>Comprendre les tranches d&rsquo;imposition est la base de toute <strong>optimisation<\/strong>. Le diable se cache dans le <a href=\"https:\/\/conseillerfinanciergeneve.ch\/systeme-fiscal-suisse\/\">syst\u00e8me fiscal suisse<\/a>. Ne laissez pas l&rsquo;\u00c9tat grignoter votre progression.<\/p>\n<p>La pr\u00e9voyance ne doit pas \u00eatre oubli\u00e9e. Elle <strong>s\u00e9curise vos proches<\/strong> en cas de coup dur impr\u00e9vu.<\/p>\n<h3>Prot\u00e9ger son \u00e9pargne avec un conseiller financier Gen\u00e8ve<\/h3>\n<p>L&rsquo;argent qui dort sur un compte courant perd de sa valeur. Ce qui veut dire que <strong>vous vous appauvrissez<\/strong>. L&rsquo;immobilier ou les actions restent des options solides.<\/p>\n<p>Voici les \u00e9tapes pour <strong>s\u00e9curiser votre futur financier<\/strong> :<\/p>\n<ul>\n<li>R\u00e9aliser un <strong>bilan patrimonial complet<\/strong>.<\/li>\n<li><strong>Diversifier ses actifs<\/strong> sur plusieurs march\u00e9s.<\/li>\n<li><strong>Contacter un expert pour une strat\u00e9gie personnalis\u00e9e<\/strong>.<\/li>\n<\/ul>\n<p>Un conseiller financier \u00e0 Gen\u00e8ve aide \u00e0 naviguer dans ces choix. Son expertise <strong>prot\u00e8ge votre patrimoine sur le long terme<\/strong>.<\/p>\n<p>Ne laissez pas l&rsquo;inflation d\u00e9cider pour vous. <a href=\"https:\/\/conseillerfinanciergeneve.ch\/prendre-rendez-vous\/\">Prenez rendez-vous pour un <strong>diagnostic gratuit<\/strong><\/a>.<\/p>\n<p>Bien que le plein-emploi r\u00e9siste, l&rsquo;\u00e9rosion du pouvoir d&rsquo;achat face \u00e0 la hausse des prix exige une r\u00e9action strat\u00e9gique imm\u00e9diate. Ma\u00eetriser la dynamique entre inflation, salaires et emploi permet de mieux n\u00e9gocier et d&rsquo;optimiser votre fiscalit\u00e9 d\u00e8s aujourd&rsquo;hui. Agissez maintenant pour <strong>b\u00e2tir un patrimoine durable et s\u00e9curiser votre avenir<\/strong>.<\/p>\n<p><script type=\"application\/ld+json\">\n[\n  {\n    \"@context\": \"https:\/\/schema.org\",\n    \"@type\": \"Article\",\n    \"headline\": \"Comprendre le lien entre inflation salaires emploi en 2026\",\n    \"description\": \"Analyse de la d\u00e9connexion entre la cr\u00e9ation d'emplois et la stagnation des revenus r\u00e9els. D\u00e9couvrez des leviers pour ajuster votre r\u00e9mun\u00e9ration et prot\u00e9ger votre patrimoine contre l'\u00e9rosion mon\u00e9taire.\",\n    \"inLanguage\": \"fr\",\n    \"articleSection\": \"\u00c9conomie et Gestion de patrimoine\",\n    \"abstract\": \"Malgr\u00e9 la cr\u00e9ation de 102 500 emplois nets, l'inflation brise le lien traditionnel entre travail et pouvoir d'achat. L'article explore l'impact sur les cadres, l'indexation du SMIC et les strat\u00e9gies d'optimisation fiscale.\",\n    \"image\": [\n      \"https:\/\/gohmqpvtliqcvxerzehl.supabase.co\/storage\/v1\/object\/public\/images\/n4tttkl3_inflation-et-salaires-le-duel-entre-nominal-et-reel.jpg\",\n      \"https:\/\/gohmqpvtliqcvxerzehl.supabase.co\/storage\/v1\/object\/public\/images\/xkc3gl7g_force-de-negociation-le-rapport-bascule.jpg\"\n    ]\n  }\n]\n<\/script><\/p>\n","protected":false},"excerpt":{"rendered":"<p>Ce qu&rsquo;il faut retenir : Malgr\u00e9 la cr\u00e9ation de 102 500 emplois nets, l&rsquo;inflation brise le lien traditionnel entre travail et pouvoir d&rsquo;achat. Si l&rsquo;indexation prot\u00e8ge le SMIC, les cadres subissent un tassement salarial in\u00e9dit. Pour contrer cette \u00e9rosion, l&rsquo;optimisation fiscale et la diversification patrimoniale s&rsquo;imposent comme des leviers indispensables afin de transformer une augmentation [&hellip;]<\/p>\n","protected":false},"author":1,"featured_media":5545,"comment_status":"open","ping_status":"open","sticky":false,"template":"","format":"standard","meta":{"footnotes":""},"categories":[23],"tags":[],"class_list":["post-5543","post","type-post","status-publish","format-standard","has-post-thumbnail","hentry","category-emploi"],"yoast_head":"<!-- This site is optimized with the Yoast SEO plugin v27.5 - https:\/\/yoast.com\/product\/yoast-seo-wordpress\/ -->\n<title>Inflation salaires emploi 2026 | guide du salaire r\u00e9el<\/title>\n<meta name=\"description\" content=\"Analysez le lien inflation salaires emploi en 2026. Apprenez \u00e0 prot\u00e9ger votre pouvoir d&#039;achat et \u00e0 optimiser vos revenus face \u00e0 la hausse des prix.\" \/>\n<meta name=\"robots\" content=\"index, follow, max-snippet:-1, max-image-preview:large, max-video-preview:-1\" \/>\n<link rel=\"canonical\" href=\"https:\/\/conseillerfinanciergeneve.ch\/en\/inflation-salaires-job\/\" \/>\n<meta property=\"og:locale\" content=\"en_US\" \/>\n<meta property=\"og:type\" content=\"article\" \/>\n<meta property=\"og:title\" content=\"Inflation salaires emploi 2026 | guide du salaire r\u00e9el\" \/>\n<meta property=\"og:description\" content=\"Analysez le lien inflation salaires emploi en 2026. Apprenez \u00e0 prot\u00e9ger votre pouvoir d&#039;achat et \u00e0 optimiser vos revenus face \u00e0 la hausse des prix.\" \/>\n<meta property=\"og:url\" content=\"https:\/\/conseillerfinanciergeneve.ch\/en\/inflation-salaires-job\/\" \/>\n<meta property=\"og:site_name\" content=\"Conseiller financier Gen&egrave;ve\" \/>\n<meta property=\"article:published_time\" content=\"2026-05-02T07:49:19+00:00\" \/>\n<meta property=\"og:image\" content=\"https:\/\/conseillerfinanciergeneve.ch\/wp-content\/uploads\/2026\/02\/strategie-economique-analyse-dinflation-et-salaires.jpg\" \/>\n\t<meta property=\"og:image:width\" content=\"1376\" \/>\n\t<meta property=\"og:image:height\" content=\"768\" \/>\n\t<meta property=\"og:image:type\" content=\"image\/jpeg\" \/>\n<meta name=\"author\" content=\"administrateur\" \/>\n<meta name=\"twitter:card\" content=\"summary_large_image\" \/>\n<meta name=\"twitter:label1\" content=\"Written by\" \/>\n\t<meta name=\"twitter:data1\" content=\"administrateur\" \/>\n\t<meta name=\"twitter:label2\" content=\"Est. reading time\" \/>\n\t<meta name=\"twitter:data2\" content=\"7 minutes\" \/>\n<script type=\"application\/ld+json\" class=\"yoast-schema-graph\">{\"@context\":\"https:\\\/\\\/schema.org\",\"@graph\":[{\"@type\":\"Article\",\"@id\":\"https:\\\/\\\/conseillerfinanciergeneve.ch\\\/inflation-salaires-job\\\/#article\",\"isPartOf\":{\"@id\":\"https:\\\/\\\/conseillerfinanciergeneve.ch\\\/inflation-salaires-job\\\/\"},\"author\":{\"name\":\"administrateur\",\"@id\":\"https:\\\/\\\/conseillerfinanciergeneve.ch\\\/#\\\/schema\\\/person\\\/fe24fe6787fe0cb362b7de00dd996498\"},\"headline\":\"Comprendre le lien entre inflation salaires emploi en 2026\",\"datePublished\":\"2026-05-02T07:49:19+00:00\",\"mainEntityOfPage\":{\"@id\":\"https:\\\/\\\/conseillerfinanciergeneve.ch\\\/inflation-salaires-job\\\/\"},\"wordCount\":1379,\"commentCount\":0,\"publisher\":{\"@id\":\"https:\\\/\\\/conseillerfinanciergeneve.ch\\\/#organization\"},\"image\":{\"@id\":\"https:\\\/\\\/conseillerfinanciergeneve.ch\\\/inflation-salaires-job\\\/#primaryimage\"},\"thumbnailUrl\":\"https:\\\/\\\/conseillerfinanciergeneve.ch\\\/wp-content\\\/uploads\\\/2026\\\/02\\\/strategie-economique-analyse-dinflation-et-salaires.jpg\",\"articleSection\":[\"Emploi\"],\"inLanguage\":\"en-US\",\"potentialAction\":[{\"@type\":\"CommentAction\",\"name\":\"Comment\",\"target\":[\"https:\\\/\\\/conseillerfinanciergeneve.ch\\\/inflation-salaires-job\\\/#respond\"]}]},{\"@type\":\"WebPage\",\"@id\":\"https:\\\/\\\/conseillerfinanciergeneve.ch\\\/inflation-salaires-job\\\/\",\"url\":\"https:\\\/\\\/conseillerfinanciergeneve.ch\\\/inflation-salaires-job\\\/\",\"name\":\"Inflation salaires emploi 2026 | guide du salaire r\u00e9el\",\"isPartOf\":{\"@id\":\"https:\\\/\\\/conseillerfinanciergeneve.ch\\\/#website\"},\"primaryImageOfPage\":{\"@id\":\"https:\\\/\\\/conseillerfinanciergeneve.ch\\\/inflation-salaires-job\\\/#primaryimage\"},\"image\":{\"@id\":\"https:\\\/\\\/conseillerfinanciergeneve.ch\\\/inflation-salaires-job\\\/#primaryimage\"},\"thumbnailUrl\":\"https:\\\/\\\/conseillerfinanciergeneve.ch\\\/wp-content\\\/uploads\\\/2026\\\/02\\\/strategie-economique-analyse-dinflation-et-salaires.jpg\",\"datePublished\":\"2026-05-02T07:49:19+00:00\",\"description\":\"Analysez le lien inflation salaires emploi en 2026. Apprenez \u00e0 prot\u00e9ger votre pouvoir d'achat et \u00e0 optimiser vos revenus face \u00e0 la hausse des prix.\",\"breadcrumb\":{\"@id\":\"https:\\\/\\\/conseillerfinanciergeneve.ch\\\/inflation-salaires-job\\\/#breadcrumb\"},\"inLanguage\":\"en-US\",\"potentialAction\":[{\"@type\":\"ReadAction\",\"target\":[\"https:\\\/\\\/conseillerfinanciergeneve.ch\\\/inflation-salaires-job\\\/\"]}]},{\"@type\":\"ImageObject\",\"inLanguage\":\"en-US\",\"@id\":\"https:\\\/\\\/conseillerfinanciergeneve.ch\\\/inflation-salaires-job\\\/#primaryimage\",\"url\":\"https:\\\/\\\/conseillerfinanciergeneve.ch\\\/wp-content\\\/uploads\\\/2026\\\/02\\\/strategie-economique-analyse-dinflation-et-salaires.jpg\",\"contentUrl\":\"https:\\\/\\\/conseillerfinanciergeneve.ch\\\/wp-content\\\/uploads\\\/2026\\\/02\\\/strategie-economique-analyse-dinflation-et-salaires.jpg\",\"width\":1376,\"height\":768,\"caption\":\"Comprendre les dynamiques inflation, salaires, emploi pour 2026. L'\u00e9quipe analyse les courbes de croissance et les d\u00e9fis \u00e0 venir.\"},{\"@type\":\"BreadcrumbList\",\"@id\":\"https:\\\/\\\/conseillerfinanciergeneve.ch\\\/inflation-salaires-job\\\/#breadcrumb\",\"itemListElement\":[{\"@type\":\"ListItem\",\"position\":1,\"name\":\"Accueil\",\"item\":\"https:\\\/\\\/conseillerfinanciergeneve.ch\\\/\"},{\"@type\":\"ListItem\",\"position\":2,\"name\":\"Emploi\",\"item\":\"https:\\\/\\\/conseillerfinanciergeneve.ch\\\/emploi\\\/\"},{\"@type\":\"ListItem\",\"position\":3,\"name\":\"Comprendre le lien entre inflation salaires emploi en 2026\"}]},{\"@type\":\"WebSite\",\"@id\":\"https:\\\/\\\/conseillerfinanciergeneve.ch\\\/#website\",\"url\":\"https:\\\/\\\/conseillerfinanciergeneve.ch\\\/\",\"name\":\"Conseiller financier Gen\u00e8ve\",\"description\":\"\",\"publisher\":{\"@id\":\"https:\\\/\\\/conseillerfinanciergeneve.ch\\\/#organization\"},\"potentialAction\":[{\"@type\":\"SearchAction\",\"target\":{\"@type\":\"EntryPoint\",\"urlTemplate\":\"https:\\\/\\\/conseillerfinanciergeneve.ch\\\/?s={search_term_string}\"},\"query-input\":{\"@type\":\"PropertyValueSpecification\",\"valueRequired\":true,\"valueName\":\"search_term_string\"}}],\"inLanguage\":\"en-US\"},{\"@type\":\"Organization\",\"@id\":\"https:\\\/\\\/conseillerfinanciergeneve.ch\\\/#organization\",\"name\":\"Conseiller financier Gen\u00e8ve\",\"url\":\"https:\\\/\\\/conseillerfinanciergeneve.ch\\\/\",\"logo\":{\"@type\":\"ImageObject\",\"inLanguage\":\"en-US\",\"@id\":\"https:\\\/\\\/conseillerfinanciergeneve.ch\\\/#\\\/schema\\\/logo\\\/image\\\/\",\"url\":\"https:\\\/\\\/conseillerfinanciergeneve.ch\\\/wp-content\\\/uploads\\\/2024\\\/11\\\/cropped-cropped-conseiller-financier-2-2.png\",\"contentUrl\":\"https:\\\/\\\/conseillerfinanciergeneve.ch\\\/wp-content\\\/uploads\\\/2024\\\/11\\\/cropped-cropped-conseiller-financier-2-2.png\",\"width\":499,\"height\":258,\"caption\":\"Conseiller financier Gen\u00e8ve\"},\"image\":{\"@id\":\"https:\\\/\\\/conseillerfinanciergeneve.ch\\\/#\\\/schema\\\/logo\\\/image\\\/\"}},{\"@type\":\"Person\",\"@id\":\"https:\\\/\\\/conseillerfinanciergeneve.ch\\\/#\\\/schema\\\/person\\\/fe24fe6787fe0cb362b7de00dd996498\",\"name\":\"administrateur\",\"image\":{\"@type\":\"ImageObject\",\"inLanguage\":\"en-US\",\"@id\":\"https:\\\/\\\/secure.gravatar.com\\\/avatar\\\/4a8b18800befc1a369b14c97823a8dcd4c383cddeeda04aa2c53e53058caa45e?s=96&d=mm&r=g\",\"url\":\"https:\\\/\\\/secure.gravatar.com\\\/avatar\\\/4a8b18800befc1a369b14c97823a8dcd4c383cddeeda04aa2c53e53058caa45e?s=96&d=mm&r=g\",\"contentUrl\":\"https:\\\/\\\/secure.gravatar.com\\\/avatar\\\/4a8b18800befc1a369b14c97823a8dcd4c383cddeeda04aa2c53e53058caa45e?s=96&d=mm&r=g\",\"caption\":\"administrateur\"},\"sameAs\":[\"https:\\\/\\\/conseillerfinanciergeneve.ch\"],\"url\":\"https:\\\/\\\/conseillerfinanciergeneve.ch\\\/en\\\/author\\\/admin\\\/\"}]}<\/script>\n<!-- \/ Yoast SEO plugin. -->","yoast_head_json":{"title":"Inflation salaires emploi 2026 | guide du salaire r\u00e9el","description":"Analysez le lien inflation salaires emploi en 2026. Apprenez \u00e0 prot\u00e9ger votre pouvoir d'achat et \u00e0 optimiser vos revenus face \u00e0 la hausse des prix.","robots":{"index":"index","follow":"follow","max-snippet":"max-snippet:-1","max-image-preview":"max-image-preview:large","max-video-preview":"max-video-preview:-1"},"canonical":"https:\/\/conseillerfinanciergeneve.ch\/en\/inflation-salaires-job\/","og_locale":"en_US","og_type":"article","og_title":"Inflation salaires emploi 2026 | guide du salaire r\u00e9el","og_description":"Analysez le lien inflation salaires emploi en 2026. Apprenez \u00e0 prot\u00e9ger votre pouvoir d'achat et \u00e0 optimiser vos revenus face \u00e0 la hausse des prix.","og_url":"https:\/\/conseillerfinanciergeneve.ch\/en\/inflation-salaires-job\/","og_site_name":"Conseiller financier Gen&egrave;ve","article_published_time":"2026-05-02T07:49:19+00:00","og_image":[{"width":1376,"height":768,"url":"https:\/\/conseillerfinanciergeneve.ch\/wp-content\/uploads\/2026\/02\/strategie-economique-analyse-dinflation-et-salaires.jpg","type":"image\/jpeg"}],"author":"administrateur","twitter_card":"summary_large_image","twitter_misc":{"Written by":"administrateur","Est. reading time":"7 minutes"},"schema":{"@context":"https:\/\/schema.org","@graph":[{"@type":"Article","@id":"https:\/\/conseillerfinanciergeneve.ch\/inflation-salaires-job\/#article","isPartOf":{"@id":"https:\/\/conseillerfinanciergeneve.ch\/inflation-salaires-job\/"},"author":{"name":"administrateur","@id":"https:\/\/conseillerfinanciergeneve.ch\/#\/schema\/person\/fe24fe6787fe0cb362b7de00dd996498"},"headline":"Comprendre le lien entre inflation salaires emploi en 2026","datePublished":"2026-05-02T07:49:19+00:00","mainEntityOfPage":{"@id":"https:\/\/conseillerfinanciergeneve.ch\/inflation-salaires-job\/"},"wordCount":1379,"commentCount":0,"publisher":{"@id":"https:\/\/conseillerfinanciergeneve.ch\/#organization"},"image":{"@id":"https:\/\/conseillerfinanciergeneve.ch\/inflation-salaires-job\/#primaryimage"},"thumbnailUrl":"https:\/\/conseillerfinanciergeneve.ch\/wp-content\/uploads\/2026\/02\/strategie-economique-analyse-dinflation-et-salaires.jpg","articleSection":["Emploi"],"inLanguage":"en-US","potentialAction":[{"@type":"CommentAction","name":"Comment","target":["https:\/\/conseillerfinanciergeneve.ch\/inflation-salaires-job\/#respond"]}]},{"@type":"WebPage","@id":"https:\/\/conseillerfinanciergeneve.ch\/inflation-salaires-job\/","url":"https:\/\/conseillerfinanciergeneve.ch\/inflation-salaires-job\/","name":"Inflation salaires emploi 2026 | guide du salaire r\u00e9el","isPartOf":{"@id":"https:\/\/conseillerfinanciergeneve.ch\/#website"},"primaryImageOfPage":{"@id":"https:\/\/conseillerfinanciergeneve.ch\/inflation-salaires-job\/#primaryimage"},"image":{"@id":"https:\/\/conseillerfinanciergeneve.ch\/inflation-salaires-job\/#primaryimage"},"thumbnailUrl":"https:\/\/conseillerfinanciergeneve.ch\/wp-content\/uploads\/2026\/02\/strategie-economique-analyse-dinflation-et-salaires.jpg","datePublished":"2026-05-02T07:49:19+00:00","description":"Analysez le lien inflation salaires emploi en 2026. Apprenez \u00e0 prot\u00e9ger votre pouvoir d'achat et \u00e0 optimiser vos revenus face \u00e0 la hausse des prix.","breadcrumb":{"@id":"https:\/\/conseillerfinanciergeneve.ch\/inflation-salaires-job\/#breadcrumb"},"inLanguage":"en-US","potentialAction":[{"@type":"ReadAction","target":["https:\/\/conseillerfinanciergeneve.ch\/inflation-salaires-job\/"]}]},{"@type":"ImageObject","inLanguage":"en-US","@id":"https:\/\/conseillerfinanciergeneve.ch\/inflation-salaires-job\/#primaryimage","url":"https:\/\/conseillerfinanciergeneve.ch\/wp-content\/uploads\/2026\/02\/strategie-economique-analyse-dinflation-et-salaires.jpg","contentUrl":"https:\/\/conseillerfinanciergeneve.ch\/wp-content\/uploads\/2026\/02\/strategie-economique-analyse-dinflation-et-salaires.jpg","width":1376,"height":768,"caption":"Comprendre les dynamiques inflation, salaires, emploi pour 2026. L'\u00e9quipe analyse les courbes de croissance et les d\u00e9fis \u00e0 venir."},{"@type":"BreadcrumbList","@id":"https:\/\/conseillerfinanciergeneve.ch\/inflation-salaires-job\/#breadcrumb","itemListElement":[{"@type":"ListItem","position":1,"name":"Accueil","item":"https:\/\/conseillerfinanciergeneve.ch\/"},{"@type":"ListItem","position":2,"name":"Emploi","item":"https:\/\/conseillerfinanciergeneve.ch\/emploi\/"},{"@type":"ListItem","position":3,"name":"Comprendre le lien entre inflation salaires emploi en 2026"}]},{"@type":"WebSite","@id":"https:\/\/conseillerfinanciergeneve.ch\/#website","url":"https:\/\/conseillerfinanciergeneve.ch\/","name":"Financial advisor Geneva","description":"","publisher":{"@id":"https:\/\/conseillerfinanciergeneve.ch\/#organization"},"potentialAction":[{"@type":"SearchAction","target":{"@type":"EntryPoint","urlTemplate":"https:\/\/conseillerfinanciergeneve.ch\/?s={search_term_string}"},"query-input":{"@type":"PropertyValueSpecification","valueRequired":true,"valueName":"search_term_string"}}],"inLanguage":"en-US"},{"@type":"Organization","@id":"https:\/\/conseillerfinanciergeneve.ch\/#organization","name":"Financial advisor Geneva","url":"https:\/\/conseillerfinanciergeneve.ch\/","logo":{"@type":"ImageObject","inLanguage":"en-US","@id":"https:\/\/conseillerfinanciergeneve.ch\/#\/schema\/logo\/image\/","url":"https:\/\/conseillerfinanciergeneve.ch\/wp-content\/uploads\/2024\/11\/cropped-cropped-conseiller-financier-2-2.png","contentUrl":"https:\/\/conseillerfinanciergeneve.ch\/wp-content\/uploads\/2024\/11\/cropped-cropped-conseiller-financier-2-2.png","width":499,"height":258,"caption":"Conseiller financier Gen\u00e8ve"},"image":{"@id":"https:\/\/conseillerfinanciergeneve.ch\/#\/schema\/logo\/image\/"}},{"@type":"Person","@id":"https:\/\/conseillerfinanciergeneve.ch\/#\/schema\/person\/fe24fe6787fe0cb362b7de00dd996498","name":"administrateur","image":{"@type":"ImageObject","inLanguage":"en-US","@id":"https:\/\/secure.gravatar.com\/avatar\/4a8b18800befc1a369b14c97823a8dcd4c383cddeeda04aa2c53e53058caa45e?s=96&d=mm&r=g","url":"https:\/\/secure.gravatar.com\/avatar\/4a8b18800befc1a369b14c97823a8dcd4c383cddeeda04aa2c53e53058caa45e?s=96&d=mm&r=g","contentUrl":"https:\/\/secure.gravatar.com\/avatar\/4a8b18800befc1a369b14c97823a8dcd4c383cddeeda04aa2c53e53058caa45e?s=96&d=mm&r=g","caption":"administrateur"},"sameAs":["https:\/\/conseillerfinanciergeneve.ch"],"url":"https:\/\/conseillerfinanciergeneve.ch\/en\/author\/admin\/"}]}},"_links":{"self":[{"href":"https:\/\/conseillerfinanciergeneve.ch\/en\/wp-json\/wp\/v2\/posts\/5543","targetHints":{"allow":["GET"]}}],"collection":[{"href":"https:\/\/conseillerfinanciergeneve.ch\/en\/wp-json\/wp\/v2\/posts"}],"about":[{"href":"https:\/\/conseillerfinanciergeneve.ch\/en\/wp-json\/wp\/v2\/types\/post"}],"author":[{"embeddable":true,"href":"https:\/\/conseillerfinanciergeneve.ch\/en\/wp-json\/wp\/v2\/users\/1"}],"replies":[{"embeddable":true,"href":"https:\/\/conseillerfinanciergeneve.ch\/en\/wp-json\/wp\/v2\/comments?post=5543"}],"version-history":[{"count":5,"href":"https:\/\/conseillerfinanciergeneve.ch\/en\/wp-json\/wp\/v2\/posts\/5543\/revisions"}],"predecessor-version":[{"id":5657,"href":"https:\/\/conseillerfinanciergeneve.ch\/en\/wp-json\/wp\/v2\/posts\/5543\/revisions\/5657"}],"wp:featuredmedia":[{"embeddable":true,"href":"https:\/\/conseillerfinanciergeneve.ch\/en\/wp-json\/wp\/v2\/media\/5545"}],"wp:attachment":[{"href":"https:\/\/conseillerfinanciergeneve.ch\/en\/wp-json\/wp\/v2\/media?parent=5543"}],"wp:term":[{"taxonomy":"category","embeddable":true,"href":"https:\/\/conseillerfinanciergeneve.ch\/en\/wp-json\/wp\/v2\/categories?post=5543"},{"taxonomy":"post_tag","embeddable":true,"href":"https:\/\/conseillerfinanciergeneve.ch\/en\/wp-json\/wp\/v2\/tags?post=5543"}],"curies":[{"name":"wp","href":"https:\/\/api.w.org\/{rel}","templated":true}]}}