{"id":5670,"date":"2026-03-10T02:10:18","date_gmt":"2026-03-10T00:10:18","guid":{"rendered":"https:\/\/conseillerfinanciergeneve.ch\/retraite-frontaliers\/"},"modified":"2026-03-10T22:58:45","modified_gmt":"2026-03-10T20:58:45","slug":"retraite-frontaliers","status":"publish","type":"post","link":"https:\/\/conseillerfinanciergeneve.ch\/en\/retraite-frontaliers\/","title":{"rendered":"Retraite frontalier suisse : optimiser son revenu net"},"content":{"rendered":"<p style=\"padding: 24px; background: lightblue;\">L&rsquo;essentiel \u00e0 retenir : la <strong>s\u00e9curisation de votre retraite transfrontali\u00e8re repose sur l&rsquo;arbitrage strat\u00e9gique<\/strong> entre rente et capital LPP et l&rsquo;anticipation des pr\u00e9l\u00e8vements fiscaux fran\u00e7ais. Cette d\u00e9marche <strong>optimise votre revenu net r\u00e9el<\/strong> face \u00e0 la fin de certains plafonnements sociaux. Un point cl\u00e9 : les deux piliers suisses peuvent couvrir environ 60 % de votre dernier salaire.<\/p>\n<p>Craignez-vous que l&rsquo;\u00e9rosion mon\u00e9taire et la fiscalit\u00e9 fran\u00e7aise ne fragmentent votre future pension genevoise ? Cet article d\u00e9taille les strat\u00e9gies d&rsquo;optimisation du 1er et 2e pilier pour <strong>garantir un revenu net disponible stable et coh\u00e9rent durant votre retraite de frontalier<\/strong>. Vous d\u00e9couvrirez comment l&rsquo;arbitrage entre rente et capital, coupl\u00e9 \u00e0 une gestion rigoureuse de la CSG-CRDS, transformera vos ann\u00e9es de cotisations en un patrimoine p\u00e9renne et s\u00e9curis\u00e9.<\/p>\n<ol>\n<li><a href=\"#retraite-des-frontaliers-piliers-suisses-et-coordination\">Retraite des frontaliers : piliers suisses et coordination<\/a><\/li>\n<li><a href=\"#3-etapes-pour-calculer-son-revenu-net-reel-en-france\">3 \u00e9tapes pour calculer son revenu net r\u00e9el en France<\/a><\/li>\n<li><a href=\"#comment-choisir-entre-rente-et-capital-pour-sa-lpp\">Comment choisir entre rente et capital pour sa lpp ?<\/a><\/li>\n<li><a href=\"#anticiper-les-demarches-pour-securiser-son-niveau-de-vie\">Anticiper les d\u00e9marches pour s\u00e9curiser son niveau de vie<\/a><\/li>\n<\/ol>\n<h2 id=\"retraite-des-frontaliers-piliers-suisses-et-coordination\">Retraite des frontaliers : piliers suisses et coordination<\/h2>\n<p>Apr\u00e8s une carri\u00e8re entre deux pays, comprendre comment vos droits s&rsquo;articulent est le premier pas vers la <strong>s\u00e9r\u00e9nit\u00e9 financi\u00e8re<\/strong>.<\/p>\n<h3>Fonctionnement de l&rsquo;avs et de la pr\u00e9voyance professionnelle lpp<\/h3>\n<p>L&rsquo;AVS constitue le socle \u00e9tatique solidaire indispensable. Ce premier pilier demeure obligatoire pour chaque individu travaillant en Suisse. Il vise \u00e0 <strong>garantir le minimum vital apr\u00e8s la vie active<\/strong>.<\/p>\n<p>La LPP, ou deuxi\u00e8me pilier, reste \u00e9troitement li\u00e9e \u00e0 votre employeur. Le capital s&rsquo;accumule gr\u00e2ce \u00e0 des cotisations paritaires vers\u00e9es durant vos ann\u00e9es d&rsquo;activit\u00e9. C&rsquo;est <strong>votre \u00e9pargne professionnelle directe pour l&rsquo;avenir<\/strong>.<\/p>\n<p>Le troisi\u00e8me pilier repr\u00e9sente une <strong>\u00e9pargne priv\u00e9e totalement facultative<\/strong>. Il sert \u00e0 combler les lacunes de pr\u00e9voyance non couvertes. Son aspect volontaire permet d&rsquo;ajuster votre niveau de vie futur.<\/p>\n<p><img decoding=\"async\" src=\"https:\/\/conseillerfinanciergeneve.ch\/wp-content\/uploads\/2026\/03\/infographie-les-3-piliers-de-retraite-du-frontalier.jpg\" alt=\"Infographie expliquant les trois piliers du syst\u00e8me de retraite suisse pour les frontaliers\" \/><\/p>\n<h3>M\u00e9canismes de totalisation des trimestres entre France et Suisse<\/h3>\n<p>Les accords bilat\u00e9raux de s\u00e9curit\u00e9 sociale r\u00e9gissent votre situation. <strong>Les p\u00e9riodes travaill\u00e9es dans les deux pays s&rsquo;additionnent syst\u00e9matiquement<\/strong>. Cette m\u00e9thode \u00e9vite de perdre des trimestres de cotisation pr\u00e9cieux.<\/p>\n<p>Chaque \u00c9tat <strong>calcule sa part de rente proportionnellement aux ann\u00e9es assur\u00e9es<\/strong>. La validation des ann\u00e9es d&rsquo;assurance s&rsquo;effectue selon les r\u00e8gles propres \u00e0 chaque territoire.<\/p>\n<p>Le relev\u00e9 de carri\u00e8re est un document de r\u00e9f\u00e9rence essentiel. <strong>V\u00e9rifiez r\u00e9guli\u00e8rement vos extraits de comptes individuels AVS<\/strong> pour \u00e9viter les mauvaises surprises. <a href=\"https:\/\/conseillerfinanciergeneve.ch\/calcul-rente-avs-lpp\/\">Calcul de Rente AVS et LPP : Estimez votre retraite en Suisse<\/a>.<\/p>\n<p>La coordination n&rsquo;implique jamais le versement d&rsquo;une pension unique. Vous recevrez concr\u00e8tement <strong>deux virements distincts<\/strong> provenant de chaque organisme national respectif.<\/p>\n<h2 id=\"3-etapes-pour-calculer-son-revenu-net-reel-en-france\">3 \u00e9tapes pour calculer son revenu net r\u00e9el en France<\/h2>\n<p>Une fois vos droits identifi\u00e9s, il faut passer du brut au net pour <strong>conna\u00eetre votre futur pouvoir d&rsquo;achat r\u00e9el<\/strong>.<\/p>\n<h3>Fiscalit\u00e9 des rentes suisses et pr\u00e9l\u00e8vements sociaux fran\u00e7ais<\/h3>\n<p>En France, vos rentes suisses <strong>int\u00e8grent le bar\u00e8me progressif de l&rsquo;imp\u00f4t sur le revenu<\/strong>. L&rsquo;administration fiscale les traite comme des pensions classiques. Vous devez donc d\u00e9clarer ces montants annuellement.<\/p>\n<p>La CSG et la CRDS frappent souvent ces revenus \u00e9trangers, un point fr\u00e9quemment n\u00e9glig\u00e9 par les frontaliers. <strong>L&rsquo;application de ces pr\u00e9l\u00e8vements d\u00e9pend \u00e9troitement de votre situation fiscale et de votre affiliation sociale<\/strong>.<\/p>\n<p>Notez que certains dispositifs historiques de plafonnement disparaissent. Pour anticiper, consultez notre analyse sur la <a href=\"https:\/\/conseillerfinanciergeneve.ch\/impots-retraite-suisse\/\">Fiscalit\u00e9 retraite suisse | fin du plafonnement 2026<\/a>. Une <strong>pr\u00e9paration rigoureuse est d\u00e9sormais indispensable<\/strong> pour votre budget.<\/p>\n<p><img decoding=\"async\" src=\"https:\/\/conseillerfinanciergeneve.ch\/wp-content\/uploads\/2026\/03\/calcul-du-revenu-net-reel-france-vs-suisse.jpg\" alt=\"Comparatif du revenu net r\u00e9el entre la France et la Suisse pour un retrait\u00e9 frontalier\" \/><\/p>\n<h3>Incidence du choix de l&rsquo;assurance maladie sur le budget<\/h3>\n<p>Le duel entre le r\u00e9gime LAMal et la CMU pour retrait\u00e9s est un arbitrage financier majeur. Ce choix, effectu\u00e9 lors du d\u00e9part en retraite, est d\u00e9finitif. Il <strong>impacte directement votre reste \u00e0 vivre mensuel<\/strong>.<\/p>\n<p>Voici les <strong>\u00e9l\u00e9ments cl\u00e9s \u00e0 comparer<\/strong> pour votre couverture sant\u00e9 :<\/p>\n<ul>\n<li><strong>Diff\u00e9rence de co\u00fbt LAMal (prime fixe) vs CMU (pourcentage du revenu)<\/strong>.<\/li>\n<li>Impact du revenu fiscal de r\u00e9f\u00e9rence sur le <strong>montant de la cotisation CMU<\/strong>.<\/li>\n<li><strong>Maintien de l&rsquo;acc\u00e8s aux soins<\/strong> sur le territoire suisse avec la LAMal.<\/li>\n<\/ul>\n<p>Le bon arbitrage d\u00e9pend de votre niveau de revenus et de vos besoins m\u00e9dicaux. Pour ne pas vous tromper, lisez notre guide sur le <a href=\"https:\/\/conseillerfinanciergeneve.ch\/droit-option-cmu-lamal\/\"><strong>Droit d&rsquo;Option : Choisissez entre CMU et LAMAL<\/strong><\/a> avant de trancher.<\/p>\n<h3>Estimation des charges fixes et \u00e9rosion mon\u00e9taire<\/h3>\n<p>Le logement et l&rsquo;\u00e9nergie constituent des <strong>charges incompressibles qui p\u00e8sent lourdement<\/strong> apr\u00e8s la vie active. Ces d\u00e9penses ne faiblissent pas avec l&rsquo;\u00e2ge. Vous devez les chiffrer avec une pr\u00e9cision chirurgicale.<\/p>\n<p>L&rsquo;inflation repr\u00e9sente un <strong>risque majeur pour votre pouvoir d&rsquo;achat<\/strong> \u00e0 long terme. Un revenu fixe aujourd&rsquo;hui perdra in\u00e9vitablement de sa valeur dans dix ans. La hausse des prix doit \u00eatre int\u00e9gr\u00e9e.<\/p>\n<p>Enfin, la <strong>fluctuation du taux de change EUR\/CHF reste une variable instable<\/strong>. Pour un frontalier vivant en France, la baisse de l&rsquo;euro peut modifier radicalement votre quotidien. La vigilance mon\u00e9taire est de mise.<\/p>\n<h2 id=\"comment-choisir-entre-rente-et-capital-pour-sa-lpp\">Comment choisir entre rente et capital pour sa lpp ?<\/h2>\n<p>Au-del\u00e0 des chiffres, la forme que prendra votre deuxi\u00e8me pilier <strong>d\u00e9pendra de votre temp\u00e9rament et de vos projets<\/strong>.<\/p>\n<h3>S\u00e9curit\u00e9 de la rente viag\u00e8re pour les profils prudents<\/h3>\n<p>La rente assure un <strong>revenu fixe et garanti<\/strong>. Cette option offre une tranquillit\u00e9 d&rsquo;esprit absolue aux retrait\u00e9s. Elle ne d\u00e9pend jamais des fluctuations de la bourse.<\/p>\n<p>C&rsquo;est une protection efficace contre le risque de long\u00e9vit\u00e9. M\u00eame si votre capital th\u00e9orique est \u00e9puis\u00e9, la caisse de pension continue de payer. C&rsquo;est l&rsquo;<strong>assurance de ne jamais manquer de rien<\/strong>.<\/p>\n<p>Pourtant, la rente pr\u00e9sente des inconv\u00e9nients en cas de d\u00e9c\u00e8s pr\u00e9coce. Le capital restant appartient souvent \u00e0 la caisse selon les statuts. <strong>La transmission aux h\u00e9ritiers est alors tr\u00e8s limit\u00e9e<\/strong>.<\/p>\n<h3>Flexibilit\u00e9 du retrait en capital pour les profils autonomes<\/h3>\n<p>Le retrait en capital ouvre des opportunit\u00e9s de gestion active. Vous reprenez le contr\u00f4le total de vos avoirs financiers. Cela permet de chercher de meilleurs rendements sur les march\u00e9s.<\/p>\n<div style=\"overflow: auto; max-width: 100%;\">\n<table>\n<tbody>\n<tr>\n<th>Crit\u00e8re<\/th>\n<th>Sortie en Rente<\/th>\n<th>Sortie en Capital<\/th>\n<\/tr>\n<tr>\n<td>S\u00e9curit\u00e9 du revenu<\/td>\n<td>Maximale et viag\u00e8re<\/td>\n<td>D\u00e9pend de la gestion<\/td>\n<\/tr>\n<tr>\n<td>Transmission aux h\u00e9ritiers<\/td>\n<td>Limit\u00e9e (conjoint)<\/td>\n<td>Int\u00e9grale (patrimoine)<\/td>\n<\/tr>\n<tr>\n<td>Fiscalit\u00e9 au retrait<\/td>\n<td>Imposition progressive<\/td>\n<td>Imp\u00f4t \u00e0 la source<\/td>\n<\/tr>\n<tr>\n<td>Risque de change<\/td>\n<td>Subi mensuellement<\/td>\n<td>Ma\u00eetris\u00e9 au retrait<\/td>\n<\/tr>\n<tr>\n<td>Libert\u00e9 de gestion<\/td>\n<td>Nulle<\/td>\n<td>Totale<\/td>\n<\/tr>\n<\/tbody>\n<\/table>\n<\/div>\n<p>La fiscalit\u00e9 fran\u00e7aise du retrait est sp\u00e9cifique et n\u00e9cessite une analyse. Consultez notre guide sur le <a href=\"https:\/\/conseillerfinanciergeneve.ch\/retrait-2e-pilier-cmu\/\">Retrait 2\u00e8me pilier CMU: fiscalit\u00e9 et strat\u00e9gies frontaliers<\/a>. Attention au <strong>pr\u00e9l\u00e8vement forfaitaire de 6,75 % en France<\/strong>.<\/p>\n<h2 id=\"anticiper-les-demarches-pour-securiser-son-niveau-de-vie\">Anticiper les d\u00e9marches pour s\u00e9curiser son niveau de vie<\/h2>\n<p>La r\u00e9ussite de votre retraite ne repose pas seulement sur vos cotisations, mais sur les <strong>d\u00e9cisions strat\u00e9giques prises avant le d\u00e9part<\/strong>.<\/p>\n<h3>Strat\u00e9gies de rachat et statut de quasi-r\u00e9sident<\/h3>\n<p>Le rachat d&rsquo;ann\u00e9es LPP offre des <strong>gains fiscaux imm\u00e9diats<\/strong>. Ces versements volontaires d\u00e9duisent votre revenu imposable en Suisse. C&rsquo;est un levier financier tr\u00e8s puissant pour votre \u00e9pargne.<\/p>\n<p>Le statut de quasi-r\u00e9sident permet de d\u00e9duire vos frais r\u00e9els. Cela <strong>optimise la charge fiscale globale<\/strong> de votre foyer fiscal. Pensez \u00e0 v\u00e9rifier votre \u00e9ligibilit\u00e9 chaque ann\u00e9e aupr\u00e8s des autorit\u00e9s.<\/p>\n<p>Planifiez ces rachats plusieurs ann\u00e9es avant votre d\u00e9part. Le timing est crucial pour <strong>maximiser l&rsquo;effet fiscal<\/strong> de l&rsquo;op\u00e9ration.<\/p>\n<h3>Bilan patrimonial avec un conseiller \u00e0 gen\u00e8ve<\/h3>\n<p>Une analyse globale par un expert financier s&rsquo;av\u00e8re indispensable. Un conseiller financier \u00e0 Gen\u00e8ve peut <strong>structurer vos revenus futurs efficacement<\/strong>. Ne restez pas seul face \u00e0 ces chiffres complexes.<\/p>\n<p>Nous vous incitons \u00e0 <a href=\"https:\/\/conseillerfinanciergeneve.ch\/rendez-vous-conseiller\/\">prendre rendez-vous pour un bilan complet<\/a>. Nous \u00e9valuons vos besoins r\u00e9els ainsi que vos actifs actuels. C&rsquo;est une \u00e9tape essentielle de <strong>s\u00e9curisation patrimoniale<\/strong>.<\/p>\n<p>L&rsquo;optimisation des placements passe aussi par le <a href=\"https:\/\/conseillerfinanciergeneve.ch\/3eme-pilier\/\"><strong>3\u00e8me pilier : Optimisez votre retraite<\/strong> \u2013 Solutions sur mesure<\/a>.<\/p>\n<h3>Calendrier et \u00e9tapes de liquidation des droits<\/h3>\n<p>Identifiez rapidement les d\u00e9lais administratifs en vigueur. <strong>Anticipez votre demande six mois \u00e0 un an<\/strong>. Les caisses de compensation appliquent des proc\u00e9dures strictes.<\/p>\n<p>Pr\u00e9parez vos certificats de travail et vos attestations de cotisations. Ces documents indispensables \u00e9vitent les retards de paiement. Un dossier complet <strong>acc\u00e9l\u00e8re grandement le versement de vos rentes<\/strong>.<\/p>\n<p>V\u00e9rifiez vos avoirs oubli\u00e9s. <a href=\"https:\/\/conseillerfinanciergeneve.ch\/recherche-avoir-lpp\/\"><strong>Retrouvez vos avoirs LPP et s\u00e9curisez votre \u00e9pargne<\/strong><\/a>.<\/p>\n<p>Optimiser votre retraite des frontaliers suisses France AVS LPP exige de coordonner vos piliers, d&rsquo;arbitrer entre rente et capital et de s\u00e9curiser votre option d&rsquo;assurance maladie. <a href=\"https:\/\/conseillerfinanciergeneve.ch\/rendez-vous-conseiller\/\">Anticipez d\u00e8s maintenant vos d\u00e9marches avec nos experts<\/a> pour <strong>transformer vos cotisations en un revenu net p\u00e9renne<\/strong>. Assurez la s\u00e9r\u00e9nit\u00e9 de votre futur financier d\u00e8s aujourd&rsquo;hui.<\/p>\n<p><script type=\"application\/ld+json\">\n{\n  \"@context\": \"https:\/\/schema.org\",\n  \"@type\": \"Article\",\n  \"headline\": \"Retraite frontalier suisse : optimiser son revenu net\",\n  \"description\": \"Cet article explore les strat\u00e9gies pour les travailleurs frontaliers afin de b\u00e2tir un revenu de retraite stable et coh\u00e9rent, en se concentrant sur le revenu net disponible et l'optimisation des diff\u00e9rentes sources de revenus.\",\n  \"inLanguage\": \"fr\",\n  \"articleSection\": [\n    \"Retraite des frontaliers : piliers suisses et coordination\",\n    \"3 \u00e9tapes pour calculer son revenu net r\u00e9el en France\",\n    \"Comment choisir entre rente et capital pour sa lpp ?\",\n    \"Anticiper les d\u00e9marches pour s\u00e9curiser son niveau de vie\"\n  ],\n  \"abstract\": \"La s\u00e9curisation de votre retraite transfrontali\u00e8re repose sur l'arbitrage strat\u00e9gique entre rente et capital LPP et l'anticipation des pr\u00e9l\u00e8vements fiscaux fran\u00e7ais. Les deux piliers suisses peuvent couvrir environ 60 % de votre dernier salaire.\",\n  \"image\": [\n    \"https:\/\/gohmqpvtliqcvxerzehl.supabase.co\/storage\/v1\/object\/public\/images\/cfgvlh4l_infographie-les-3-piliers-de-retraite-du-frontalier.jpg\",\n    \"https:\/\/gohmqpvtliqcvxerzehl.supabase.co\/storage\/v1\/object\/public\/images\/8g92z0ui_calcul-du-revenu-net-reel-france-vs-suisse.jpg\"\n  ],\n  \"hasPart\": [\n    {\n      \"@type\": \"HowTo\",\n      \"name\": \"Calculer son revenu net r\u00e9el en France\",\n      \"step\": [\n        {\n          \"@type\": \"HowToStep\",\n          \"text\": \"Analyser la fiscalit\u00e9 des rentes suisses et les pr\u00e9l\u00e8vements sociaux fran\u00e7ais (CSG\/CRDS).\"\n        },\n        {\n          \"@type\": \"HowToStep\",\n          \"text\": \"Choisir son assurance maladie entre LAMal et CMU.\"\n        },\n        {\n          \"@type\": \"HowToStep\",\n          \"text\": \"Estimer les charges fixes et l'impact de l'\u00e9rosion mon\u00e9taire\/taux de change.\"\n        }\n      ]\n    }\n  ]\n}\n<\/script><\/p>\n","protected":false},"excerpt":{"rendered":"<p>L&rsquo;essentiel \u00e0 retenir : la s\u00e9curisation de votre retraite transfrontali\u00e8re repose sur l&rsquo;arbitrage strat\u00e9gique entre rente et capital LPP et l&rsquo;anticipation des pr\u00e9l\u00e8vements fiscaux fran\u00e7ais. Cette d\u00e9marche optimise votre revenu net r\u00e9el face \u00e0 la fin de certains plafonnements sociaux. Un point cl\u00e9 : les deux piliers suisses peuvent couvrir environ 60 % de votre [&hellip;]<\/p>\n","protected":false},"author":1,"featured_media":5671,"comment_status":"open","ping_status":"open","sticky":false,"template":"","format":"standard","meta":{"footnotes":""},"categories":[32],"tags":[],"class_list":["post-5670","post","type-post","status-publish","format-standard","has-post-thumbnail","hentry","category-retraite"],"yoast_head":"<!-- This site is optimized with the Yoast SEO plugin v27.5 - https:\/\/yoast.com\/product\/yoast-seo-wordpress\/ -->\n<title>Retraite frontalier Suisse | Optimisez vos revenus 2026<\/title>\n<meta name=\"description\" content=\"Optimisez votre retraite de frontalier en Suisse. Ma\u00eetrisez l&#039;AVS, la LPP et la fiscalit\u00e9 2026 pour s\u00e9curiser votre revenu net.\" \/>\n<meta name=\"robots\" content=\"index, follow, max-snippet:-1, max-image-preview:large, max-video-preview:-1\" \/>\n<link rel=\"canonical\" href=\"https:\/\/conseillerfinanciergeneve.ch\/en\/retraite-frontaliers\/\" \/>\n<meta property=\"og:locale\" content=\"en_US\" \/>\n<meta property=\"og:type\" content=\"article\" \/>\n<meta property=\"og:title\" content=\"Retraite frontalier Suisse | Optimisez vos revenus 2026\" \/>\n<meta property=\"og:description\" content=\"Optimisez votre retraite de frontalier en Suisse. Ma\u00eetrisez l&#039;AVS, la LPP et la fiscalit\u00e9 2026 pour s\u00e9curiser votre revenu net.\" \/>\n<meta property=\"og:url\" content=\"https:\/\/conseillerfinanciergeneve.ch\/en\/retraite-frontaliers\/\" \/>\n<meta property=\"og:site_name\" content=\"Conseiller financier Gen&egrave;ve\" \/>\n<meta property=\"article:published_time\" content=\"2026-03-10T00:10:18+00:00\" \/>\n<meta property=\"article:modified_time\" content=\"2026-03-10T20:58:45+00:00\" \/>\n<meta property=\"og:image\" content=\"https:\/\/conseillerfinanciergeneve.ch\/wp-content\/uploads\/2026\/03\/homme-daffaires-contemplant-son-avenir-financier.jpg\" \/>\n\t<meta property=\"og:image:width\" content=\"1376\" \/>\n\t<meta property=\"og:image:height\" content=\"768\" \/>\n\t<meta property=\"og:image:type\" content=\"image\/jpeg\" \/>\n<meta name=\"author\" content=\"administrateur\" \/>\n<meta name=\"twitter:card\" content=\"summary_large_image\" \/>\n<meta name=\"twitter:label1\" content=\"Written by\" \/>\n\t<meta name=\"twitter:data1\" content=\"administrateur\" \/>\n\t<meta name=\"twitter:label2\" content=\"Est. reading time\" \/>\n\t<meta name=\"twitter:data2\" content=\"8 minutes\" \/>\n<script type=\"application\/ld+json\" class=\"yoast-schema-graph\">{\"@context\":\"https:\\\/\\\/schema.org\",\"@graph\":[{\"@type\":\"Article\",\"@id\":\"https:\\\/\\\/conseillerfinanciergeneve.ch\\\/retraite-frontaliers\\\/#article\",\"isPartOf\":{\"@id\":\"https:\\\/\\\/conseillerfinanciergeneve.ch\\\/retraite-frontaliers\\\/\"},\"author\":{\"name\":\"administrateur\",\"@id\":\"https:\\\/\\\/conseillerfinanciergeneve.ch\\\/#\\\/schema\\\/person\\\/fe24fe6787fe0cb362b7de00dd996498\"},\"headline\":\"Retraite frontalier suisse : optimiser son revenu net\",\"datePublished\":\"2026-03-10T00:10:18+00:00\",\"dateModified\":\"2026-03-10T20:58:45+00:00\",\"mainEntityOfPage\":{\"@id\":\"https:\\\/\\\/conseillerfinanciergeneve.ch\\\/retraite-frontaliers\\\/\"},\"wordCount\":1504,\"commentCount\":0,\"publisher\":{\"@id\":\"https:\\\/\\\/conseillerfinanciergeneve.ch\\\/#organization\"},\"image\":{\"@id\":\"https:\\\/\\\/conseillerfinanciergeneve.ch\\\/retraite-frontaliers\\\/#primaryimage\"},\"thumbnailUrl\":\"https:\\\/\\\/conseillerfinanciergeneve.ch\\\/wp-content\\\/uploads\\\/2026\\\/03\\\/homme-daffaires-contemplant-son-avenir-financier.jpg\",\"articleSection\":[\"Retraite\"],\"inLanguage\":\"en-US\",\"potentialAction\":[{\"@type\":\"CommentAction\",\"name\":\"Comment\",\"target\":[\"https:\\\/\\\/conseillerfinanciergeneve.ch\\\/retraite-frontaliers\\\/#respond\"]}]},{\"@type\":\"WebPage\",\"@id\":\"https:\\\/\\\/conseillerfinanciergeneve.ch\\\/retraite-frontaliers\\\/\",\"url\":\"https:\\\/\\\/conseillerfinanciergeneve.ch\\\/retraite-frontaliers\\\/\",\"name\":\"Retraite frontalier Suisse | Optimisez vos revenus 2026\",\"isPartOf\":{\"@id\":\"https:\\\/\\\/conseillerfinanciergeneve.ch\\\/#website\"},\"primaryImageOfPage\":{\"@id\":\"https:\\\/\\\/conseillerfinanciergeneve.ch\\\/retraite-frontaliers\\\/#primaryimage\"},\"image\":{\"@id\":\"https:\\\/\\\/conseillerfinanciergeneve.ch\\\/retraite-frontaliers\\\/#primaryimage\"},\"thumbnailUrl\":\"https:\\\/\\\/conseillerfinanciergeneve.ch\\\/wp-content\\\/uploads\\\/2026\\\/03\\\/homme-daffaires-contemplant-son-avenir-financier.jpg\",\"datePublished\":\"2026-03-10T00:10:18+00:00\",\"dateModified\":\"2026-03-10T20:58:45+00:00\",\"description\":\"Optimisez votre retraite de frontalier en Suisse. Ma\u00eetrisez l'AVS, la LPP et la fiscalit\u00e9 2026 pour s\u00e9curiser votre revenu net.\",\"breadcrumb\":{\"@id\":\"https:\\\/\\\/conseillerfinanciergeneve.ch\\\/retraite-frontaliers\\\/#breadcrumb\"},\"inLanguage\":\"en-US\",\"potentialAction\":[{\"@type\":\"ReadAction\",\"target\":[\"https:\\\/\\\/conseillerfinanciergeneve.ch\\\/retraite-frontaliers\\\/\"]}]},{\"@type\":\"ImageObject\",\"inLanguage\":\"en-US\",\"@id\":\"https:\\\/\\\/conseillerfinanciergeneve.ch\\\/retraite-frontaliers\\\/#primaryimage\",\"url\":\"https:\\\/\\\/conseillerfinanciergeneve.ch\\\/wp-content\\\/uploads\\\/2026\\\/03\\\/homme-daffaires-contemplant-son-avenir-financier.jpg\",\"contentUrl\":\"https:\\\/\\\/conseillerfinanciergeneve.ch\\\/wp-content\\\/uploads\\\/2026\\\/03\\\/homme-daffaires-contemplant-son-avenir-financier.jpg\",\"width\":1376,\"height\":768,\"caption\":\"Pr\u00e9parez votre avenir financier. Un frontalier suisse analyse ses investissements pour optimiser sa retraite, avec des outils num\u00e9riques et des \u00e9conomies concr\u00e8tes.\"},{\"@type\":\"BreadcrumbList\",\"@id\":\"https:\\\/\\\/conseillerfinanciergeneve.ch\\\/retraite-frontaliers\\\/#breadcrumb\",\"itemListElement\":[{\"@type\":\"ListItem\",\"position\":1,\"name\":\"Accueil\",\"item\":\"https:\\\/\\\/conseillerfinanciergeneve.ch\\\/\"},{\"@type\":\"ListItem\",\"position\":2,\"name\":\"Retraite\",\"item\":\"https:\\\/\\\/conseillerfinanciergeneve.ch\\\/retraite\\\/\"},{\"@type\":\"ListItem\",\"position\":3,\"name\":\"Retraite frontalier suisse : optimiser son revenu net\"}]},{\"@type\":\"WebSite\",\"@id\":\"https:\\\/\\\/conseillerfinanciergeneve.ch\\\/#website\",\"url\":\"https:\\\/\\\/conseillerfinanciergeneve.ch\\\/\",\"name\":\"Conseiller financier Gen\u00e8ve\",\"description\":\"\",\"publisher\":{\"@id\":\"https:\\\/\\\/conseillerfinanciergeneve.ch\\\/#organization\"},\"potentialAction\":[{\"@type\":\"SearchAction\",\"target\":{\"@type\":\"EntryPoint\",\"urlTemplate\":\"https:\\\/\\\/conseillerfinanciergeneve.ch\\\/?s={search_term_string}\"},\"query-input\":{\"@type\":\"PropertyValueSpecification\",\"valueRequired\":true,\"valueName\":\"search_term_string\"}}],\"inLanguage\":\"en-US\"},{\"@type\":\"Organization\",\"@id\":\"https:\\\/\\\/conseillerfinanciergeneve.ch\\\/#organization\",\"name\":\"Conseiller financier Gen\u00e8ve\",\"url\":\"https:\\\/\\\/conseillerfinanciergeneve.ch\\\/\",\"logo\":{\"@type\":\"ImageObject\",\"inLanguage\":\"en-US\",\"@id\":\"https:\\\/\\\/conseillerfinanciergeneve.ch\\\/#\\\/schema\\\/logo\\\/image\\\/\",\"url\":\"https:\\\/\\\/conseillerfinanciergeneve.ch\\\/wp-content\\\/uploads\\\/2024\\\/11\\\/cropped-cropped-conseiller-financier-2-2.png\",\"contentUrl\":\"https:\\\/\\\/conseillerfinanciergeneve.ch\\\/wp-content\\\/uploads\\\/2024\\\/11\\\/cropped-cropped-conseiller-financier-2-2.png\",\"width\":499,\"height\":258,\"caption\":\"Conseiller financier Gen\u00e8ve\"},\"image\":{\"@id\":\"https:\\\/\\\/conseillerfinanciergeneve.ch\\\/#\\\/schema\\\/logo\\\/image\\\/\"}},{\"@type\":\"Person\",\"@id\":\"https:\\\/\\\/conseillerfinanciergeneve.ch\\\/#\\\/schema\\\/person\\\/fe24fe6787fe0cb362b7de00dd996498\",\"name\":\"administrateur\",\"image\":{\"@type\":\"ImageObject\",\"inLanguage\":\"en-US\",\"@id\":\"https:\\\/\\\/secure.gravatar.com\\\/avatar\\\/4a8b18800befc1a369b14c97823a8dcd4c383cddeeda04aa2c53e53058caa45e?s=96&d=mm&r=g\",\"url\":\"https:\\\/\\\/secure.gravatar.com\\\/avatar\\\/4a8b18800befc1a369b14c97823a8dcd4c383cddeeda04aa2c53e53058caa45e?s=96&d=mm&r=g\",\"contentUrl\":\"https:\\\/\\\/secure.gravatar.com\\\/avatar\\\/4a8b18800befc1a369b14c97823a8dcd4c383cddeeda04aa2c53e53058caa45e?s=96&d=mm&r=g\",\"caption\":\"administrateur\"},\"sameAs\":[\"https:\\\/\\\/conseillerfinanciergeneve.ch\"],\"url\":\"https:\\\/\\\/conseillerfinanciergeneve.ch\\\/en\\\/author\\\/admin\\\/\"}]}<\/script>\n<!-- \/ Yoast SEO plugin. -->","yoast_head_json":{"title":"Retraite frontalier Suisse | Optimisez vos revenus 2026","description":"Optimisez votre retraite de frontalier en Suisse. Ma\u00eetrisez l'AVS, la LPP et la fiscalit\u00e9 2026 pour s\u00e9curiser votre revenu net.","robots":{"index":"index","follow":"follow","max-snippet":"max-snippet:-1","max-image-preview":"max-image-preview:large","max-video-preview":"max-video-preview:-1"},"canonical":"https:\/\/conseillerfinanciergeneve.ch\/en\/retraite-frontaliers\/","og_locale":"en_US","og_type":"article","og_title":"Retraite frontalier Suisse | Optimisez vos revenus 2026","og_description":"Optimisez votre retraite de frontalier en Suisse. Ma\u00eetrisez l'AVS, la LPP et la fiscalit\u00e9 2026 pour s\u00e9curiser votre revenu net.","og_url":"https:\/\/conseillerfinanciergeneve.ch\/en\/retraite-frontaliers\/","og_site_name":"Conseiller financier Gen&egrave;ve","article_published_time":"2026-03-10T00:10:18+00:00","article_modified_time":"2026-03-10T20:58:45+00:00","og_image":[{"width":1376,"height":768,"url":"https:\/\/conseillerfinanciergeneve.ch\/wp-content\/uploads\/2026\/03\/homme-daffaires-contemplant-son-avenir-financier.jpg","type":"image\/jpeg"}],"author":"administrateur","twitter_card":"summary_large_image","twitter_misc":{"Written by":"administrateur","Est. reading time":"8 minutes"},"schema":{"@context":"https:\/\/schema.org","@graph":[{"@type":"Article","@id":"https:\/\/conseillerfinanciergeneve.ch\/retraite-frontaliers\/#article","isPartOf":{"@id":"https:\/\/conseillerfinanciergeneve.ch\/retraite-frontaliers\/"},"author":{"name":"administrateur","@id":"https:\/\/conseillerfinanciergeneve.ch\/#\/schema\/person\/fe24fe6787fe0cb362b7de00dd996498"},"headline":"Retraite frontalier suisse : optimiser son revenu net","datePublished":"2026-03-10T00:10:18+00:00","dateModified":"2026-03-10T20:58:45+00:00","mainEntityOfPage":{"@id":"https:\/\/conseillerfinanciergeneve.ch\/retraite-frontaliers\/"},"wordCount":1504,"commentCount":0,"publisher":{"@id":"https:\/\/conseillerfinanciergeneve.ch\/#organization"},"image":{"@id":"https:\/\/conseillerfinanciergeneve.ch\/retraite-frontaliers\/#primaryimage"},"thumbnailUrl":"https:\/\/conseillerfinanciergeneve.ch\/wp-content\/uploads\/2026\/03\/homme-daffaires-contemplant-son-avenir-financier.jpg","articleSection":["Retraite"],"inLanguage":"en-US","potentialAction":[{"@type":"CommentAction","name":"Comment","target":["https:\/\/conseillerfinanciergeneve.ch\/retraite-frontaliers\/#respond"]}]},{"@type":"WebPage","@id":"https:\/\/conseillerfinanciergeneve.ch\/retraite-frontaliers\/","url":"https:\/\/conseillerfinanciergeneve.ch\/retraite-frontaliers\/","name":"Retraite frontalier Suisse | Optimisez vos revenus 2026","isPartOf":{"@id":"https:\/\/conseillerfinanciergeneve.ch\/#website"},"primaryImageOfPage":{"@id":"https:\/\/conseillerfinanciergeneve.ch\/retraite-frontaliers\/#primaryimage"},"image":{"@id":"https:\/\/conseillerfinanciergeneve.ch\/retraite-frontaliers\/#primaryimage"},"thumbnailUrl":"https:\/\/conseillerfinanciergeneve.ch\/wp-content\/uploads\/2026\/03\/homme-daffaires-contemplant-son-avenir-financier.jpg","datePublished":"2026-03-10T00:10:18+00:00","dateModified":"2026-03-10T20:58:45+00:00","description":"Optimisez votre retraite de frontalier en Suisse. Ma\u00eetrisez l'AVS, la LPP et la fiscalit\u00e9 2026 pour s\u00e9curiser votre revenu net.","breadcrumb":{"@id":"https:\/\/conseillerfinanciergeneve.ch\/retraite-frontaliers\/#breadcrumb"},"inLanguage":"en-US","potentialAction":[{"@type":"ReadAction","target":["https:\/\/conseillerfinanciergeneve.ch\/retraite-frontaliers\/"]}]},{"@type":"ImageObject","inLanguage":"en-US","@id":"https:\/\/conseillerfinanciergeneve.ch\/retraite-frontaliers\/#primaryimage","url":"https:\/\/conseillerfinanciergeneve.ch\/wp-content\/uploads\/2026\/03\/homme-daffaires-contemplant-son-avenir-financier.jpg","contentUrl":"https:\/\/conseillerfinanciergeneve.ch\/wp-content\/uploads\/2026\/03\/homme-daffaires-contemplant-son-avenir-financier.jpg","width":1376,"height":768,"caption":"Pr\u00e9parez votre avenir financier. Un frontalier suisse analyse ses investissements pour optimiser sa retraite, avec des outils num\u00e9riques et des \u00e9conomies concr\u00e8tes."},{"@type":"BreadcrumbList","@id":"https:\/\/conseillerfinanciergeneve.ch\/retraite-frontaliers\/#breadcrumb","itemListElement":[{"@type":"ListItem","position":1,"name":"Accueil","item":"https:\/\/conseillerfinanciergeneve.ch\/"},{"@type":"ListItem","position":2,"name":"Retraite","item":"https:\/\/conseillerfinanciergeneve.ch\/retraite\/"},{"@type":"ListItem","position":3,"name":"Retraite frontalier suisse : optimiser son revenu net"}]},{"@type":"WebSite","@id":"https:\/\/conseillerfinanciergeneve.ch\/#website","url":"https:\/\/conseillerfinanciergeneve.ch\/","name":"Financial advisor Geneva","description":"","publisher":{"@id":"https:\/\/conseillerfinanciergeneve.ch\/#organization"},"potentialAction":[{"@type":"SearchAction","target":{"@type":"EntryPoint","urlTemplate":"https:\/\/conseillerfinanciergeneve.ch\/?s={search_term_string}"},"query-input":{"@type":"PropertyValueSpecification","valueRequired":true,"valueName":"search_term_string"}}],"inLanguage":"en-US"},{"@type":"Organization","@id":"https:\/\/conseillerfinanciergeneve.ch\/#organization","name":"Financial advisor Geneva","url":"https:\/\/conseillerfinanciergeneve.ch\/","logo":{"@type":"ImageObject","inLanguage":"en-US","@id":"https:\/\/conseillerfinanciergeneve.ch\/#\/schema\/logo\/image\/","url":"https:\/\/conseillerfinanciergeneve.ch\/wp-content\/uploads\/2024\/11\/cropped-cropped-conseiller-financier-2-2.png","contentUrl":"https:\/\/conseillerfinanciergeneve.ch\/wp-content\/uploads\/2024\/11\/cropped-cropped-conseiller-financier-2-2.png","width":499,"height":258,"caption":"Conseiller financier Gen\u00e8ve"},"image":{"@id":"https:\/\/conseillerfinanciergeneve.ch\/#\/schema\/logo\/image\/"}},{"@type":"Person","@id":"https:\/\/conseillerfinanciergeneve.ch\/#\/schema\/person\/fe24fe6787fe0cb362b7de00dd996498","name":"administrateur","image":{"@type":"ImageObject","inLanguage":"en-US","@id":"https:\/\/secure.gravatar.com\/avatar\/4a8b18800befc1a369b14c97823a8dcd4c383cddeeda04aa2c53e53058caa45e?s=96&d=mm&r=g","url":"https:\/\/secure.gravatar.com\/avatar\/4a8b18800befc1a369b14c97823a8dcd4c383cddeeda04aa2c53e53058caa45e?s=96&d=mm&r=g","contentUrl":"https:\/\/secure.gravatar.com\/avatar\/4a8b18800befc1a369b14c97823a8dcd4c383cddeeda04aa2c53e53058caa45e?s=96&d=mm&r=g","caption":"administrateur"},"sameAs":["https:\/\/conseillerfinanciergeneve.ch"],"url":"https:\/\/conseillerfinanciergeneve.ch\/en\/author\/admin\/"}]}},"_links":{"self":[{"href":"https:\/\/conseillerfinanciergeneve.ch\/en\/wp-json\/wp\/v2\/posts\/5670","targetHints":{"allow":["GET"]}}],"collection":[{"href":"https:\/\/conseillerfinanciergeneve.ch\/en\/wp-json\/wp\/v2\/posts"}],"about":[{"href":"https:\/\/conseillerfinanciergeneve.ch\/en\/wp-json\/wp\/v2\/types\/post"}],"author":[{"embeddable":true,"href":"https:\/\/conseillerfinanciergeneve.ch\/en\/wp-json\/wp\/v2\/users\/1"}],"replies":[{"embeddable":true,"href":"https:\/\/conseillerfinanciergeneve.ch\/en\/wp-json\/wp\/v2\/comments?post=5670"}],"version-history":[{"count":4,"href":"https:\/\/conseillerfinanciergeneve.ch\/en\/wp-json\/wp\/v2\/posts\/5670\/revisions"}],"predecessor-version":[{"id":5678,"href":"https:\/\/conseillerfinanciergeneve.ch\/en\/wp-json\/wp\/v2\/posts\/5670\/revisions\/5678"}],"wp:featuredmedia":[{"embeddable":true,"href":"https:\/\/conseillerfinanciergeneve.ch\/en\/wp-json\/wp\/v2\/media\/5671"}],"wp:attachment":[{"href":"https:\/\/conseillerfinanciergeneve.ch\/en\/wp-json\/wp\/v2\/media?parent=5670"}],"wp:term":[{"taxonomy":"category","embeddable":true,"href":"https:\/\/conseillerfinanciergeneve.ch\/en\/wp-json\/wp\/v2\/categories?post=5670"},{"taxonomy":"post_tag","embeddable":true,"href":"https:\/\/conseillerfinanciergeneve.ch\/en\/wp-json\/wp\/v2\/tags?post=5670"}],"curies":[{"name":"wp","href":"https:\/\/api.w.org\/{rel}","templated":true}]}}