{"id":5686,"date":"2026-03-12T02:08:27","date_gmt":"2026-03-12T00:08:27","guid":{"rendered":"https:\/\/conseillerfinanciergeneve.ch\/guide-frontalier-suisse-3\/"},"modified":"2026-03-12T16:59:49","modified_gmt":"2026-03-12T14:59:49","slug":"frontalier-suisse-2026","status":"publish","type":"post","link":"https:\/\/conseillerfinanciergeneve.ch\/en\/frontalier-suisse-2026\/","title":{"rendered":"Guide frontalier suisse : fiscalit\u00e9 et pr\u00e9voyance 2026"},"content":{"rendered":"<p style=\"padding: 24px; background: lightblue;\">L&rsquo;essentiel \u00e0 retenir : la p\u00e9rennisation du t\u00e9l\u00e9travail jusqu&rsquo;\u00e0 40 % d\u00e8s 2026 <strong>s\u00e9curise votre statut fiscal sans risque de double imposition<\/strong>. Cette flexibilit\u00e9, coupl\u00e9e \u00e0 l&rsquo;arriv\u00e9e de la 13\u00e8me rente AVS, impose une <strong>gestion rigoureuse de votre pr\u00e9voyance et de votre droit d&rsquo;option<\/strong>. Un suivi pr\u00e9cis est crucial, car un \u00e9change automatique de donn\u00e9es salariales d\u00e9butera en 2027.<\/p>\n<p>Face \u00e0 l&rsquo;instabilit\u00e9 des loyers et aux r\u00e9formes fiscales de 2026, comment <strong>s\u00e9curiser durablement votre niveau de vie<\/strong> de part et d&rsquo;autre de la fronti\u00e8re ? Ce guide complet d\u00e9crypte les nouvelles exigences du permis G, les plafonds de t\u00e9l\u00e9travail et l&rsquo;impact de la 13\u00e8me rente AVS pour optimiser votre situation financi\u00e8re. Vous d\u00e9couvrirez des strat\u00e9gies exclusives pour r\u00e9duire votre imp\u00f4t \u00e0 la source et choisir la protection sant\u00e9 la plus performante selon votre profil de revenu.<\/p>\n<ol>\n<li><a href=\"#statut-frontalier-2026-permis-g\">Le statut de frontalier en 2026 : permis G et nouvelles r\u00e9alit\u00e9s du march\u00e9<\/a><\/li>\n<li><a href=\"#assurance-maladie-choix-lamal-cmu\">Assurance maladie : 3 crit\u00e8res pour choisir entre LAMal et CMU<\/a><\/li>\n<li><a href=\"#fiscalite-franco-suisse-investissements\">Comment ajuster votre fiscalit\u00e9 franco-suisse et vos investissements ?<\/a><\/li>\n<li><a href=\"#retraite-3-piliers-avs-2026\">Anticiper sa retraite : ma\u00eetriser les 3 piliers et la 13\u00e8me rente AVS<\/a><\/li>\n<\/ol>\n<h2 id=\"statut-frontalier-2026-permis-g\">Le statut de frontalier en 2026 : permis G et nouvelles r\u00e9alit\u00e9s du march\u00e9<\/h2>\n<p>Apr\u00e8s avoir plant\u00e9 le d\u00e9cor sur l&rsquo;attractivit\u00e9 de la r\u00e9gion, abordons concr\u00e8tement les <strong>bases administratives indispensables pour travailler en Suisse<\/strong>.<\/p>\n<h3>Conditions d&rsquo;obtention et sp\u00e9cificit\u00e9s du permis G<\/h3>\n<p><strong>Le permis G s&rsquo;adresse aux r\u00e9sidents fran\u00e7ais travaillant en Suisse<\/strong>. Il exige un contrat de travail valide. Vous devez regagner votre domicile fran\u00e7ais au moins une fois par semaine.<\/p>\n<p>L&#8217;employeur initie la demande via des portails num\u00e9riques d\u00e9di\u00e9s. Les autorit\u00e9s cantonales <strong>valident ensuite votre dossier administratif<\/strong>. <a href=\"https:\/\/conseillerfinanciergeneve.ch\/permis-g-vaud-frontalier\/\">Permis G Vaud : Conditions &amp; D\u00e9marches Frontaliers 2025<\/a> d\u00e9taille ces \u00e9tapes cruciales pour votre installation.<\/p>\n<p>Ce titre de s\u00e9jour dure g\u00e9n\u00e9ralement cinq ans. Son renouvellement reste *conditionn\u00e9 au maintien de votre activit\u00e9 lucrative*. Il suit la dur\u00e9e de votre contrat.<\/p>\n<p>Une adresse fixe en France est obligatoire. C&rsquo;est le <strong>fondement de votre statut transfrontalier<\/strong>.<\/p>\n<p><img decoding=\"async\" src=\"https:\/\/conseillerfinanciergeneve.ch\/wp-content\/uploads\/2026\/03\/processus-permis-g-france-vers-suisse.jpg\" alt=\"Sch\u00e9ma des \u00e9tapes d'obtention du permis G pour les travailleurs frontaliers en Suisse\" \/><\/p>\n<h3>T\u00e9l\u00e9travail et accords fiscaux : la limite des 40 %<\/h3>\n<p>Le t\u00e9l\u00e9travail est d\u00e9sormais encadr\u00e9 par un accord p\u00e9renne entre Berne et Paris. Les frontaliers b\u00e9n\u00e9ficient d&rsquo;une souplesse accrue. <strong>Le cadre l\u00e9gal s\u00e9curise enfin votre organisation hebdomadaire<\/strong>.<\/p>\n<p>D\u00e9passer 40 % du temps de travail \u00e0 domicile <strong>modifie votre imposition<\/strong>. Le fisc fran\u00e7ais pourrait alors revendiquer une part du g\u00e2teau. La vigilance est de mise pour \u00e9viter les surprises.<\/p>\n<p>Votre entreprise doit tenir un d\u00e9compte pr\u00e9cis des jours hors Suisse. Cette gestion administrative <strong>garantit la conformit\u00e9 fiscale<\/strong>. L&rsquo;\u00e9change de donn\u00e9es salariales deviendra automatique d\u00e8s 2027.<\/p>\n<p>La flexibilit\u00e9 a ses limites. <strong>Suivez scrupuleusement votre planning annuel<\/strong>.<\/p>\n<h2 id=\"assurance-maladie-choix-lamal-cmu\">Assurance maladie : 3 crit\u00e8res pour choisir entre LAMal et CMU<\/h2>\n<p>Une fois le permis en poche, la question de la <strong>protection sant\u00e9 devient la priorit\u00e9 absolue<\/strong> pour \u00e9viter les mauvaises surprises financi\u00e8res.<\/p>\n<p><img decoding=\"async\" src=\"https:\/\/conseillerfinanciergeneve.ch\/wp-content\/uploads\/2026\/03\/assurance-maladie-frontaliers-lamal-vs-cmu.jpg\" alt=\"Comparaison entre l'assurance maladie LAMal et la CMU pour les frontaliers franco-suisses\" \/><\/p>\n<h3>Le droit d&rsquo;option et l&rsquo;impact des hausses de primes en 2026<\/h3>\n<p><strong>Choisir entre le r\u00e9gime suisse et la s\u00e9curit\u00e9 sociale fran\u00e7aise<\/strong> est une \u00e9tape d\u00e9terminante. La cotisation CMU se base sur votre revenu fiscal de r\u00e9f\u00e9rence. \u00c0 l&rsquo;inverse, la LAMal impose une prime fixe par assur\u00e9. <a href=\"https:\/\/conseillerfinanciergeneve.ch\/droit-option-cmu-lamal\/\">Droit d&rsquo;Option : Choisissez entre CMU et LAMAL<\/a>.<\/p>\n<p>Pour l&rsquo;ann\u00e9e 2026, l&rsquo;analyse des tarifs montre une <strong>relative stabilit\u00e9 pour les frontaliers<\/strong>. Pourtant, les primes d&rsquo;assurance subissent une pression inflationniste globale en Suisse. Anticiper ces variations est donc essentiel pour votre budget.<\/p>\n<ul>\n<li><strong>Avantages LAMal<\/strong> : acc\u00e8s aux soins en Suisse, tarifs fixes ind\u00e9pendants du salaire.<\/li>\n<li>Inconv\u00e9nients : <strong>co\u00fbt \u00e9lev\u00e9 pour les petits salaires<\/strong>.<\/li>\n<\/ul>\n<p>Le <strong>choix est d\u00e9finitif<\/strong>. R\u00e9fl\u00e9chissez bien avant de signer.<\/p>\n<h3>Protection sociale et couverture en cas d&rsquo;accident ou d&rsquo;invalidit\u00e9<\/h3>\n<p><strong>Identifier les garanties ad\u00e9quates<\/strong> est un imp\u00e9ratif pour tout travailleur. La couverture accident est g\u00e9n\u00e9ralement rattach\u00e9e \u00e0 votre employeur via la LAA. Elle prot\u00e8ge contre les risques professionnels et non professionnels.<\/p>\n<p>Il faut aussi examiner les <strong>modalit\u00e9s de prise en charge des soins transfrontaliers<\/strong>. Savoir comment se faire soigner des deux c\u00f4t\u00e9s de la fronti\u00e8re simplifie votre quotidien. <a href=\"https:\/\/conseillerfinanciergeneve.ch\/cles-comprendre-utiliser-efficacement-lamal\/\">Les Cl\u00e9s pour Comprendre et Utiliser Efficacement la LAMal<\/a>.<\/p>\n<p>La perte de gain en cas de maladie prolong\u00e9e m\u00e9rite votre attention. Les indemnit\u00e9s journali\u00e8res ne sont pas automatiques en Suisse, ce qui impacte votre pr\u00e9voyance. <strong>Une couverture compl\u00e9mentaire est souvent recommand\u00e9e<\/strong>.<\/p>\n<p>V\u00e9rifiez vos contrats collectifs. <strong>Votre protection en d\u00e9pend directement<\/strong>.<\/p>\n<h2 id=\"fiscalite-franco-suisse-investissements\">Comment ajuster votre fiscalit\u00e9 franco-suisse et vos investissements ?<\/h2>\n<p>Au-del\u00e0 de la sant\u00e9, c&rsquo;est <strong>votre fiche de paie et votre \u00e9pargne<\/strong> qui demandent une attention chirurgicale pour optimiser chaque franc gagn\u00e9.<\/p>\n<h3>Imposition \u00e0 la source et statut de quasi-r\u00e9sident<\/h3>\n<p><strong>Le syst\u00e8me varie selon votre lieu de travail<\/strong>. Le canton de Gen\u00e8ve applique l&rsquo;imp\u00f4t \u00e0 la source directement sur votre salaire. Les autres cantons suivent des r\u00e8gles diff\u00e9rentes.<\/p>\n<p><strong>R\u00e9cup\u00e9rer une partie de vos pr\u00e9l\u00e8vements<\/strong> est possible. Le statut de quasi-r\u00e9sident permet de d\u00e9duire vos charges r\u00e9elles. Consultez ce guide sur le <a href=\"https:\/\/conseillerfinanciergeneve.ch\/cdhr-frontaliers-suisse\/\">Cdhr et frontaliers suisse : tout sur l&rsquo;imposition \u00e0 20<\/a>.<\/p>\n<p>Utilisez le levier du TOU (Taxation Ordinaire Ult\u00e9rieure). Cette d\u00e9marche administrative est un outil puissant pour <strong>faire fondre votre facture fiscale annuelle<\/strong>.<\/p>\n<p>Voici les <strong>d\u00e9penses que vous pouvez soustraire de votre revenu imposable<\/strong> :<\/p>\n<ul>\n<li><strong>Cotisations li\u00e9es au 3\u00e8me pilier A<\/strong>.<\/li>\n<li><strong>Frais de garde<\/strong> pour vos enfants.<\/li>\n<li><strong>Versements de pensions alimentaires<\/strong>.<\/li>\n<li><strong>D\u00e9penses engag\u00e9es pour votre formation professionnelle<\/strong>.<\/li>\n<\/ul>\n<h3>Bilan patrimonial \u00e0 Gen\u00e8ve : s\u00e9curiser son avenir financier<\/h3>\n<p>Une analyse globale de vos actifs est indispensable. Vos comptes en France et vos revenus helv\u00e9tiques constituent un ensemble coh\u00e9rent. Un <strong>bilan patrimonial structure<\/strong> cette vision.<\/p>\n<p>Ne naviguez pas \u00e0 vue avec vos \u00e9conomies. <a href=\"https:\/\/conseillerfinanciergeneve.ch\/prendre-rendez-vous\/\">Rencontrer un conseiller financier<\/a> apporte une expertise locale pointue. C&rsquo;est la cl\u00e9 pour <strong>ma\u00eetriser votre fiscalit\u00e9 transfrontali\u00e8re<\/strong>.<\/p>\n<div style=\"overflow: auto; max-width: 100%;\">\n<table>\n<thead>\n<tr>\n<th>Sujet d&rsquo;optimisation<\/th>\n<th>Impact potentiel<\/th>\n<th>Action recommand\u00e9e<\/th>\n<\/tr>\n<\/thead>\n<tbody>\n<tr>\n<td>Fiscalit\u00e9<\/td>\n<td>R\u00e9duction d&rsquo;imp\u00f4t<\/td>\n<td>Statut de quasi-r\u00e9sident<\/td>\n<\/tr>\n<tr>\n<td>Retraite<\/td>\n<td>Augmentation de rente<\/td>\n<td>Rachat de 2\u00e8me pilier<\/td>\n<\/tr>\n<tr>\n<td>Placements<\/td>\n<td>Rendement net<\/td>\n<td>Arbitrage assurance-vie \/ PER<\/td>\n<\/tr>\n<tr>\n<td>Succession<\/td>\n<td>Protection des h\u00e9ritiers<\/td>\n<td>Planification pr\u00e9voyance<\/td>\n<\/tr>\n<\/tbody>\n<\/table>\n<\/div>\n<p>L&rsquo;inertie est votre pire ennemie financi\u00e8re. <a href=\"https:\/\/conseillerfinanciergeneve.ch\/prendre-rendez-vous\/\">Prenez d\u00e8s maintenant les devants<\/a> pour <strong>prot\u00e9ger votre futur<\/strong> et celui de vos proches.<\/p>\n<h2 id=\"retraite-3-piliers-avs-2026\">Anticiper sa retraite : ma\u00eetriser les 3 piliers et la 13\u00e8me rente AVS<\/h2>\n<p>Enfin, la gestion de votre patrimoine ne serait pas compl\u00e8te sans une <strong>vision claire sur la fin de votre carri\u00e8re transfrontali\u00e8re<\/strong>.<\/p>\n<h3>Fonctionnement du 2\u00e8me pilier et r\u00e9cup\u00e9ration des avoirs LPP<\/h3>\n<p>La pr\u00e9voyance professionnelle repose sur des cotisations paritaires entre employeur et salari\u00e9. <strong>Le capital accumul\u00e9 dans la LPP d\u00e9pend de votre \u00e2ge et de votre niveau de salaire annuel.<\/strong><\/p>\n<p>De nombreux frontaliers poss\u00e8dent des comptes de libre-passage oubli\u00e9s lors de changements de postes. Pour <strong>optimiser vos revenus<\/strong>, consultez ce guide : <a href=\"https:\/\/conseillerfinanciergeneve.ch\/retraite-frontaliers\/\">Retraite frontalier Suisse | Optimisez vos revenus 2026<\/a>.<\/p>\n<p>Au moment du d\u00e9part, choisir entre une rente mensuelle ou le retrait du capital est crucial. <strong>Cette d\u00e9cision impactera durablement votre futur train de vie<\/strong>.<\/p>\n<p>Utilisez des outils fiables pour vos projections. Ce lien vous aidera : <a href=\"https:\/\/conseillerfinanciergeneve.ch\/calcul-rente-avs-lpp\/\"><strong>Calcul de Rente AVS et LPP : Estimez votre retraite en Suisse<\/strong><\/a>.<\/p>\n<h3>Le 3\u00e8me pilier comme levier de d\u00e9fiscalisation et de pr\u00e9voyance<\/h3>\n<p>Le 3\u00e8me pilier s&rsquo;av\u00e8re indispensable pour combler les lacunes de pr\u00e9voyance. Effectuer des rachats ou ouvrir un contrat permet de <strong>s\u00e9curiser votre avenir financier efficacement<\/strong>.<\/p>\n<p>D\u00e8s 2026, la <strong>13\u00e8me rente AVS boostera votre pouvoir d&rsquo;achat annuel<\/strong>. Pour comprendre son calcul, lisez ceci : <a href=\"https:\/\/conseillerfinanciergeneve.ch\/en\/13eme-rente-avs-suisse\/\">13e rente AVS 2026 &#8211; Date et calcul<\/a>.<\/p>\n<p>L&rsquo;avantage fiscal est imm\u00e9diat pour les frontaliers \u00e9ligibles. Vos versements annuels sont directement <strong>d\u00e9ductibles de votre revenu imposable en Suisse<\/strong>.<\/p>\n<p>Pr\u00e9parez votre dossier sans attendre. Un conseiller financier \u00e0 Gen\u00e8ve saura vous orienter vers le <strong>contrat le mieux adapt\u00e9<\/strong> \u00e0 vos objectifs.<\/p>\n<p>Ma\u00eetriser votre permis G, optimiser votre droit d&rsquo;option sant\u00e9 et anticiper la 13\u00e8me rente AVS d\u00e8s 2026 sont les piliers de votre r\u00e9ussite transfrontali\u00e8re. <a href=\"https:\/\/conseillerfinanciergeneve.ch\/prendre-rendez-vous\/\">Agissez d\u00e8s maintenant pour s\u00e9curiser votre fiscalit\u00e9 franco-suisse<\/a> face aux nouvelles exigences du t\u00e9l\u00e9travail. Transformez aujourd&rsquo;hui votre statut de frontalier en un v\u00e9ritable <strong>levier de performance patrimoniale<\/strong>.<\/p>\n<p><script type=\"application\/ld+json\">\n[\n  {\n    \"@context\": \"https:\/\/schema.org\",\n    \"@type\": \"Article\",\n    \"headline\": \"Guide frontalier suisse : fiscalit\u00e9 et pr\u00e9voyance 2026\",\n    \"description\": \"Un guide exhaustif pour les frontaliers franco-suisses couvrant l'immobilier, l'emploi, les assurances, la retraite et la finance, avec un focus sur les r\u00e9formes de 2026.\",\n    \"inLanguage\": \"fr\",\n    \"articleBody\": \"L'essentiel \u00e0 retenir : la p\u00e9rennisation du t\u00e9l\u00e9travail jusqu'\u00e0 40 % d\u00e8s 2026 s\u00e9curise votre statut fiscal sans risque de double imposition. Cette flexibilit\u00e9, coupl\u00e9e \u00e0 l'arriv\u00e9e de la 13\u00e8me rente AVS, impose une gestion rigoureuse de votre pr\u00e9voyance et de votre droit d'option. Un suivi pr\u00e9cis est crucial, car un \u00e9change automatique de donn\u00e9es salariales d\u00e9butera en 2027.\",\n    \"abstract\": \"Ce guide complet d\u00e9crypte les nouvelles exigences du permis G, les plafonds de t\u00e9l\u00e9travail et l'impact de la 13\u00e8me rente AVS pour optimiser votre situation financi\u00e8re.\",\n    \"image\": [\n      \"https:\/\/gohmqpvtliqcvxerzehl.supabase.co\/storage\/v1\/object\/public\/images\/vhgctinl_processus-permis-g-france-vers-suisse.jpg\",\n      \"https:\/\/gohmqpvtliqcvxerzehl.supabase.co\/storage\/v1\/object\/public\/images\/el1607to_assurance-maladie-frontaliers-lamal-vs-cmu.jpg\"\n    ]\n  }\n]\n<\/script><\/p>\n","protected":false},"excerpt":{"rendered":"<p>L&rsquo;essentiel \u00e0 retenir : la p\u00e9rennisation du t\u00e9l\u00e9travail jusqu&rsquo;\u00e0 40 % d\u00e8s 2026 s\u00e9curise votre statut fiscal sans risque de double imposition. Cette flexibilit\u00e9, coupl\u00e9e \u00e0 l&rsquo;arriv\u00e9e de la 13\u00e8me rente AVS, impose une gestion rigoureuse de votre pr\u00e9voyance et de votre droit d&rsquo;option. Un suivi pr\u00e9cis est crucial, car un \u00e9change automatique de donn\u00e9es [&hellip;]<\/p>\n","protected":false},"author":1,"featured_media":5687,"comment_status":"open","ping_status":"open","sticky":false,"template":"","format":"standard","meta":{"footnotes":""},"categories":[10],"tags":[],"class_list":["post-5686","post","type-post","status-publish","format-standard","has-post-thumbnail","hentry","category-prevoyance"],"yoast_head":"<!-- This site is optimized with the Yoast SEO plugin v27.5 - https:\/\/yoast.com\/product\/yoast-seo-wordpress\/ -->\n<title>Guide frontalier Suisse 2026 : permis G, fiscalit\u00e9 et LAMal<\/title>\n<meta name=\"description\" content=\"Optimisez votre statut de frontalier en 2026 : permis G, fiscalit\u00e9 et 13e rente AVS. D\u00e9couvrez nos conseils experts pour s\u00e9curiser votre patrimoine.\" \/>\n<meta name=\"robots\" content=\"index, follow, max-snippet:-1, max-image-preview:large, max-video-preview:-1\" \/>\n<link rel=\"canonical\" href=\"https:\/\/conseillerfinanciergeneve.ch\/en\/frontalier-suisse-2026\/\" \/>\n<meta property=\"og:locale\" content=\"en_US\" \/>\n<meta property=\"og:type\" content=\"article\" \/>\n<meta property=\"og:title\" content=\"Guide frontalier Suisse 2026 : permis G, fiscalit\u00e9 et LAMal\" \/>\n<meta property=\"og:description\" content=\"Optimisez votre statut de frontalier en 2026 : permis G, fiscalit\u00e9 et 13e rente AVS. D\u00e9couvrez nos conseils experts pour s\u00e9curiser votre patrimoine.\" \/>\n<meta property=\"og:url\" content=\"https:\/\/conseillerfinanciergeneve.ch\/en\/frontalier-suisse-2026\/\" \/>\n<meta property=\"og:site_name\" content=\"Conseiller financier Gen&egrave;ve\" \/>\n<meta property=\"article:published_time\" content=\"2026-03-12T00:08:27+00:00\" \/>\n<meta property=\"article:modified_time\" content=\"2026-03-12T14:59:49+00:00\" \/>\n<meta property=\"og:image\" content=\"https:\/\/conseillerfinanciergeneve.ch\/wp-content\/uploads\/2026\/03\/planification-financiere-transfrontaliere.jpg\" \/>\n\t<meta property=\"og:image:width\" content=\"1376\" \/>\n\t<meta property=\"og:image:height\" content=\"768\" \/>\n\t<meta property=\"og:image:type\" content=\"image\/jpeg\" \/>\n<meta name=\"author\" content=\"administrateur\" \/>\n<meta name=\"twitter:card\" content=\"summary_large_image\" \/>\n<meta name=\"twitter:label1\" content=\"Written by\" \/>\n\t<meta name=\"twitter:data1\" content=\"administrateur\" \/>\n\t<meta name=\"twitter:label2\" content=\"Est. reading time\" \/>\n\t<meta name=\"twitter:data2\" content=\"7 minutes\" \/>\n<script type=\"application\/ld+json\" class=\"yoast-schema-graph\">{\"@context\":\"https:\\\/\\\/schema.org\",\"@graph\":[{\"@type\":\"Article\",\"@id\":\"https:\\\/\\\/conseillerfinanciergeneve.ch\\\/frontalier-suisse-2026\\\/#article\",\"isPartOf\":{\"@id\":\"https:\\\/\\\/conseillerfinanciergeneve.ch\\\/frontalier-suisse-2026\\\/\"},\"author\":{\"name\":\"administrateur\",\"@id\":\"https:\\\/\\\/conseillerfinanciergeneve.ch\\\/#\\\/schema\\\/person\\\/fe24fe6787fe0cb362b7de00dd996498\"},\"headline\":\"Guide frontalier suisse : fiscalit\u00e9 et pr\u00e9voyance 2026\",\"datePublished\":\"2026-03-12T00:08:27+00:00\",\"dateModified\":\"2026-03-12T14:59:49+00:00\",\"mainEntityOfPage\":{\"@id\":\"https:\\\/\\\/conseillerfinanciergeneve.ch\\\/frontalier-suisse-2026\\\/\"},\"wordCount\":1414,\"commentCount\":0,\"publisher\":{\"@id\":\"https:\\\/\\\/conseillerfinanciergeneve.ch\\\/#organization\"},\"image\":{\"@id\":\"https:\\\/\\\/conseillerfinanciergeneve.ch\\\/frontalier-suisse-2026\\\/#primaryimage\"},\"thumbnailUrl\":\"https:\\\/\\\/conseillerfinanciergeneve.ch\\\/wp-content\\\/uploads\\\/2026\\\/03\\\/planification-financiere-transfrontaliere.jpg\",\"articleSection\":[\"Pr\u00e9voyance\"],\"inLanguage\":\"en-US\",\"potentialAction\":[{\"@type\":\"CommentAction\",\"name\":\"Comment\",\"target\":[\"https:\\\/\\\/conseillerfinanciergeneve.ch\\\/frontalier-suisse-2026\\\/#respond\"]}]},{\"@type\":\"WebPage\",\"@id\":\"https:\\\/\\\/conseillerfinanciergeneve.ch\\\/frontalier-suisse-2026\\\/\",\"url\":\"https:\\\/\\\/conseillerfinanciergeneve.ch\\\/frontalier-suisse-2026\\\/\",\"name\":\"Guide frontalier Suisse 2026 : permis G, fiscalit\u00e9 et LAMal\",\"isPartOf\":{\"@id\":\"https:\\\/\\\/conseillerfinanciergeneve.ch\\\/#website\"},\"primaryImageOfPage\":{\"@id\":\"https:\\\/\\\/conseillerfinanciergeneve.ch\\\/frontalier-suisse-2026\\\/#primaryimage\"},\"image\":{\"@id\":\"https:\\\/\\\/conseillerfinanciergeneve.ch\\\/frontalier-suisse-2026\\\/#primaryimage\"},\"thumbnailUrl\":\"https:\\\/\\\/conseillerfinanciergeneve.ch\\\/wp-content\\\/uploads\\\/2026\\\/03\\\/planification-financiere-transfrontaliere.jpg\",\"datePublished\":\"2026-03-12T00:08:27+00:00\",\"dateModified\":\"2026-03-12T14:59:49+00:00\",\"description\":\"Optimisez votre statut de frontalier en 2026 : permis G, fiscalit\u00e9 et 13e rente AVS. D\u00e9couvrez nos conseils experts pour s\u00e9curiser votre patrimoine.\",\"breadcrumb\":{\"@id\":\"https:\\\/\\\/conseillerfinanciergeneve.ch\\\/frontalier-suisse-2026\\\/#breadcrumb\"},\"inLanguage\":\"en-US\",\"potentialAction\":[{\"@type\":\"ReadAction\",\"target\":[\"https:\\\/\\\/conseillerfinanciergeneve.ch\\\/frontalier-suisse-2026\\\/\"]}]},{\"@type\":\"ImageObject\",\"inLanguage\":\"en-US\",\"@id\":\"https:\\\/\\\/conseillerfinanciergeneve.ch\\\/frontalier-suisse-2026\\\/#primaryimage\",\"url\":\"https:\\\/\\\/conseillerfinanciergeneve.ch\\\/wp-content\\\/uploads\\\/2026\\\/03\\\/planification-financiere-transfrontaliere.jpg\",\"contentUrl\":\"https:\\\/\\\/conseillerfinanciergeneve.ch\\\/wp-content\\\/uploads\\\/2026\\\/03\\\/planification-financiere-transfrontaliere.jpg\",\"width\":1376,\"height\":768,\"caption\":\"Anticipez l'avenir financier des frontaliers suisses avec expertise et s\u00e9r\u00e9nit\u00e9. Nos guides vous \u00e9clairent sur la fiscalit\u00e9 2026 et la pr\u00e9voyance.\"},{\"@type\":\"BreadcrumbList\",\"@id\":\"https:\\\/\\\/conseillerfinanciergeneve.ch\\\/frontalier-suisse-2026\\\/#breadcrumb\",\"itemListElement\":[{\"@type\":\"ListItem\",\"position\":1,\"name\":\"Accueil\",\"item\":\"https:\\\/\\\/conseillerfinanciergeneve.ch\\\/\"},{\"@type\":\"ListItem\",\"position\":2,\"name\":\"Pr\u00e9voyance\",\"item\":\"https:\\\/\\\/conseillerfinanciergeneve.ch\\\/prevoyance\\\/\"},{\"@type\":\"ListItem\",\"position\":3,\"name\":\"Guide frontalier suisse : fiscalit\u00e9 et pr\u00e9voyance 2026\"}]},{\"@type\":\"WebSite\",\"@id\":\"https:\\\/\\\/conseillerfinanciergeneve.ch\\\/#website\",\"url\":\"https:\\\/\\\/conseillerfinanciergeneve.ch\\\/\",\"name\":\"Conseiller financier Gen\u00e8ve\",\"description\":\"\",\"publisher\":{\"@id\":\"https:\\\/\\\/conseillerfinanciergeneve.ch\\\/#organization\"},\"potentialAction\":[{\"@type\":\"SearchAction\",\"target\":{\"@type\":\"EntryPoint\",\"urlTemplate\":\"https:\\\/\\\/conseillerfinanciergeneve.ch\\\/?s={search_term_string}\"},\"query-input\":{\"@type\":\"PropertyValueSpecification\",\"valueRequired\":true,\"valueName\":\"search_term_string\"}}],\"inLanguage\":\"en-US\"},{\"@type\":\"Organization\",\"@id\":\"https:\\\/\\\/conseillerfinanciergeneve.ch\\\/#organization\",\"name\":\"Conseiller financier Gen\u00e8ve\",\"url\":\"https:\\\/\\\/conseillerfinanciergeneve.ch\\\/\",\"logo\":{\"@type\":\"ImageObject\",\"inLanguage\":\"en-US\",\"@id\":\"https:\\\/\\\/conseillerfinanciergeneve.ch\\\/#\\\/schema\\\/logo\\\/image\\\/\",\"url\":\"https:\\\/\\\/conseillerfinanciergeneve.ch\\\/wp-content\\\/uploads\\\/2024\\\/11\\\/cropped-cropped-conseiller-financier-2-2.png\",\"contentUrl\":\"https:\\\/\\\/conseillerfinanciergeneve.ch\\\/wp-content\\\/uploads\\\/2024\\\/11\\\/cropped-cropped-conseiller-financier-2-2.png\",\"width\":499,\"height\":258,\"caption\":\"Conseiller financier Gen\u00e8ve\"},\"image\":{\"@id\":\"https:\\\/\\\/conseillerfinanciergeneve.ch\\\/#\\\/schema\\\/logo\\\/image\\\/\"}},{\"@type\":\"Person\",\"@id\":\"https:\\\/\\\/conseillerfinanciergeneve.ch\\\/#\\\/schema\\\/person\\\/fe24fe6787fe0cb362b7de00dd996498\",\"name\":\"administrateur\",\"image\":{\"@type\":\"ImageObject\",\"inLanguage\":\"en-US\",\"@id\":\"https:\\\/\\\/secure.gravatar.com\\\/avatar\\\/4a8b18800befc1a369b14c97823a8dcd4c383cddeeda04aa2c53e53058caa45e?s=96&d=mm&r=g\",\"url\":\"https:\\\/\\\/secure.gravatar.com\\\/avatar\\\/4a8b18800befc1a369b14c97823a8dcd4c383cddeeda04aa2c53e53058caa45e?s=96&d=mm&r=g\",\"contentUrl\":\"https:\\\/\\\/secure.gravatar.com\\\/avatar\\\/4a8b18800befc1a369b14c97823a8dcd4c383cddeeda04aa2c53e53058caa45e?s=96&d=mm&r=g\",\"caption\":\"administrateur\"},\"sameAs\":[\"https:\\\/\\\/conseillerfinanciergeneve.ch\"],\"url\":\"https:\\\/\\\/conseillerfinanciergeneve.ch\\\/en\\\/author\\\/admin\\\/\"}]}<\/script>\n<!-- \/ Yoast SEO plugin. -->","yoast_head_json":{"title":"Guide frontalier Suisse 2026 : permis G, fiscalit\u00e9 et LAMal","description":"Optimisez votre statut de frontalier en 2026 : permis G, fiscalit\u00e9 et 13e rente AVS. D\u00e9couvrez nos conseils experts pour s\u00e9curiser votre patrimoine.","robots":{"index":"index","follow":"follow","max-snippet":"max-snippet:-1","max-image-preview":"max-image-preview:large","max-video-preview":"max-video-preview:-1"},"canonical":"https:\/\/conseillerfinanciergeneve.ch\/en\/frontalier-suisse-2026\/","og_locale":"en_US","og_type":"article","og_title":"Guide frontalier Suisse 2026 : permis G, fiscalit\u00e9 et LAMal","og_description":"Optimisez votre statut de frontalier en 2026 : permis G, fiscalit\u00e9 et 13e rente AVS. D\u00e9couvrez nos conseils experts pour s\u00e9curiser votre patrimoine.","og_url":"https:\/\/conseillerfinanciergeneve.ch\/en\/frontalier-suisse-2026\/","og_site_name":"Conseiller financier Gen&egrave;ve","article_published_time":"2026-03-12T00:08:27+00:00","article_modified_time":"2026-03-12T14:59:49+00:00","og_image":[{"width":1376,"height":768,"url":"https:\/\/conseillerfinanciergeneve.ch\/wp-content\/uploads\/2026\/03\/planification-financiere-transfrontaliere.jpg","type":"image\/jpeg"}],"author":"administrateur","twitter_card":"summary_large_image","twitter_misc":{"Written by":"administrateur","Est. reading time":"7 minutes"},"schema":{"@context":"https:\/\/schema.org","@graph":[{"@type":"Article","@id":"https:\/\/conseillerfinanciergeneve.ch\/frontalier-suisse-2026\/#article","isPartOf":{"@id":"https:\/\/conseillerfinanciergeneve.ch\/frontalier-suisse-2026\/"},"author":{"name":"administrateur","@id":"https:\/\/conseillerfinanciergeneve.ch\/#\/schema\/person\/fe24fe6787fe0cb362b7de00dd996498"},"headline":"Guide frontalier suisse : fiscalit\u00e9 et pr\u00e9voyance 2026","datePublished":"2026-03-12T00:08:27+00:00","dateModified":"2026-03-12T14:59:49+00:00","mainEntityOfPage":{"@id":"https:\/\/conseillerfinanciergeneve.ch\/frontalier-suisse-2026\/"},"wordCount":1414,"commentCount":0,"publisher":{"@id":"https:\/\/conseillerfinanciergeneve.ch\/#organization"},"image":{"@id":"https:\/\/conseillerfinanciergeneve.ch\/frontalier-suisse-2026\/#primaryimage"},"thumbnailUrl":"https:\/\/conseillerfinanciergeneve.ch\/wp-content\/uploads\/2026\/03\/planification-financiere-transfrontaliere.jpg","articleSection":["Pr\u00e9voyance"],"inLanguage":"en-US","potentialAction":[{"@type":"CommentAction","name":"Comment","target":["https:\/\/conseillerfinanciergeneve.ch\/frontalier-suisse-2026\/#respond"]}]},{"@type":"WebPage","@id":"https:\/\/conseillerfinanciergeneve.ch\/frontalier-suisse-2026\/","url":"https:\/\/conseillerfinanciergeneve.ch\/frontalier-suisse-2026\/","name":"Guide frontalier Suisse 2026 : permis G, fiscalit\u00e9 et LAMal","isPartOf":{"@id":"https:\/\/conseillerfinanciergeneve.ch\/#website"},"primaryImageOfPage":{"@id":"https:\/\/conseillerfinanciergeneve.ch\/frontalier-suisse-2026\/#primaryimage"},"image":{"@id":"https:\/\/conseillerfinanciergeneve.ch\/frontalier-suisse-2026\/#primaryimage"},"thumbnailUrl":"https:\/\/conseillerfinanciergeneve.ch\/wp-content\/uploads\/2026\/03\/planification-financiere-transfrontaliere.jpg","datePublished":"2026-03-12T00:08:27+00:00","dateModified":"2026-03-12T14:59:49+00:00","description":"Optimisez votre statut de frontalier en 2026 : permis G, fiscalit\u00e9 et 13e rente AVS. D\u00e9couvrez nos conseils experts pour s\u00e9curiser votre patrimoine.","breadcrumb":{"@id":"https:\/\/conseillerfinanciergeneve.ch\/frontalier-suisse-2026\/#breadcrumb"},"inLanguage":"en-US","potentialAction":[{"@type":"ReadAction","target":["https:\/\/conseillerfinanciergeneve.ch\/frontalier-suisse-2026\/"]}]},{"@type":"ImageObject","inLanguage":"en-US","@id":"https:\/\/conseillerfinanciergeneve.ch\/frontalier-suisse-2026\/#primaryimage","url":"https:\/\/conseillerfinanciergeneve.ch\/wp-content\/uploads\/2026\/03\/planification-financiere-transfrontaliere.jpg","contentUrl":"https:\/\/conseillerfinanciergeneve.ch\/wp-content\/uploads\/2026\/03\/planification-financiere-transfrontaliere.jpg","width":1376,"height":768,"caption":"Anticipez l'avenir financier des frontaliers suisses avec expertise et s\u00e9r\u00e9nit\u00e9. Nos guides vous \u00e9clairent sur la fiscalit\u00e9 2026 et la pr\u00e9voyance."},{"@type":"BreadcrumbList","@id":"https:\/\/conseillerfinanciergeneve.ch\/frontalier-suisse-2026\/#breadcrumb","itemListElement":[{"@type":"ListItem","position":1,"name":"Accueil","item":"https:\/\/conseillerfinanciergeneve.ch\/"},{"@type":"ListItem","position":2,"name":"Pr\u00e9voyance","item":"https:\/\/conseillerfinanciergeneve.ch\/prevoyance\/"},{"@type":"ListItem","position":3,"name":"Guide frontalier suisse : fiscalit\u00e9 et pr\u00e9voyance 2026"}]},{"@type":"WebSite","@id":"https:\/\/conseillerfinanciergeneve.ch\/#website","url":"https:\/\/conseillerfinanciergeneve.ch\/","name":"Financial advisor Geneva","description":"","publisher":{"@id":"https:\/\/conseillerfinanciergeneve.ch\/#organization"},"potentialAction":[{"@type":"SearchAction","target":{"@type":"EntryPoint","urlTemplate":"https:\/\/conseillerfinanciergeneve.ch\/?s={search_term_string}"},"query-input":{"@type":"PropertyValueSpecification","valueRequired":true,"valueName":"search_term_string"}}],"inLanguage":"en-US"},{"@type":"Organization","@id":"https:\/\/conseillerfinanciergeneve.ch\/#organization","name":"Financial advisor Geneva","url":"https:\/\/conseillerfinanciergeneve.ch\/","logo":{"@type":"ImageObject","inLanguage":"en-US","@id":"https:\/\/conseillerfinanciergeneve.ch\/#\/schema\/logo\/image\/","url":"https:\/\/conseillerfinanciergeneve.ch\/wp-content\/uploads\/2024\/11\/cropped-cropped-conseiller-financier-2-2.png","contentUrl":"https:\/\/conseillerfinanciergeneve.ch\/wp-content\/uploads\/2024\/11\/cropped-cropped-conseiller-financier-2-2.png","width":499,"height":258,"caption":"Conseiller financier Gen\u00e8ve"},"image":{"@id":"https:\/\/conseillerfinanciergeneve.ch\/#\/schema\/logo\/image\/"}},{"@type":"Person","@id":"https:\/\/conseillerfinanciergeneve.ch\/#\/schema\/person\/fe24fe6787fe0cb362b7de00dd996498","name":"administrateur","image":{"@type":"ImageObject","inLanguage":"en-US","@id":"https:\/\/secure.gravatar.com\/avatar\/4a8b18800befc1a369b14c97823a8dcd4c383cddeeda04aa2c53e53058caa45e?s=96&d=mm&r=g","url":"https:\/\/secure.gravatar.com\/avatar\/4a8b18800befc1a369b14c97823a8dcd4c383cddeeda04aa2c53e53058caa45e?s=96&d=mm&r=g","contentUrl":"https:\/\/secure.gravatar.com\/avatar\/4a8b18800befc1a369b14c97823a8dcd4c383cddeeda04aa2c53e53058caa45e?s=96&d=mm&r=g","caption":"administrateur"},"sameAs":["https:\/\/conseillerfinanciergeneve.ch"],"url":"https:\/\/conseillerfinanciergeneve.ch\/en\/author\/admin\/"}]}},"_links":{"self":[{"href":"https:\/\/conseillerfinanciergeneve.ch\/en\/wp-json\/wp\/v2\/posts\/5686","targetHints":{"allow":["GET"]}}],"collection":[{"href":"https:\/\/conseillerfinanciergeneve.ch\/en\/wp-json\/wp\/v2\/posts"}],"about":[{"href":"https:\/\/conseillerfinanciergeneve.ch\/en\/wp-json\/wp\/v2\/types\/post"}],"author":[{"embeddable":true,"href":"https:\/\/conseillerfinanciergeneve.ch\/en\/wp-json\/wp\/v2\/users\/1"}],"replies":[{"embeddable":true,"href":"https:\/\/conseillerfinanciergeneve.ch\/en\/wp-json\/wp\/v2\/comments?post=5686"}],"version-history":[{"count":4,"href":"https:\/\/conseillerfinanciergeneve.ch\/en\/wp-json\/wp\/v2\/posts\/5686\/revisions"}],"predecessor-version":[{"id":5693,"href":"https:\/\/conseillerfinanciergeneve.ch\/en\/wp-json\/wp\/v2\/posts\/5686\/revisions\/5693"}],"wp:featuredmedia":[{"embeddable":true,"href":"https:\/\/conseillerfinanciergeneve.ch\/en\/wp-json\/wp\/v2\/media\/5687"}],"wp:attachment":[{"href":"https:\/\/conseillerfinanciergeneve.ch\/en\/wp-json\/wp\/v2\/media?parent=5686"}],"wp:term":[{"taxonomy":"category","embeddable":true,"href":"https:\/\/conseillerfinanciergeneve.ch\/en\/wp-json\/wp\/v2\/categories?post=5686"},{"taxonomy":"post_tag","embeddable":true,"href":"https:\/\/conseillerfinanciergeneve.ch\/en\/wp-json\/wp\/v2\/tags?post=5686"}],"curies":[{"name":"wp","href":"https:\/\/api.w.org\/{rel}","templated":true}]}}