{"id":5694,"date":"2026-03-14T02:07:52","date_gmt":"2026-03-14T00:07:52","guid":{"rendered":"https:\/\/conseillerfinanciergeneve.ch\/salaire-minimum-2026\/"},"modified":"2026-03-14T15:36:35","modified_gmt":"2026-03-14T13:36:35","slug":"salaire-minimum-2026","status":"publish","type":"post","link":"https:\/\/conseillerfinanciergeneve.ch\/en\/salaire-minimum-2026\/","title":{"rendered":"Le nouveau salaire minimum suisse par canton en 2026"},"content":{"rendered":"<p style=\"padding: 24px; background: lightblue;\">L&rsquo;essentiel \u00e0 retenir : d\u00e8s le 1er janvier 2026, les bar\u00e8mes cantonaux s&rsquo;ajustent pour <strong>pr\u00e9server le pouvoir d&rsquo;achat face \u00e0 l&rsquo;inflation<\/strong>. <strong>Gen\u00e8ve maintient le salaire horaire le plus \u00e9lev\u00e9<\/strong> de Suisse \u00e0 24,59 CHF, soit environ 4 475 CHF mensuels. Cette indexation garantit une stabilit\u00e9 du revenu r\u00e9el, malgr\u00e9 les d\u00e9bats f\u00e9d\u00e9raux sur la primaut\u00e9 des conventions collectives.<\/p>\n<p>Face \u00e0 l&rsquo;inflation persistante, craignez-vous que votre r\u00e9mun\u00e9ration ne suffise plus \u00e0 couvrir le co\u00fbt de la vie en Suisse ? Cet article d\u00e9taille les <strong>nouveaux bar\u00e8mes du salaire minimum suisse par canton en 2026<\/strong>, une r\u00e9ponse structurelle visant \u00e0 s\u00e9curiser votre pouvoir d&rsquo;achat \u00e0 Gen\u00e8ve, Neuch\u00e2tel ou dans le Jura. Vous d\u00e9couvrirez les montants horaires pr\u00e9cis, les m\u00e9canismes d&rsquo;indexation automatique et les strat\u00e9gies d&rsquo;optimisation financi\u00e8re pour transformer ce revenu l\u00e9gal en une v\u00e9ritable stabilit\u00e9 patrimoniale durable.<\/p>\n<ol>\n<li><a href=\"#les-montants-du-salaire-minimum-suisse-par-canton-en-2026\">Les montants du salaire minimum suisse par canton en 2026<\/a><\/li>\n<li><a href=\"#exceptions-legales-et-specificites-des-conventions-collectives\">Exceptions l\u00e9gales et sp\u00e9cificit\u00e9s des conventions collectives<\/a><\/li>\n<li><a href=\"#calcul-du-revenu-reel-et-impact-pour-les-travailleurs-frontaliers\">Calcul du revenu r\u00e9el et impact pour les travailleurs frontaliers<\/a><\/li>\n<li><a href=\"#planification-financiere-bilan-patrimonial-geneve\">Am\u00e9lioration de la situation financi\u00e8re et bilan patrimonial<\/a><\/li>\n<\/ol>\n<h2 id=\"les-montants-du-salaire-minimum-suisse-par-canton-en-2026\">Les montants du salaire minimum suisse par canton en 2026<\/h2>\n<p>Apr\u00e8s une ann\u00e9e 2025 marqu\u00e9e par l&rsquo;inflation, <strong>les bar\u00e8mes helv\u00e9tiques s&rsquo;ajustent<\/strong> pour prot\u00e9ger le pouvoir d&rsquo;achat d\u00e8s le 1er janvier 2026.<\/p>\n<h3>Gen\u00e8ve et le seuil de 24,59 CHF de l&rsquo;heure<\/h3>\n<p>D\u00e8s janvier 2026, le taux genevois atteint 24,59 CHF brut. Ce montant s&rsquo;applique aux secteurs non d\u00e9rogatoires. C&rsquo;est <strong>le seuil l\u00e9gal le plus \u00e9lev\u00e9 de Suisse<\/strong>.<\/p>\n<p>Le Conseil d&rsquo;\u00c9tat adapte ce tarif selon l&rsquo;indice des prix \u00e0 la consommation. Ce m\u00e9canisme <strong>garantit la stabilit\u00e9 du revenu r\u00e9el<\/strong> face \u00e0 l&rsquo;\u00e9rosion mon\u00e9taire.<\/p>\n<p>Pour 42 heures hebdomadaires, le <strong>salaire mensuel brut avoisine 4 475 CHF<\/strong>. Ce chiffre constitue le socle de r\u00e9mun\u00e9ration minimale obligatoire dans le canton.<\/p>\n<p><img decoding=\"async\" src=\"https:\/\/conseillerfinanciergeneve.ch\/wp-content\/uploads\/2026\/03\/salaires-minimums-cantonaux-geneve-en-tete.jpg\" alt=\"Comparatif des salaires minimums cantonaux en Suisse pour 2026\" \/><\/p>\n<h3>Neuch\u00e2tel et le Jura : des planchers \u00e0 21,35 et 21,40 CHF<\/h3>\n<p><strong>Neuch\u00e2tel fixe son taux \u00e0 21,35 CHF et le Jura \u00e0 21,40 CHF<\/strong>. Ces cantons suivent une logique de protection sociale ancr\u00e9e dans la loi.<\/p>\n<p>L&rsquo;\u00e9cart avec Gen\u00e8ve d\u00e9passe 3 CHF de l&rsquo;heure. Sur un plein temps, cette diff\u00e9rence majeure refl\u00e8te les <strong>disparit\u00e9s du co\u00fbt de la vie r\u00e9gional<\/strong>.<\/p>\n<p>Les autorit\u00e9s r\u00e9\u00e9valuent ces montants annuellement. Ce filet de s\u00e9curit\u00e9 <strong>assure une dignit\u00e9 financi\u00e8re<\/strong> aux bas salaires de l&rsquo;Arc jurassien.<\/p>\n<div style=\"overflow: auto; max-width: 100%;\">\n<table>\n<thead>\n<tr>\n<th>Canton<\/th>\n<th>Taux 2026<\/th>\n<th>Mensuel (42h)<\/th>\n<\/tr>\n<\/thead>\n<tbody>\n<tr>\n<td>Gen\u00e8ve<\/td>\n<td>24,59 CHF<\/td>\n<td>4 475 CHF<\/td>\n<\/tr>\n<tr>\n<td>Neuch\u00e2tel<\/td>\n<td>21,35 CHF<\/td>\n<td>3 886 CHF<\/td>\n<\/tr>\n<tr>\n<td>Jura<\/td>\n<td>21,40 CHF<\/td>\n<td>3 895 CHF<\/td>\n<\/tr>\n<\/tbody>\n<\/table>\n<\/div>\n<p>Face \u00e0 ces \u00e9volutions, un accompagnement expert est requis. Sollicitez un <strong>conseiller financier Gen\u00e8ve pour un bilan patrimonial ou optimiser votre retraite<\/strong>.<\/p>\n<h2 id=\"exceptions-legales-et-specificites-des-conventions-collectives\">Exceptions l\u00e9gales et sp\u00e9cificit\u00e9s des conventions collectives<\/h2>\n<p>Si ces chiffres posent un cadre g\u00e9n\u00e9ral, la r\u00e9alit\u00e9 du terrain <strong>impose de nombreuses nuances<\/strong> selon le m\u00e9tier exerc\u00e9 ou le statut du travailleur.<\/p>\n<h3>Secteurs d\u00e9rogatoires : agriculture et horticulture<\/h3>\n<p>\u00c0 Neuch\u00e2tel, le secteur primaire b\u00e9n\u00e9ficie d&rsquo;un r\u00e9gime sp\u00e9cifique. Le <strong>salaire minimum y est fix\u00e9 \u00e0 18,15 CHF de l&rsquo;heure pour 2026<\/strong>. Cette d\u00e9rogation s&rsquo;\u00e9carte du montant cantonal standard de 21,35 CHF.<\/p>\n<p>Gen\u00e8ve applique \u00e9galement des exclusions strictes. La <strong>viticulture et l&rsquo;horticulture ne sont pas soumises au plancher cantonal<\/strong> de 24,59 CHF. Ces branches s&rsquo;appuient sur leurs propres usages pour maintenir la viabilit\u00e9 des exploitations locales.<\/p>\n<p>Ces \u00e9carts s&rsquo;expliquent par les marges r\u00e9duites du secteur agricole. Pourtant, cette flexibilit\u00e9 alimente r\u00e9guli\u00e8rement le d\u00e9bat politique. La question de la <strong>pr\u00e9carit\u00e9 des travailleurs de la terre<\/strong> reste une pr\u00e9occupation majeure en Suisse.<\/p>\n<h3>Statuts particuliers : apprentis et jeunes au pair<\/h3>\n<p>Les contrats d&rsquo;apprentissage constituent une exception notable. Ils sont <strong>l\u00e9galement exclus des dispositifs de salaire minimum cantonal<\/strong>. Ici, la r\u00e9mun\u00e9ration privil\u00e9gie la dimension formative et l&rsquo;acquisition d&rsquo;exp\u00e9rience selon l&rsquo;\u00e2ge de l&rsquo;apprenant.<\/p>\n<p>Le cadre genevois \u00e9carte aussi les jeunes de moins de 18 ans. Les stagiaires en mesure d&rsquo;int\u00e9gration professionnelle ou les jeunes au pair suivent des bar\u00e8mes distincts. Ces structures sp\u00e9cifiques visent \u00e0 <strong>ne pas freiner l&rsquo;acc\u00e8s au premier emploi<\/strong>.<\/p>\n<p>Dans le Jura, l&rsquo;accent est mis sur l&rsquo;insertion. Le canton adapte ses exigences pour <strong>faciliter le retour \u00e0 l&#8217;emploi des profils fragiles<\/strong>. Ces programmes d\u00e9rogent parfois aux minima habituels pour r\u00e9pondre \u00e0 des imp\u00e9ratifs sociaux urgents.<\/p>\n<p><img decoding=\"async\" src=\"https:\/\/conseillerfinanciergeneve.ch\/wp-content\/uploads\/2026\/03\/primaute-cct-et-exceptions-salariales-en-suisse.jpg\" alt=\"Repr\u00e9sentation des conventions collectives et des exceptions salariales en Suisse\" \/><\/p>\n<h3>Primaut\u00e9 des CCT sur les minimums cantonaux<\/h3>\n<p>Le conflit entre lois cantonales et conventions collectives de travail (CCT) est complexe. Le Tribunal f\u00e9d\u00e9ral a d\u00fb <strong>arbitrer ces divergences normatives<\/strong>. La hi\u00e9rarchie des r\u00e8gles applicables demeure un point de tension entre partenaires sociaux et l\u00e9gislateurs.<\/p>\n<p>Les CCT \u00e9tendues au niveau national peuvent primer sur les d\u00e9cisions locales. Dans certains cas, cela autorise un salaire inf\u00e9rieur au minimum cantonal th\u00e9orique. Cette <strong>primaut\u00e9 vise \u00e0 prot\u00e9ger l&rsquo;unit\u00e9 des branches \u00e9conomiques<\/strong> \u00e0 l&rsquo;\u00e9chelle suisse.<\/p>\n<p>Les syndicats surveillent de pr\u00e8s ces m\u00e9canismes pour \u00e9viter toute \u00e9rosion sociale. Il est donc imp\u00e9ratif de v\u00e9rifier les conditions de sa branche avant de s&rsquo;engager. Pour s\u00e9curiser votre situation, <strong><a href=\"https:\/\/conseillerfinanciergeneve.ch\/prendre-rendez-vous\/\">sollicitez un conseiller financier<\/a> afin de r\u00e9aliser un bilan complet<\/strong>.<\/p>\n<ul>\n<li><strong>Secteurs souvent r\u00e9gis par des CCT<\/strong> : h\u00f4tellerie-restauration, nettoyage, construction.<\/li>\n<li>Importance cruciale de <strong>v\u00e9rifier la convention applicable \u00e0 son entreprise<\/strong> avant de postuler.<\/li>\n<li><strong>Analyse des prestations annexes<\/strong> (13\u00e8me salaire, primes) qui compl\u00e8tent le taux horaire.<\/li>\n<\/ul>\n<h2 id=\"calcul-du-revenu-reel-et-impact-pour-les-travailleurs-frontaliers\">Calcul du revenu r\u00e9el et impact pour les travailleurs frontaliers<\/h2>\n<p>Au-del\u00e0 du chiffre brut affich\u00e9 sur le contrat, c&rsquo;est le <strong>montant qui arrive r\u00e9ellement sur le compte bancaire<\/strong> qui compte pour boucler les fins de mois.<\/p>\n<h3>Du salaire brut au montant net disponible<\/h3>\n<p>Le passage au net implique l&rsquo;identification des charges sociales. L&rsquo;AVS, l&rsquo;AI et l&rsquo;assurance ch\u00f4mage <strong>r\u00e9duisent syst\u00e9matiquement le montant per\u00e7u<\/strong>. Ces pr\u00e9l\u00e8vements sont obligatoires pour tous les salari\u00e9s.<\/p>\n<p>Le treizi\u00e8me salaire m\u00e9rite un focus particulier. Dans le Jura, il est souvent int\u00e9gr\u00e9 au calcul global. C&rsquo;est un \u00e9l\u00e9ment de r\u00e9mun\u00e9ration crucial \u00e0 ne pas n\u00e9gliger. Il <strong>change la perception du taux horaire<\/strong>.<\/p>\n<p>Il faut distinguer le brut du reste \u00e0 vivre. <strong>Le net constitue la seule base valable<\/strong>. Informez-vous pr\u00e9cis\u00e9ment sur les <a href=\"https:\/\/conseillerfinanciergeneve.ch\/cotisations-lpp-suisse-comment-calculees\/\">cotisations sociales<\/a> pour anticiper votre revenu disponible.<\/p>\n<h3>Pouvoir d&rsquo;achat face au change et au co\u00fbt de la vie<\/h3>\n<p>Le taux de change influence directement le quotidien des frontaliers. La parit\u00e9 EUR\/CHF dicte le niveau de vie en France. Une chute du cours peut <strong>impacter lourdement le budget familial<\/strong>.<\/p>\n<p>L&rsquo;analyse des frais annexes est indispensable. Le transport et l&rsquo;assurance sant\u00e9 p\u00e8sent lourd. Pour les r\u00e9sidents, les <a href=\"https:\/\/conseillerfinanciergeneve.ch\/loyer-geneve-prix\/\">tarifs des logements<\/a> restent le premier poste de d\u00e9pense.<\/p>\n<p>Prenons une simulation pour un salaire de 4 000 CHF. Ce montant peut sembler \u00e9lev\u00e9 mais <strong>s&rsquo;av\u00e8re juste<\/strong> selon la situation. Tout d\u00e9pend de la composition du foyer et des charges fixes.<\/p>\n<h2 id=\"planification-financiere-bilan-patrimonial-geneve\">Am\u00e9lioration de la situation financi\u00e8re et bilan patrimonial<\/h2>\n<p>Gagner le salaire minimum est un point de d\u00e9part, mais optimiser ses acquis permet de <strong>construire une s\u00e9r\u00e9nit\u00e9 financi\u00e8re sur le long terme<\/strong>.<\/p>\n<h3>Pr\u00e9voyance professionnelle et strat\u00e9gies fiscales<\/h3>\n<p>Le deuxi\u00e8me pilier constitue un <strong>levier de s\u00e9curit\u00e9 majeur<\/strong>. C&rsquo;est un capital retraite qui se construit chaque mois. Il offre aussi des prestations en cas d&rsquo;invalidit\u00e9 ou de d\u00e9c\u00e8s.<\/p>\n<p>Des opportunit\u00e9s de planification fiscale existent, m\u00eame avec un revenu modeste. Le rachat d&rsquo;ann\u00e9es de cotisation est une piste int\u00e9ressante. Cela permet de <strong>r\u00e9duire son imposition tout en \u00e9pargnant pour l&rsquo;avenir<\/strong>.<\/p>\n<p>L&rsquo;analyse des prestations en nature est \u00e9galement primordiale. Certains employeurs offrent des avantages comme le repas ou le transport. Ces \u00e9l\u00e9ments <strong>augmentent indirectement le pouvoir d&rsquo;achat r\u00e9el du salari\u00e9<\/strong>.<\/p>\n<ul>\n<li>Le 3\u00e8me pilier pour une <strong>\u00e9pargne priv\u00e9e fiscalement d\u00e9ductible<\/strong>.<\/li>\n<li><strong>rachats LPP pour combler les lacunes de pr\u00e9voyance<\/strong>.<\/li>\n<li><strong>gestion rigoureuse des frais professionnels<\/strong>.<\/li>\n<\/ul>\n<h3>Accompagnement par un conseiller financier \u00e0 Gen\u00e8ve<\/h3>\n<p>Nous proposons un <strong>bilan patrimonial complet<\/strong> pour structurer vos finances. Nos experts analysent votre situation globale avec pr\u00e9cision. C&rsquo;est le premier pas vers une strat\u00e9gie financi\u00e8re solide et coh\u00e9rente.<\/p>\n<p>B\u00e9n\u00e9ficiez de notre expertise en fiscalit\u00e9 et investissement. Nous vous aidons \u00e0 naviguer entre les r\u00e8gles suisses et fran\u00e7aises. L&rsquo;objectif est de <strong>s\u00e9curiser votre avenir et celui de vos proches<\/strong>. Prenez rendez-vous avec un conseiller financier Gen\u00e8ve.<\/p>\n<p>La valeur ajout\u00e9e d&rsquo;un suivi professionnel est ind\u00e9niable. Un regard ext\u00e9rieur permet souvent de <strong>d\u00e9celer des \u00e9conomies cach\u00e9es<\/strong>. N&rsquo;attendez plus pour agir.<\/p>\n<p><a href=\"https:\/\/conseillerfinanciergeneve.ch\/prendre-rendez-vous\/\">Contactez-nous d\u00e8s aujourd&rsquo;hui<\/a>. Votre <strong>s\u00e9r\u00e9nit\u00e9 financi\u00e8re commence<\/strong> par une simple d\u00e9cision de planification.<\/p>\n<p>Ma\u00eetriser les bar\u00e8mes de 2026 \u00e0 Gen\u00e8ve, Neuch\u00e2tel ou dans le Jura est crucial pour s\u00e9curiser votre pouvoir d&rsquo;achat. Anticipez d\u00e8s maintenant ces \u00e9volutions du salaire minimum suisse pour optimiser votre strat\u00e9gie financi\u00e8re et garantir votre s\u00e9r\u00e9nit\u00e9 future. Nos experts vous accompagnent pour <strong>transformer ces seuils l\u00e9gaux en v\u00e9ritables leviers de croissance patrimoniale<\/strong>.<\/p>\n<p><script type=\"application\/ld+json\">\n[\n  {\n    \"@context\": \"https:\/\/schema.org\",\n    \"@type\": \"Article\",\n    \"headline\": \"Le nouveau salaire minimum suisse par canton en 2026\",\n    \"description\": \"D\u00e9tails des salaires minimums cantonaux en Suisse pour 2026 : montants sp\u00e9cifiques \u00e0 Gen\u00e8ve (24,59 CHF), Neuch\u00e2tel et le Jura, m\u00e9canismes d'indexation et impact pour les frontaliers.\",\n    \"inLanguage\": \"fr\",\n    \"image\": [\n      \"https:\/\/gohmqpvtliqcvxerzehl.supabase.co\/storage\/v1\/object\/public\/images\/9s7pzuu7_salaires-minimums-cantonaux-geneve-en-tete.jpg\",\n      \"https:\/\/gohmqpvtliqcvxerzehl.supabase.co\/storage\/v1\/object\/public\/images\/ubcbg3wx_primaute-cct-et-exceptions-salariales-en-suisse.jpg\"\n    ],\n    \"articleSection\": [\n      \"Les montants du salaire minimum suisse par canton en 2026\",\n      \"Exceptions l\u00e9gales et sp\u00e9cificit\u00e9s des conventions collectives\",\n      \"Calcul du revenu r\u00e9el et impact pour les travailleurs frontaliers\",\n      \"Am\u00e9lioration de la situation financi\u00e8re et bilan patrimonial\"\n    ]\n  }\n]\n<\/script><\/p>\n","protected":false},"excerpt":{"rendered":"<p>L&rsquo;essentiel \u00e0 retenir : d\u00e8s le 1er janvier 2026, les bar\u00e8mes cantonaux s&rsquo;ajustent pour pr\u00e9server le pouvoir d&rsquo;achat face \u00e0 l&rsquo;inflation. Gen\u00e8ve maintient le salaire horaire le plus \u00e9lev\u00e9 de Suisse \u00e0 24,59 CHF, soit environ 4 475 CHF mensuels. Cette indexation garantit une stabilit\u00e9 du revenu r\u00e9el, malgr\u00e9 les d\u00e9bats f\u00e9d\u00e9raux sur la primaut\u00e9 [&hellip;]<\/p>\n","protected":false},"author":1,"featured_media":5695,"comment_status":"open","ping_status":"open","sticky":false,"template":"","format":"standard","meta":{"footnotes":""},"categories":[23],"tags":[],"class_list":["post-5694","post","type-post","status-publish","format-standard","has-post-thumbnail","hentry","category-emploi"],"yoast_head":"<!-- This site is optimized with the Yoast SEO plugin v27.5 - https:\/\/yoast.com\/product\/yoast-seo-wordpress\/ -->\n<title>Salaire minimum suisse 2026 | Guide des taux par canton<\/title>\n<meta name=\"description\" content=\"D\u00e9couvrez les montants du salaire minimum suisse par canton en 2026. Optimisez vos revenus entre Gen\u00e8ve, Neuch\u00e2tel et le Jura.\" \/>\n<meta name=\"robots\" content=\"index, follow, max-snippet:-1, max-image-preview:large, max-video-preview:-1\" \/>\n<link rel=\"canonical\" href=\"https:\/\/conseillerfinanciergeneve.ch\/en\/salaire-minimum-2026\/\" \/>\n<meta property=\"og:locale\" content=\"en_US\" \/>\n<meta property=\"og:type\" content=\"article\" \/>\n<meta property=\"og:title\" content=\"Salaire minimum suisse 2026 | Guide des taux par canton\" \/>\n<meta property=\"og:description\" content=\"D\u00e9couvrez les montants du salaire minimum suisse par canton en 2026. Optimisez vos revenus entre Gen\u00e8ve, Neuch\u00e2tel et le Jura.\" \/>\n<meta property=\"og:url\" content=\"https:\/\/conseillerfinanciergeneve.ch\/en\/salaire-minimum-2026\/\" \/>\n<meta property=\"og:site_name\" content=\"Conseiller financier Gen&egrave;ve\" \/>\n<meta property=\"article:published_time\" content=\"2026-03-14T00:07:52+00:00\" \/>\n<meta property=\"article:modified_time\" content=\"2026-03-14T13:36:35+00:00\" \/>\n<meta property=\"og:image\" content=\"https:\/\/conseillerfinanciergeneve.ch\/wp-content\/uploads\/2026\/03\/analyse-des-salaires-suisses.jpg\" \/>\n\t<meta property=\"og:image:width\" content=\"1376\" \/>\n\t<meta property=\"og:image:height\" content=\"768\" \/>\n\t<meta property=\"og:image:type\" content=\"image\/jpeg\" \/>\n<meta name=\"author\" content=\"administrateur\" \/>\n<meta name=\"twitter:card\" content=\"summary_large_image\" \/>\n<meta name=\"twitter:label1\" content=\"Written by\" \/>\n\t<meta name=\"twitter:data1\" content=\"administrateur\" \/>\n\t<meta name=\"twitter:label2\" content=\"Est. reading time\" \/>\n\t<meta name=\"twitter:data2\" content=\"8 minutes\" \/>\n<script type=\"application\/ld+json\" class=\"yoast-schema-graph\">{\"@context\":\"https:\\\/\\\/schema.org\",\"@graph\":[{\"@type\":\"Article\",\"@id\":\"https:\\\/\\\/conseillerfinanciergeneve.ch\\\/salaire-minimum-2026\\\/#article\",\"isPartOf\":{\"@id\":\"https:\\\/\\\/conseillerfinanciergeneve.ch\\\/salaire-minimum-2026\\\/\"},\"author\":{\"name\":\"administrateur\",\"@id\":\"https:\\\/\\\/conseillerfinanciergeneve.ch\\\/#\\\/schema\\\/person\\\/fe24fe6787fe0cb362b7de00dd996498\"},\"headline\":\"Le nouveau salaire minimum suisse par canton en 2026\",\"datePublished\":\"2026-03-14T00:07:52+00:00\",\"dateModified\":\"2026-03-14T13:36:35+00:00\",\"mainEntityOfPage\":{\"@id\":\"https:\\\/\\\/conseillerfinanciergeneve.ch\\\/salaire-minimum-2026\\\/\"},\"wordCount\":1549,\"commentCount\":1,\"publisher\":{\"@id\":\"https:\\\/\\\/conseillerfinanciergeneve.ch\\\/#organization\"},\"image\":{\"@id\":\"https:\\\/\\\/conseillerfinanciergeneve.ch\\\/salaire-minimum-2026\\\/#primaryimage\"},\"thumbnailUrl\":\"https:\\\/\\\/conseillerfinanciergeneve.ch\\\/wp-content\\\/uploads\\\/2026\\\/03\\\/analyse-des-salaires-suisses.jpg\",\"articleSection\":[\"Emploi\"],\"inLanguage\":\"en-US\",\"potentialAction\":[{\"@type\":\"CommentAction\",\"name\":\"Comment\",\"target\":[\"https:\\\/\\\/conseillerfinanciergeneve.ch\\\/salaire-minimum-2026\\\/#respond\"]}]},{\"@type\":\"WebPage\",\"@id\":\"https:\\\/\\\/conseillerfinanciergeneve.ch\\\/salaire-minimum-2026\\\/\",\"url\":\"https:\\\/\\\/conseillerfinanciergeneve.ch\\\/salaire-minimum-2026\\\/\",\"name\":\"Salaire minimum suisse 2026 | Guide des taux par canton\",\"isPartOf\":{\"@id\":\"https:\\\/\\\/conseillerfinanciergeneve.ch\\\/#website\"},\"primaryImageOfPage\":{\"@id\":\"https:\\\/\\\/conseillerfinanciergeneve.ch\\\/salaire-minimum-2026\\\/#primaryimage\"},\"image\":{\"@id\":\"https:\\\/\\\/conseillerfinanciergeneve.ch\\\/salaire-minimum-2026\\\/#primaryimage\"},\"thumbnailUrl\":\"https:\\\/\\\/conseillerfinanciergeneve.ch\\\/wp-content\\\/uploads\\\/2026\\\/03\\\/analyse-des-salaires-suisses.jpg\",\"datePublished\":\"2026-03-14T00:07:52+00:00\",\"dateModified\":\"2026-03-14T13:36:35+00:00\",\"description\":\"D\u00e9couvrez les montants du salaire minimum suisse par canton en 2026. Optimisez vos revenus entre Gen\u00e8ve, Neuch\u00e2tel et le Jura.\",\"breadcrumb\":{\"@id\":\"https:\\\/\\\/conseillerfinanciergeneve.ch\\\/salaire-minimum-2026\\\/#breadcrumb\"},\"inLanguage\":\"en-US\",\"potentialAction\":[{\"@type\":\"ReadAction\",\"target\":[\"https:\\\/\\\/conseillerfinanciergeneve.ch\\\/salaire-minimum-2026\\\/\"]}]},{\"@type\":\"ImageObject\",\"inLanguage\":\"en-US\",\"@id\":\"https:\\\/\\\/conseillerfinanciergeneve.ch\\\/salaire-minimum-2026\\\/#primaryimage\",\"url\":\"https:\\\/\\\/conseillerfinanciergeneve.ch\\\/wp-content\\\/uploads\\\/2026\\\/03\\\/analyse-des-salaires-suisses.jpg\",\"contentUrl\":\"https:\\\/\\\/conseillerfinanciergeneve.ch\\\/wp-content\\\/uploads\\\/2026\\\/03\\\/analyse-des-salaires-suisses.jpg\",\"width\":1376,\"height\":768,\"caption\":\"Comparaison des salaires minimums cantonaux suisses pour 2026. Quels cantons offrent le plus ? L'analyse est en cours.\"},{\"@type\":\"BreadcrumbList\",\"@id\":\"https:\\\/\\\/conseillerfinanciergeneve.ch\\\/salaire-minimum-2026\\\/#breadcrumb\",\"itemListElement\":[{\"@type\":\"ListItem\",\"position\":1,\"name\":\"Accueil\",\"item\":\"https:\\\/\\\/conseillerfinanciergeneve.ch\\\/\"},{\"@type\":\"ListItem\",\"position\":2,\"name\":\"Emploi\",\"item\":\"https:\\\/\\\/conseillerfinanciergeneve.ch\\\/emploi\\\/\"},{\"@type\":\"ListItem\",\"position\":3,\"name\":\"Le nouveau salaire minimum suisse par canton en 2026\"}]},{\"@type\":\"WebSite\",\"@id\":\"https:\\\/\\\/conseillerfinanciergeneve.ch\\\/#website\",\"url\":\"https:\\\/\\\/conseillerfinanciergeneve.ch\\\/\",\"name\":\"Conseiller financier Gen\u00e8ve\",\"description\":\"\",\"publisher\":{\"@id\":\"https:\\\/\\\/conseillerfinanciergeneve.ch\\\/#organization\"},\"potentialAction\":[{\"@type\":\"SearchAction\",\"target\":{\"@type\":\"EntryPoint\",\"urlTemplate\":\"https:\\\/\\\/conseillerfinanciergeneve.ch\\\/?s={search_term_string}\"},\"query-input\":{\"@type\":\"PropertyValueSpecification\",\"valueRequired\":true,\"valueName\":\"search_term_string\"}}],\"inLanguage\":\"en-US\"},{\"@type\":\"Organization\",\"@id\":\"https:\\\/\\\/conseillerfinanciergeneve.ch\\\/#organization\",\"name\":\"Conseiller financier Gen\u00e8ve\",\"url\":\"https:\\\/\\\/conseillerfinanciergeneve.ch\\\/\",\"logo\":{\"@type\":\"ImageObject\",\"inLanguage\":\"en-US\",\"@id\":\"https:\\\/\\\/conseillerfinanciergeneve.ch\\\/#\\\/schema\\\/logo\\\/image\\\/\",\"url\":\"https:\\\/\\\/conseillerfinanciergeneve.ch\\\/wp-content\\\/uploads\\\/2024\\\/11\\\/cropped-cropped-conseiller-financier-2-2.png\",\"contentUrl\":\"https:\\\/\\\/conseillerfinanciergeneve.ch\\\/wp-content\\\/uploads\\\/2024\\\/11\\\/cropped-cropped-conseiller-financier-2-2.png\",\"width\":499,\"height\":258,\"caption\":\"Conseiller financier Gen\u00e8ve\"},\"image\":{\"@id\":\"https:\\\/\\\/conseillerfinanciergeneve.ch\\\/#\\\/schema\\\/logo\\\/image\\\/\"}},{\"@type\":\"Person\",\"@id\":\"https:\\\/\\\/conseillerfinanciergeneve.ch\\\/#\\\/schema\\\/person\\\/fe24fe6787fe0cb362b7de00dd996498\",\"name\":\"administrateur\",\"image\":{\"@type\":\"ImageObject\",\"inLanguage\":\"en-US\",\"@id\":\"https:\\\/\\\/secure.gravatar.com\\\/avatar\\\/4a8b18800befc1a369b14c97823a8dcd4c383cddeeda04aa2c53e53058caa45e?s=96&d=mm&r=g\",\"url\":\"https:\\\/\\\/secure.gravatar.com\\\/avatar\\\/4a8b18800befc1a369b14c97823a8dcd4c383cddeeda04aa2c53e53058caa45e?s=96&d=mm&r=g\",\"contentUrl\":\"https:\\\/\\\/secure.gravatar.com\\\/avatar\\\/4a8b18800befc1a369b14c97823a8dcd4c383cddeeda04aa2c53e53058caa45e?s=96&d=mm&r=g\",\"caption\":\"administrateur\"},\"sameAs\":[\"https:\\\/\\\/conseillerfinanciergeneve.ch\"],\"url\":\"https:\\\/\\\/conseillerfinanciergeneve.ch\\\/en\\\/author\\\/admin\\\/\"}]}<\/script>\n<!-- \/ Yoast SEO plugin. -->","yoast_head_json":{"title":"Salaire minimum suisse 2026 | Guide des taux par canton","description":"D\u00e9couvrez les montants du salaire minimum suisse par canton en 2026. Optimisez vos revenus entre Gen\u00e8ve, Neuch\u00e2tel et le Jura.","robots":{"index":"index","follow":"follow","max-snippet":"max-snippet:-1","max-image-preview":"max-image-preview:large","max-video-preview":"max-video-preview:-1"},"canonical":"https:\/\/conseillerfinanciergeneve.ch\/en\/salaire-minimum-2026\/","og_locale":"en_US","og_type":"article","og_title":"Salaire minimum suisse 2026 | Guide des taux par canton","og_description":"D\u00e9couvrez les montants du salaire minimum suisse par canton en 2026. Optimisez vos revenus entre Gen\u00e8ve, Neuch\u00e2tel et le Jura.","og_url":"https:\/\/conseillerfinanciergeneve.ch\/en\/salaire-minimum-2026\/","og_site_name":"Conseiller financier Gen&egrave;ve","article_published_time":"2026-03-14T00:07:52+00:00","article_modified_time":"2026-03-14T13:36:35+00:00","og_image":[{"width":1376,"height":768,"url":"https:\/\/conseillerfinanciergeneve.ch\/wp-content\/uploads\/2026\/03\/analyse-des-salaires-suisses.jpg","type":"image\/jpeg"}],"author":"administrateur","twitter_card":"summary_large_image","twitter_misc":{"Written by":"administrateur","Est. reading time":"8 minutes"},"schema":{"@context":"https:\/\/schema.org","@graph":[{"@type":"Article","@id":"https:\/\/conseillerfinanciergeneve.ch\/salaire-minimum-2026\/#article","isPartOf":{"@id":"https:\/\/conseillerfinanciergeneve.ch\/salaire-minimum-2026\/"},"author":{"name":"administrateur","@id":"https:\/\/conseillerfinanciergeneve.ch\/#\/schema\/person\/fe24fe6787fe0cb362b7de00dd996498"},"headline":"Le nouveau salaire minimum suisse par canton en 2026","datePublished":"2026-03-14T00:07:52+00:00","dateModified":"2026-03-14T13:36:35+00:00","mainEntityOfPage":{"@id":"https:\/\/conseillerfinanciergeneve.ch\/salaire-minimum-2026\/"},"wordCount":1549,"commentCount":1,"publisher":{"@id":"https:\/\/conseillerfinanciergeneve.ch\/#organization"},"image":{"@id":"https:\/\/conseillerfinanciergeneve.ch\/salaire-minimum-2026\/#primaryimage"},"thumbnailUrl":"https:\/\/conseillerfinanciergeneve.ch\/wp-content\/uploads\/2026\/03\/analyse-des-salaires-suisses.jpg","articleSection":["Emploi"],"inLanguage":"en-US","potentialAction":[{"@type":"CommentAction","name":"Comment","target":["https:\/\/conseillerfinanciergeneve.ch\/salaire-minimum-2026\/#respond"]}]},{"@type":"WebPage","@id":"https:\/\/conseillerfinanciergeneve.ch\/salaire-minimum-2026\/","url":"https:\/\/conseillerfinanciergeneve.ch\/salaire-minimum-2026\/","name":"Salaire minimum suisse 2026 | Guide des taux par canton","isPartOf":{"@id":"https:\/\/conseillerfinanciergeneve.ch\/#website"},"primaryImageOfPage":{"@id":"https:\/\/conseillerfinanciergeneve.ch\/salaire-minimum-2026\/#primaryimage"},"image":{"@id":"https:\/\/conseillerfinanciergeneve.ch\/salaire-minimum-2026\/#primaryimage"},"thumbnailUrl":"https:\/\/conseillerfinanciergeneve.ch\/wp-content\/uploads\/2026\/03\/analyse-des-salaires-suisses.jpg","datePublished":"2026-03-14T00:07:52+00:00","dateModified":"2026-03-14T13:36:35+00:00","description":"D\u00e9couvrez les montants du salaire minimum suisse par canton en 2026. Optimisez vos revenus entre Gen\u00e8ve, Neuch\u00e2tel et le Jura.","breadcrumb":{"@id":"https:\/\/conseillerfinanciergeneve.ch\/salaire-minimum-2026\/#breadcrumb"},"inLanguage":"en-US","potentialAction":[{"@type":"ReadAction","target":["https:\/\/conseillerfinanciergeneve.ch\/salaire-minimum-2026\/"]}]},{"@type":"ImageObject","inLanguage":"en-US","@id":"https:\/\/conseillerfinanciergeneve.ch\/salaire-minimum-2026\/#primaryimage","url":"https:\/\/conseillerfinanciergeneve.ch\/wp-content\/uploads\/2026\/03\/analyse-des-salaires-suisses.jpg","contentUrl":"https:\/\/conseillerfinanciergeneve.ch\/wp-content\/uploads\/2026\/03\/analyse-des-salaires-suisses.jpg","width":1376,"height":768,"caption":"Comparaison des salaires minimums cantonaux suisses pour 2026. Quels cantons offrent le plus ? L'analyse est en cours."},{"@type":"BreadcrumbList","@id":"https:\/\/conseillerfinanciergeneve.ch\/salaire-minimum-2026\/#breadcrumb","itemListElement":[{"@type":"ListItem","position":1,"name":"Accueil","item":"https:\/\/conseillerfinanciergeneve.ch\/"},{"@type":"ListItem","position":2,"name":"Emploi","item":"https:\/\/conseillerfinanciergeneve.ch\/emploi\/"},{"@type":"ListItem","position":3,"name":"Le nouveau salaire minimum suisse par canton en 2026"}]},{"@type":"WebSite","@id":"https:\/\/conseillerfinanciergeneve.ch\/#website","url":"https:\/\/conseillerfinanciergeneve.ch\/","name":"Financial advisor Geneva","description":"","publisher":{"@id":"https:\/\/conseillerfinanciergeneve.ch\/#organization"},"potentialAction":[{"@type":"SearchAction","target":{"@type":"EntryPoint","urlTemplate":"https:\/\/conseillerfinanciergeneve.ch\/?s={search_term_string}"},"query-input":{"@type":"PropertyValueSpecification","valueRequired":true,"valueName":"search_term_string"}}],"inLanguage":"en-US"},{"@type":"Organization","@id":"https:\/\/conseillerfinanciergeneve.ch\/#organization","name":"Financial advisor Geneva","url":"https:\/\/conseillerfinanciergeneve.ch\/","logo":{"@type":"ImageObject","inLanguage":"en-US","@id":"https:\/\/conseillerfinanciergeneve.ch\/#\/schema\/logo\/image\/","url":"https:\/\/conseillerfinanciergeneve.ch\/wp-content\/uploads\/2024\/11\/cropped-cropped-conseiller-financier-2-2.png","contentUrl":"https:\/\/conseillerfinanciergeneve.ch\/wp-content\/uploads\/2024\/11\/cropped-cropped-conseiller-financier-2-2.png","width":499,"height":258,"caption":"Conseiller financier Gen\u00e8ve"},"image":{"@id":"https:\/\/conseillerfinanciergeneve.ch\/#\/schema\/logo\/image\/"}},{"@type":"Person","@id":"https:\/\/conseillerfinanciergeneve.ch\/#\/schema\/person\/fe24fe6787fe0cb362b7de00dd996498","name":"administrateur","image":{"@type":"ImageObject","inLanguage":"en-US","@id":"https:\/\/secure.gravatar.com\/avatar\/4a8b18800befc1a369b14c97823a8dcd4c383cddeeda04aa2c53e53058caa45e?s=96&d=mm&r=g","url":"https:\/\/secure.gravatar.com\/avatar\/4a8b18800befc1a369b14c97823a8dcd4c383cddeeda04aa2c53e53058caa45e?s=96&d=mm&r=g","contentUrl":"https:\/\/secure.gravatar.com\/avatar\/4a8b18800befc1a369b14c97823a8dcd4c383cddeeda04aa2c53e53058caa45e?s=96&d=mm&r=g","caption":"administrateur"},"sameAs":["https:\/\/conseillerfinanciergeneve.ch"],"url":"https:\/\/conseillerfinanciergeneve.ch\/en\/author\/admin\/"}]}},"_links":{"self":[{"href":"https:\/\/conseillerfinanciergeneve.ch\/en\/wp-json\/wp\/v2\/posts\/5694","targetHints":{"allow":["GET"]}}],"collection":[{"href":"https:\/\/conseillerfinanciergeneve.ch\/en\/wp-json\/wp\/v2\/posts"}],"about":[{"href":"https:\/\/conseillerfinanciergeneve.ch\/en\/wp-json\/wp\/v2\/types\/post"}],"author":[{"embeddable":true,"href":"https:\/\/conseillerfinanciergeneve.ch\/en\/wp-json\/wp\/v2\/users\/1"}],"replies":[{"embeddable":true,"href":"https:\/\/conseillerfinanciergeneve.ch\/en\/wp-json\/wp\/v2\/comments?post=5694"}],"version-history":[{"count":4,"href":"https:\/\/conseillerfinanciergeneve.ch\/en\/wp-json\/wp\/v2\/posts\/5694\/revisions"}],"predecessor-version":[{"id":5701,"href":"https:\/\/conseillerfinanciergeneve.ch\/en\/wp-json\/wp\/v2\/posts\/5694\/revisions\/5701"}],"wp:featuredmedia":[{"embeddable":true,"href":"https:\/\/conseillerfinanciergeneve.ch\/en\/wp-json\/wp\/v2\/media\/5695"}],"wp:attachment":[{"href":"https:\/\/conseillerfinanciergeneve.ch\/en\/wp-json\/wp\/v2\/media?parent=5694"}],"wp:term":[{"taxonomy":"category","embeddable":true,"href":"https:\/\/conseillerfinanciergeneve.ch\/en\/wp-json\/wp\/v2\/categories?post=5694"},{"taxonomy":"post_tag","embeddable":true,"href":"https:\/\/conseillerfinanciergeneve.ch\/en\/wp-json\/wp\/v2\/tags?post=5694"}],"curies":[{"name":"wp","href":"https:\/\/api.w.org\/{rel}","templated":true}]}}