{"id":6435,"date":"2026-04-29T02:26:23","date_gmt":"2026-04-29T00:26:23","guid":{"rendered":"https:\/\/conseillerfinanciergeneve.ch\/marches-rachat-lpp\/"},"modified":"2026-04-29T02:26:47","modified_gmt":"2026-04-29T00:26:47","slug":"marches-rachat-lpp","status":"publish","type":"post","link":"https:\/\/conseillerfinanciergeneve.ch\/en\/marches-rachat-lpp\/","title":{"rendered":"Analyse march\u00e9s financiers : r\u00e9silience et fiscalit\u00e9"},"content":{"rendered":"<link rel=\"stylesheet\" href=\"https:\/\/unpkg.com\/@wwclib\/wwc@latest\/wwc.min.css\">\n<script src=\"https:\/\/cdn.jsdelivr.net\/npm\/@alpinejs\/csp@3\/dist\/cdn.min.js\" defer><\/script><\/p>\n<style>.wwc { --wwc-primary: #3b82f6; }<\/style>\n<div class='wwc'>\nCe qu&rsquo;il faut retenir : <strong>la r\u00e9silience des march\u00e9s financiers repose sur la solidit\u00e9 des r\u00e9sultats d&rsquo;entreprises<\/strong>, malgr\u00e9 les doutes pesant sur le secteur de l&rsquo;intelligence artificielle. Cette dynamique favorise une gestion de patrimoine proactive, notamment par l&rsquo;<strong>optimisation fiscale via le rachat du 2\u00e8me pilier<\/strong> en Suisse. Tesla surprend avec un <strong>b\u00e9n\u00e9fice par action de 41 cents<\/strong>, surpassant les attentes des analystes.\n<\/div>\n<p>Le S&#038;P 500 affiche une r\u00e9silience notable avec 87,5 % des entreprises d\u00e9passant les pr\u00e9visions de b\u00e9n\u00e9fices, malgr\u00e9 une volatilit\u00e9 hebdomadaire marqu\u00e9e par un repli de 0,49 %. Ce contraste entre la <strong>vigueur micro\u00e9conomique et les tensions g\u00e9opolitiques<\/strong> au Moyen-Orient d\u00e9finit un environnement de march\u00e9 o\u00f9 la prudence reste de mise pour les investisseurs.<\/p>\n<p>Face \u00e0 ces incertitudes mondiales, la gestion de votre patrimoine n\u00e9cessite une approche rigoureuse pour prot\u00e9ger vos actifs tout en saisissant les opportunit\u00e9s de croissance. Nous d\u00e9cortiquons les performances des indices majeurs et les strat\u00e9gies d&rsquo;optimisation fiscale, notamment via le rachat du 2\u00e8me pilier, pour <strong>s\u00e9curiser durablement votre avenir financier en Suisse<\/strong>.<\/p>\n<ol>\n<li><a href=\"#analyse-marches-financiers-resultats-entreprises\">Analyse des march\u00e9s financiers et vigueur des r\u00e9sultats d&rsquo;entreprises<\/a><\/li>\n<li><a href=\"#vigilance-geopolitique-pressions-inflationnistes-actifs\">Vigilance g\u00e9opolitique et pressions inflationnistes sur les actifs<\/a><\/li>\n<li><a href=\"#reduction-charge-fiscale-rachat-2eme-pilier-suisse\">R\u00e9duction de la charge fiscale par le rachat du 2\u00e8me pilier en Suisse<\/a><\/li>\n<li><a href=\"#strategies-prevoyance-securiser-patrimoine-geneve\">Strat\u00e9gies de pr\u00e9voyance pour s\u00e9curiser son patrimoine \u00e0 Gen\u00e8ve<\/a><\/li>\n<\/ol>\n<h2 id=\"analyse-marches-financiers-resultats-entreprises\">Analyse des march\u00e9s financiers et vigueur des r\u00e9sultats d&rsquo;entreprises<\/h2>\n<p>Le <strong><strong>S&#038;P 500<\/strong> progresse de 4,54 %<\/strong> gr\u00e2ce \u00e0 l&rsquo;IA et 87,5 % de r\u00e9sultats sup\u00e9rieurs aux attentes. Amazon investit dans Anthropic, tandis que le <strong>Nasdaq-100<\/strong> bondit de 6,20 %, confirmant la solidit\u00e9 actuelle des indices.<\/p>\n<p>Cette dynamique positive s&rsquo;appuie sur un \u00e9lan technologique puissant qui <strong>red\u00e9finit les performances des indices mondiaux<\/strong>.<\/p>\n<h3>Performance des indices majeurs et moteur de l&rsquo;intelligence artificielle<\/h3>\n<p>Le Nasdaq-100 affiche une hausse de +6,20 % et le S&#038;P 500 grimpe de +4,54 %. Cette <strong>cl\u00f4ture hebdomadaire solide t\u00e9moigne d&rsquo;une confiance retrouv\u00e9e<\/strong>.<\/p>\n<p>Amazon soutient cette tendance via Anthropic. <strong>L&rsquo;IA demeure le catalyseur central<\/strong>, comme observ\u00e9 lors de l&rsquo;analyse des <a href=\"https:\/\/conseillerfinanciergeneve.ch\/marches-semaine-15\/\">march\u00e9s de la semaine 15<\/a>.<\/p>\n<div class=\"wwc wwc-grid\">\n<div class=\"wwc-column\">\n<div class=\"wwc-title\">Chiffres cl\u00e9s<\/div>\n<ul>\n<li>Nasdaq-100 : +6,20 %<\/li>\n<li>S&#038;P 500 : +4,54 %<\/li>\n<li><strong>Succ\u00e8s pr\u00e9visions<\/strong> : 87,5 %<\/li>\n<\/ul><\/div>\n<\/div>\n<p>La <strong>psychologie de march\u00e9 gravite autour de l&rsquo;intelligence artificielle<\/strong>. Ce moteur de croissance semble occulter les doutes sur la mon\u00e9tisation r\u00e9elle.<\/p>\n<p>Mais attention, cette euphorie doit maintenant <strong>se confronter aux r\u00e9alit\u00e9s micro\u00e9conomiques<\/strong>.<\/p>\n<p><img decoding=\"async\" src=\"https:\/\/conseillerfinanciergeneve.ch\/wp-content\/uploads\/2026\/04\/croissance-du-marche-et-resultats-dentreprises.jpg\" alt=\"Graphique de la croissance du march\u00e9 boursier et des r\u00e9sultats d'entreprises du S&#038;P 500\"><\/p>\n<h3>Bilan contrast\u00e9 des publications trimestrielles au sein du S&#038;P 500<\/h3>\n<p>Pr\u00e8s de <strong>87,5 % des entreprises ont battu les pr\u00e9visions<\/strong>. C&rsquo;est un signe de r\u00e9silience face aux taux d&rsquo;int\u00e9r\u00eat \u00e9lev\u00e9s.<\/p>\n<p>Les regards se tournent vers Tesla, Boeing et Intel. Leurs <strong>publications seront d\u00e9terminantes pour la direction<\/strong>.<\/p>\n<div class=\"wwc wwc-table\">\n<table>\n<thead>\n<tr>\n<th>Indice<\/th>\n<th>Performance<\/th>\n<\/tr>\n<\/thead>\n<tbody>\n<tr>\n<td>Nasdaq-100<\/td>\n<td>+6,20 %<\/td>\n<\/tr>\n<tr>\n<td>S&#038;P 500<\/td>\n<td>+4,54 %<\/td>\n<\/tr>\n<tr>\n<td>Nikkei 225<\/td>\n<td>+2,73 %<\/td>\n<\/tr>\n<tr>\n<td>SMI<\/td>\n<td>+1,85 %<\/td>\n<\/tr>\n<\/tbody>\n<\/table>\n<\/div>\n<p>Blackstone et GE Aerospace restent sous surveillance. <strong>La vigueur des b\u00e9n\u00e9fices demeure le rempart principal<\/strong> contre l&rsquo;instabilit\u00e9 g\u00e9opolitique.<\/p>\n<div class=\"wwc wwc-tip\">\n<div class=\"wwc-title\">Optimisation<\/div>\n<p>Contactez un conseiller financier Gen\u00e8ve pour un <strong>bilan complet, incluant votre 2\u00e8me pilier et vos strat\u00e9gies de rachat LPP<\/strong>.<\/p>\n<\/div>\n<h2 id=\"vigilance-geopolitique-pressions-inflationnistes-actifs\">Vigilance g\u00e9opolitique et pressions inflationnistes sur les actifs<\/h2>\n<p>Si les actions brillent, le contexte macro\u00e9conomique et les tensions au Moyen-Orient <strong>imposent une prudence rigoureuse<\/strong> sur les mati\u00e8res premi\u00e8res.<\/p>\n<h3>\u00c9quilibre pr\u00e9caire du p\u00e9trole Brent face aux tensions au Moyen-Orient<\/h3>\n<p><strong>Le prix du Brent se stabilise \u00e0 95$<\/strong>. On observe une hausse de 46 % depuis le d\u00e9but d&rsquo;ann\u00e9e. Le march\u00e9 reste sous tension.<\/p>\n<p>Le conflit r\u00e9gional alimente la prime de risque. Cette <strong>volatilit\u00e9 menace directement l&rsquo;inflation mondiale<\/strong>. La vigilance est de mise pour les investisseurs.<\/p>\n<p><strong>Le WTI corrige de 13 %<\/strong> sur la p\u00e9riode. Les incertitudes g\u00e9opolitiques p\u00e8sent sur les \u00e9changes. Le d\u00e9troit d&rsquo;Ormuz reste un point n\u00e9vralgique majeur.<\/p>\n<p><img decoding=\"async\" src=\"https:\/\/conseillerfinanciergeneve.ch\/wp-content\/uploads\/2026\/04\/equilibre-precaire-du-petrole-brent.jpg\" alt=\"\u00c9volution du Brent face aux risques g\u00e9opolitiques\"><\/p>\n<div class=\"wwc wwc-table\">\n<table>\n<thead>\n<tr>\n<th>Actif<\/th>\n<th>Performance<\/th>\n<th>Tendance<\/th>\n<th>Risque<\/th>\n<\/tr>\n<\/thead>\n<tbody>\n<tr>\n<td>Brent<\/td>\n<td>+46% YTD<\/td>\n<td>Haussi\u00e8re<\/td>\n<td>G\u00e9opolitique<\/td>\n<\/tr>\n<tr>\n<td>Or Spot<\/td>\n<td>+2,01%<\/td>\n<td>Refuge<\/td>\n<td>Inflation<\/td>\n<\/tr>\n<tr>\n<td>USD\/CHF<\/td>\n<td>Baisse USD<\/td>\n<td>Baissi\u00e8re<\/td>\n<td>Change<\/td>\n<\/tr>\n<tr>\n<td>Taux US 10Y<\/td>\n<td>4,25%<\/td>\n<td>Neutre<\/td>\n<td>Mon\u00e9taire<\/td>\n<\/tr>\n<\/tbody>\n<\/table>\n<\/div>\n<h3>Orientations des banques centrales et indicateurs macro\u00e9conomiques mondiaux<\/h3>\n<p>Le taux US 10Y atteint 4,25 % tandis que la Chine cro\u00eet de 5 %. Les logements US d\u00e9\u00e7oivent fortement. <strong>L&rsquo;activit\u00e9 globale montre des signes d&rsquo;essoufflement<\/strong>.<\/p>\n<p>La Banque du Japon maintient ses taux directeurs. La stabilit\u00e9 des devises perdure globalement. <strong>L&rsquo;EUR\/CHF se maintient ainsi autour de 0,92<\/strong>.<\/p>\n<p>Les ventes au d\u00e9tail et l&rsquo;inflation britannique restent sous surveillance. <strong>La politique mon\u00e9taire demeure le pivot des march\u00e9s financiers<\/strong>. Un arbitrage pr\u00e9cis s&rsquo;impose.<\/p>\n<div class=\"wwc wwc-info\">\n<div class=\"wwc-title\">Expertise<\/div>\n<p>Face \u00e0 la <a href=\"https:\/\/conseillerfinanciergeneve.ch\/chute-euro-franc-suisse\/\">chute euro franc suisse<\/a>, un <strong>bilan patrimonial est essentiel<\/strong>. Contactez votre conseiller financier Gen\u00e8ve pour vos strat\u00e9gies de rachat LPP.<\/p>\n<\/div>\n<h2 id=\"reduction-charge-fiscale-rachat-2eme-pilier-suisse\">R\u00e9duction de la charge fiscale par le rachat du 2\u00e8me pilier en Suisse<\/h2>\n<p>Face \u00e0 cette volatilit\u00e9, l&rsquo;optimisation fiscale via la pr\u00e9voyance suisse offre une <strong>s\u00e9curit\u00e9 et un rendement imm\u00e9diat<\/strong> garanti par l&rsquo;\u00e9conomie d&rsquo;imp\u00f4t.<\/p>\n<h3>M\u00e9canismes de d\u00e9duction et impact sur le revenu imposable annuel<\/h3>\n<p>Le rachat LPP <strong>r\u00e9duit directement votre revenu imposable<\/strong>. Chaque franc vers\u00e9 est d\u00e9duit de votre assiette. C&rsquo;est un levier puissant pour les gros salaires genevois. La progression fiscale diminue alors m\u00e9caniquement.<\/p>\n<p>Cet avantage profite aux frontaliers et r\u00e9sidents. L&rsquo;\u00e9conomie atteint souvent plusieurs milliers de francs. Vous augmentez ainsi votre \u00e9pargne nette globale. C&rsquo;est une strat\u00e9gie de <a href=\"https:\/\/conseillerfinanciergeneve.ch\/en\/3eme-pilier-frontalier\/\">3\u00e8me pilier pour frontalier<\/a> tr\u00e8s efficace.<\/p>\n<p>Un bilan patrimonial permet de calibrer votre rachat. Vous maximisez ainsi votre d\u00e9duction fiscale personnelle.<\/p>\n<div class=\"wwc wwc-tip\">\n<div class=\"wwc-title\">Astuce<\/div>\n<p>R\u00e9alisez un bilan patrimonial pour calculer le <strong>potentiel exact de rachat et assurer une d\u00e9ductibilit\u00e9 maximale<\/strong> \u00e0 Gen\u00e8ve.<\/p>\n<\/div>\n<h3>R\u00e9formes de la pr\u00e9voyance professionnelle et opportunit\u00e9s de rachat LPP<\/h3>\n<p>Les changements r\u00e9glementaires r\u00e9cents modifient le paysage. Les conditions d&rsquo;acc\u00e8s deviennent plus strictes mais restent attractives. La r\u00e9forme <strong>influence directement vos futures rentes professionnelles<\/strong>.<\/p>\n<p>L&rsquo;\u00e9ligibilit\u00e9 d\u00e9pend de votre \u00e2ge et des lacunes. Ces manques proviennent souvent d&rsquo;augmentations de salaire. <strong>Un calcul pr\u00e9cis est requis<\/strong> avant tout versement.<\/p>\n<p>Utilisez l&rsquo;offre WallSwiss pour calculer votre potentiel. Nous analysons votre d\u00e9fiscalisation pour <strong>optimiser votre patrimoine priv\u00e9<\/strong>. Nos experts s\u00e9curisent chaque \u00e9tape de votre pr\u00e9voyance.<\/p>\n<div class=\"wwc wwc-grid\">\n<div class=\"wwc-column wwc-icon-pro\">\n<div class=\"wwc-title\">Avantages<\/div>\n<ul>\n<li><strong>D\u00e9duction fiscale, augmentation de la rente<\/strong>, protection capital d\u00e9c\u00e8s, flexibilit\u00e9 des versements.<\/li>\n<\/ul><\/div>\n<div class=\"wwc-column wwc-icon-con\">\n<div class=\"wwc-title\">Inconv\u00e9nients<\/div>\n<ul>\n<li><strong>Blocage du capital, crit\u00e8res d&rsquo;\u00e9ligibilit\u00e9 stricts<\/strong>.<\/li>\n<\/ul><\/div>\n<\/div>\n<h2 id=\"strategies-prevoyance-securiser-patrimoine-geneve\">Strat\u00e9gies de pr\u00e9voyance pour s\u00e9curiser son patrimoine \u00e0 Gen\u00e8ve<\/h2>\n<p>Au-del\u00e0 de la fiscalit\u00e9, la structuration globale de vos actifs permet de <strong>traverser les cycles \u00e9conomiques avec s\u00e9r\u00e9nit\u00e9<\/strong>.<\/p>\n<h3>Diversification des placements et gestion de la volatilit\u00e9 actuelle<\/h3>\n<p>Privil\u00e9giez une allocation robuste vers le <a href=\"https:\/\/conseillerfinanciergeneve.ch\/private-equity-investissement\/\">Private Equity<\/a> et l&rsquo;immobilier. Ces classes d&rsquo;actifs d\u00e9corr\u00e9l\u00e9es des march\u00e9s financiers <strong>prot\u00e8gent efficacement votre capital contre les chocs boursiers impr\u00e9vus<\/strong>.<\/p>\n<p>Utilisez des <a href=\"https:\/\/conseillerfinanciergeneve.ch\/produit-structure\/\"><strong>produits structur\u00e9s<\/strong><\/a> pour garantir tout ou partie de votre capital investi. C&rsquo;est une solution particuli\u00e8rement adapt\u00e9e au climat actuel, marqu\u00e9 par une vigilance g\u00e9opolitique accrue et une volatilit\u00e9 persistante.<\/p>\n<p>Une <strong>gestion de fortune personnalis\u00e9e<\/strong> demeure indispensable pour saisir les opportunit\u00e9s en Suisse. Nous analysons vos besoins pour b\u00e2tir une strat\u00e9gie r\u00e9siliente face aux incertitudes des march\u00e9s mondiaux.<\/p>\n<h3>Accompagnement personnalis\u00e9 pour un bilan patrimonial complet<\/h3>\n<p>Prenez rendez-vous avec un conseiller financier \u00e0 Gen\u00e8ve pour un bilan complet. Notre expertise locale est irrempla\u00e7able pour anticiper votre retraite et <strong>s\u00e9curiser l&rsquo;avenir de vos proches<\/strong> efficacement.<\/p>\n<p>Nous mettons \u00e0 votre disposition des simulateurs de rente AVS et de rachat LPP performants. Ces outils num\u00e9riques facilitent grandement la prise de d\u00e9cision en <strong>visualisant vos futures prestations sociales<\/strong>.<\/p>\n<p>WallSwiss accompagne les frontaliers et r\u00e9sidents dans leur <strong>planification financi\u00e8re globale<\/strong>. Nos experts optimisent chaque aspect de votre pr\u00e9voyance pour garantir la p\u00e9rennit\u00e9 de votre patrimoine \u00e0 long terme. <a href=\"https:\/\/conseillerfinanciergeneve.ch\/gestion-fortune-comment-maximiser-investissements-suisse\/\">Maximisez vos investissements en Suisse<\/a> d\u00e8s maintenant.<\/p>\n<p>Face \u00e0 la r\u00e9silience des actions et aux tensions g\u00e9opolitiques, s\u00e9curisez vos actifs d\u00e8s maintenant. L&rsquo;optimisation fiscale via le rachat du 2\u00e8me pilier et une gestion de fortune rigoureuse <strong>garantissent la p\u00e9rennit\u00e9 de votre patrimoine suisse<\/strong>. Anticipez sereinement votre avenir financier gr\u00e2ce \u00e0 un bilan personnalis\u00e9.<\/p>\n<p><script type=\"application\/ld+json\">[{\"@context\":\"https:\/\/schema.org\",\"@type\":\"Article\",\"headline\":\"Analyse march\u00e9s financiers : r\u00e9silience et fiscalit\u00e9\",\"description\":\"Analyse d\u00e9taill\u00e9e des march\u00e9s financiers pour la semaine 18, caract\u00e9ris\u00e9e par la r\u00e9silience des actions, le soutien des r\u00e9sultats d'entreprises et une vigilance g\u00e9opolitique. L'article aborde \u00e9galement les modifications du 2\u00e8me pilier et les strat\u00e9gies de rachat pour optimiser la charge fiscale.\",\"inLanguage\":\"fr\",\"articleSection\":[\"Analyse des march\u00e9s financiers et vigueur des r\u00e9sultats d'entreprises\",\"Vigilance g\u00e9opolitique et pressions inflationnistes sur les actifs\",\"R\u00e9duction de la charge fiscale par le rachat du 2\u00e8me pilier en Suisse\",\"Strat\u00e9gies de pr\u00e9voyance pour s\u00e9curiser son patrimoine \u00e0 Gen\u00e8ve\"],\"image\":[\"https:\/\/gohmqpvtliqcvxerzehl.supabase.co\/storage\/v1\/object\/public\/images\/7f5t68b7_croissance-du-marche-et-resultats-dentreprises.jpg\",\"https:\/\/gohmqpvtliqcvxerzehl.supabase.co\/storage\/v1\/object\/public\/images\/n6glcakj_equilibre-precaire-du-petrole-brent.jpg\"]}]<\/script><\/p>\n","protected":false},"excerpt":{"rendered":"<p>Ce qu&rsquo;il faut retenir : la r\u00e9silience des march\u00e9s financiers repose sur la solidit\u00e9 des r\u00e9sultats d&rsquo;entreprises, malgr\u00e9 les doutes pesant sur le secteur de l&rsquo;intelligence artificielle. Cette dynamique favorise une gestion de patrimoine proactive, notamment par l&rsquo;optimisation fiscale via le rachat du 2\u00e8me pilier en Suisse. Tesla surprend avec un b\u00e9n\u00e9fice par action de [&hellip;]<\/p>\n","protected":false},"author":1,"featured_media":6436,"comment_status":"open","ping_status":"open","sticky":false,"template":"","format":"standard","meta":{"footnotes":""},"categories":[9],"tags":[],"class_list":["post-6435","post","type-post","status-publish","format-standard","has-post-thumbnail","hentry","category-investissements"],"yoast_head":"<!-- This site is optimized with the Yoast SEO plugin v27.5 - https:\/\/yoast.com\/product\/yoast-seo-wordpress\/ -->\n<title>Analyse march\u00e9s financiers : r\u00e9silience et fiscalit\u00e9 | Conseiller financier Gen&egrave;ve<\/title>\n<meta name=\"robots\" content=\"index, follow, max-snippet:-1, max-image-preview:large, max-video-preview:-1\" \/>\n<link rel=\"canonical\" href=\"https:\/\/conseillerfinanciergeneve.ch\/en\/marches-rachat-lpp\/\" \/>\n<meta property=\"og:locale\" content=\"en_US\" \/>\n<meta property=\"og:type\" content=\"article\" \/>\n<meta property=\"og:title\" content=\"Analyse march\u00e9s financiers : r\u00e9silience et fiscalit\u00e9 | Conseiller financier Gen&egrave;ve\" \/>\n<meta property=\"og:description\" content=\"Ce qu&rsquo;il faut retenir : la r\u00e9silience des march\u00e9s financiers repose sur la solidit\u00e9 des r\u00e9sultats d&rsquo;entreprises, malgr\u00e9 les doutes pesant sur le secteur de l&rsquo;intelligence artificielle. Cette dynamique favorise une gestion de patrimoine proactive, notamment par l&rsquo;optimisation fiscale via le rachat du 2\u00e8me pilier en Suisse. Tesla surprend avec un b\u00e9n\u00e9fice par action de [&hellip;]\" \/>\n<meta property=\"og:url\" content=\"https:\/\/conseillerfinanciergeneve.ch\/en\/marches-rachat-lpp\/\" \/>\n<meta property=\"og:site_name\" content=\"Conseiller financier Gen&egrave;ve\" \/>\n<meta property=\"article:published_time\" content=\"2026-04-29T00:26:23+00:00\" \/>\n<meta property=\"article:modified_time\" content=\"2026-04-29T00:26:47+00:00\" \/>\n<meta property=\"og:image\" content=\"https:\/\/conseillerfinanciergeneve.ch\/wp-content\/uploads\/2026\/04\/analyse-financiere-et-planification-depargne.jpg\" \/>\n\t<meta property=\"og:image:width\" content=\"1376\" \/>\n\t<meta property=\"og:image:height\" content=\"768\" \/>\n\t<meta property=\"og:image:type\" content=\"image\/jpeg\" \/>\n<meta name=\"author\" content=\"administrateur\" \/>\n<meta name=\"twitter:card\" content=\"summary_large_image\" \/>\n<meta name=\"twitter:label1\" content=\"Written by\" \/>\n\t<meta name=\"twitter:data1\" content=\"administrateur\" \/>\n\t<meta name=\"twitter:label2\" content=\"Est. reading time\" \/>\n\t<meta name=\"twitter:data2\" content=\"7 minutes\" \/>\n<script type=\"application\/ld+json\" class=\"yoast-schema-graph\">{\"@context\":\"https:\\\/\\\/schema.org\",\"@graph\":[{\"@type\":\"Article\",\"@id\":\"https:\\\/\\\/conseillerfinanciergeneve.ch\\\/marches-rachat-lpp\\\/#article\",\"isPartOf\":{\"@id\":\"https:\\\/\\\/conseillerfinanciergeneve.ch\\\/marches-rachat-lpp\\\/\"},\"author\":{\"name\":\"administrateur\",\"@id\":\"https:\\\/\\\/conseillerfinanciergeneve.ch\\\/#\\\/schema\\\/person\\\/fe24fe6787fe0cb362b7de00dd996498\"},\"headline\":\"Analyse march\u00e9s financiers : r\u00e9silience et fiscalit\u00e9\",\"datePublished\":\"2026-04-29T00:26:23+00:00\",\"dateModified\":\"2026-04-29T00:26:47+00:00\",\"mainEntityOfPage\":{\"@id\":\"https:\\\/\\\/conseillerfinanciergeneve.ch\\\/marches-rachat-lpp\\\/\"},\"wordCount\":1361,\"commentCount\":0,\"publisher\":{\"@id\":\"https:\\\/\\\/conseillerfinanciergeneve.ch\\\/#organization\"},\"image\":{\"@id\":\"https:\\\/\\\/conseillerfinanciergeneve.ch\\\/marches-rachat-lpp\\\/#primaryimage\"},\"thumbnailUrl\":\"https:\\\/\\\/conseillerfinanciergeneve.ch\\\/wp-content\\\/uploads\\\/2026\\\/04\\\/analyse-financiere-et-planification-depargne.jpg\",\"articleSection\":[\"Investissements\"],\"inLanguage\":\"en-US\",\"potentialAction\":[{\"@type\":\"CommentAction\",\"name\":\"Comment\",\"target\":[\"https:\\\/\\\/conseillerfinanciergeneve.ch\\\/marches-rachat-lpp\\\/#respond\"]}]},{\"@type\":\"WebPage\",\"@id\":\"https:\\\/\\\/conseillerfinanciergeneve.ch\\\/marches-rachat-lpp\\\/\",\"url\":\"https:\\\/\\\/conseillerfinanciergeneve.ch\\\/marches-rachat-lpp\\\/\",\"name\":\"Analyse march\u00e9s financiers : r\u00e9silience et fiscalit\u00e9 | Conseiller financier Gen&egrave;ve\",\"isPartOf\":{\"@id\":\"https:\\\/\\\/conseillerfinanciergeneve.ch\\\/#website\"},\"primaryImageOfPage\":{\"@id\":\"https:\\\/\\\/conseillerfinanciergeneve.ch\\\/marches-rachat-lpp\\\/#primaryimage\"},\"image\":{\"@id\":\"https:\\\/\\\/conseillerfinanciergeneve.ch\\\/marches-rachat-lpp\\\/#primaryimage\"},\"thumbnailUrl\":\"https:\\\/\\\/conseillerfinanciergeneve.ch\\\/wp-content\\\/uploads\\\/2026\\\/04\\\/analyse-financiere-et-planification-depargne.jpg\",\"datePublished\":\"2026-04-29T00:26:23+00:00\",\"dateModified\":\"2026-04-29T00:26:47+00:00\",\"breadcrumb\":{\"@id\":\"https:\\\/\\\/conseillerfinanciergeneve.ch\\\/marches-rachat-lpp\\\/#breadcrumb\"},\"inLanguage\":\"en-US\",\"potentialAction\":[{\"@type\":\"ReadAction\",\"target\":[\"https:\\\/\\\/conseillerfinanciergeneve.ch\\\/marches-rachat-lpp\\\/\"]}]},{\"@type\":\"ImageObject\",\"inLanguage\":\"en-US\",\"@id\":\"https:\\\/\\\/conseillerfinanciergeneve.ch\\\/marches-rachat-lpp\\\/#primaryimage\",\"url\":\"https:\\\/\\\/conseillerfinanciergeneve.ch\\\/wp-content\\\/uploads\\\/2026\\\/04\\\/analyse-financiere-et-planification-depargne.jpg\",\"contentUrl\":\"https:\\\/\\\/conseillerfinanciergeneve.ch\\\/wp-content\\\/uploads\\\/2026\\\/04\\\/analyse-financiere-et-planification-depargne.jpg\",\"width\":1376,\"height\":768,\"caption\":\"Visualisez l'avenir de vos investissements ! Un expert analyse les march\u00e9s mondiaux avec des technologies de pointe pour optimiser croissance et r\u00e9silience.\"},{\"@type\":\"BreadcrumbList\",\"@id\":\"https:\\\/\\\/conseillerfinanciergeneve.ch\\\/marches-rachat-lpp\\\/#breadcrumb\",\"itemListElement\":[{\"@type\":\"ListItem\",\"position\":1,\"name\":\"Accueil\",\"item\":\"https:\\\/\\\/conseillerfinanciergeneve.ch\\\/\"},{\"@type\":\"ListItem\",\"position\":2,\"name\":\"Investissements\",\"item\":\"https:\\\/\\\/conseillerfinanciergeneve.ch\\\/investissements\\\/\"},{\"@type\":\"ListItem\",\"position\":3,\"name\":\"Analyse march\u00e9s financiers : r\u00e9silience et fiscalit\u00e9\"}]},{\"@type\":\"WebSite\",\"@id\":\"https:\\\/\\\/conseillerfinanciergeneve.ch\\\/#website\",\"url\":\"https:\\\/\\\/conseillerfinanciergeneve.ch\\\/\",\"name\":\"Conseiller financier Gen\u00e8ve\",\"description\":\"\",\"publisher\":{\"@id\":\"https:\\\/\\\/conseillerfinanciergeneve.ch\\\/#organization\"},\"potentialAction\":[{\"@type\":\"SearchAction\",\"target\":{\"@type\":\"EntryPoint\",\"urlTemplate\":\"https:\\\/\\\/conseillerfinanciergeneve.ch\\\/?s={search_term_string}\"},\"query-input\":{\"@type\":\"PropertyValueSpecification\",\"valueRequired\":true,\"valueName\":\"search_term_string\"}}],\"inLanguage\":\"en-US\"},{\"@type\":\"Organization\",\"@id\":\"https:\\\/\\\/conseillerfinanciergeneve.ch\\\/#organization\",\"name\":\"Conseiller financier Gen\u00e8ve\",\"url\":\"https:\\\/\\\/conseillerfinanciergeneve.ch\\\/\",\"logo\":{\"@type\":\"ImageObject\",\"inLanguage\":\"en-US\",\"@id\":\"https:\\\/\\\/conseillerfinanciergeneve.ch\\\/#\\\/schema\\\/logo\\\/image\\\/\",\"url\":\"https:\\\/\\\/conseillerfinanciergeneve.ch\\\/wp-content\\\/uploads\\\/2024\\\/11\\\/cropped-cropped-conseiller-financier-2-2.png\",\"contentUrl\":\"https:\\\/\\\/conseillerfinanciergeneve.ch\\\/wp-content\\\/uploads\\\/2024\\\/11\\\/cropped-cropped-conseiller-financier-2-2.png\",\"width\":499,\"height\":258,\"caption\":\"Conseiller financier Gen\u00e8ve\"},\"image\":{\"@id\":\"https:\\\/\\\/conseillerfinanciergeneve.ch\\\/#\\\/schema\\\/logo\\\/image\\\/\"}},{\"@type\":\"Person\",\"@id\":\"https:\\\/\\\/conseillerfinanciergeneve.ch\\\/#\\\/schema\\\/person\\\/fe24fe6787fe0cb362b7de00dd996498\",\"name\":\"administrateur\",\"image\":{\"@type\":\"ImageObject\",\"inLanguage\":\"en-US\",\"@id\":\"https:\\\/\\\/secure.gravatar.com\\\/avatar\\\/4a8b18800befc1a369b14c97823a8dcd4c383cddeeda04aa2c53e53058caa45e?s=96&d=mm&r=g\",\"url\":\"https:\\\/\\\/secure.gravatar.com\\\/avatar\\\/4a8b18800befc1a369b14c97823a8dcd4c383cddeeda04aa2c53e53058caa45e?s=96&d=mm&r=g\",\"contentUrl\":\"https:\\\/\\\/secure.gravatar.com\\\/avatar\\\/4a8b18800befc1a369b14c97823a8dcd4c383cddeeda04aa2c53e53058caa45e?s=96&d=mm&r=g\",\"caption\":\"administrateur\"},\"sameAs\":[\"https:\\\/\\\/conseillerfinanciergeneve.ch\"],\"url\":\"https:\\\/\\\/conseillerfinanciergeneve.ch\\\/en\\\/author\\\/admin\\\/\"}]}<\/script>\n<!-- \/ Yoast SEO plugin. -->","yoast_head_json":{"title":"Analyse march\u00e9s financiers : r\u00e9silience et fiscalit\u00e9 | Conseiller financier Gen&egrave;ve","robots":{"index":"index","follow":"follow","max-snippet":"max-snippet:-1","max-image-preview":"max-image-preview:large","max-video-preview":"max-video-preview:-1"},"canonical":"https:\/\/conseillerfinanciergeneve.ch\/en\/marches-rachat-lpp\/","og_locale":"en_US","og_type":"article","og_title":"Analyse march\u00e9s financiers : r\u00e9silience et fiscalit\u00e9 | Conseiller financier Gen&egrave;ve","og_description":"Ce qu&rsquo;il faut retenir : la r\u00e9silience des march\u00e9s financiers repose sur la solidit\u00e9 des r\u00e9sultats d&rsquo;entreprises, malgr\u00e9 les doutes pesant sur le secteur de l&rsquo;intelligence artificielle. Cette dynamique favorise une gestion de patrimoine proactive, notamment par l&rsquo;optimisation fiscale via le rachat du 2\u00e8me pilier en Suisse. Tesla surprend avec un b\u00e9n\u00e9fice par action de [&hellip;]","og_url":"https:\/\/conseillerfinanciergeneve.ch\/en\/marches-rachat-lpp\/","og_site_name":"Conseiller financier Gen&egrave;ve","article_published_time":"2026-04-29T00:26:23+00:00","article_modified_time":"2026-04-29T00:26:47+00:00","og_image":[{"width":1376,"height":768,"url":"https:\/\/conseillerfinanciergeneve.ch\/wp-content\/uploads\/2026\/04\/analyse-financiere-et-planification-depargne.jpg","type":"image\/jpeg"}],"author":"administrateur","twitter_card":"summary_large_image","twitter_misc":{"Written by":"administrateur","Est. reading time":"7 minutes"},"schema":{"@context":"https:\/\/schema.org","@graph":[{"@type":"Article","@id":"https:\/\/conseillerfinanciergeneve.ch\/marches-rachat-lpp\/#article","isPartOf":{"@id":"https:\/\/conseillerfinanciergeneve.ch\/marches-rachat-lpp\/"},"author":{"name":"administrateur","@id":"https:\/\/conseillerfinanciergeneve.ch\/#\/schema\/person\/fe24fe6787fe0cb362b7de00dd996498"},"headline":"Analyse march\u00e9s financiers : r\u00e9silience et fiscalit\u00e9","datePublished":"2026-04-29T00:26:23+00:00","dateModified":"2026-04-29T00:26:47+00:00","mainEntityOfPage":{"@id":"https:\/\/conseillerfinanciergeneve.ch\/marches-rachat-lpp\/"},"wordCount":1361,"commentCount":0,"publisher":{"@id":"https:\/\/conseillerfinanciergeneve.ch\/#organization"},"image":{"@id":"https:\/\/conseillerfinanciergeneve.ch\/marches-rachat-lpp\/#primaryimage"},"thumbnailUrl":"https:\/\/conseillerfinanciergeneve.ch\/wp-content\/uploads\/2026\/04\/analyse-financiere-et-planification-depargne.jpg","articleSection":["Investissements"],"inLanguage":"en-US","potentialAction":[{"@type":"CommentAction","name":"Comment","target":["https:\/\/conseillerfinanciergeneve.ch\/marches-rachat-lpp\/#respond"]}]},{"@type":"WebPage","@id":"https:\/\/conseillerfinanciergeneve.ch\/marches-rachat-lpp\/","url":"https:\/\/conseillerfinanciergeneve.ch\/marches-rachat-lpp\/","name":"Analyse march\u00e9s financiers : r\u00e9silience et fiscalit\u00e9 | Conseiller financier Gen&egrave;ve","isPartOf":{"@id":"https:\/\/conseillerfinanciergeneve.ch\/#website"},"primaryImageOfPage":{"@id":"https:\/\/conseillerfinanciergeneve.ch\/marches-rachat-lpp\/#primaryimage"},"image":{"@id":"https:\/\/conseillerfinanciergeneve.ch\/marches-rachat-lpp\/#primaryimage"},"thumbnailUrl":"https:\/\/conseillerfinanciergeneve.ch\/wp-content\/uploads\/2026\/04\/analyse-financiere-et-planification-depargne.jpg","datePublished":"2026-04-29T00:26:23+00:00","dateModified":"2026-04-29T00:26:47+00:00","breadcrumb":{"@id":"https:\/\/conseillerfinanciergeneve.ch\/marches-rachat-lpp\/#breadcrumb"},"inLanguage":"en-US","potentialAction":[{"@type":"ReadAction","target":["https:\/\/conseillerfinanciergeneve.ch\/marches-rachat-lpp\/"]}]},{"@type":"ImageObject","inLanguage":"en-US","@id":"https:\/\/conseillerfinanciergeneve.ch\/marches-rachat-lpp\/#primaryimage","url":"https:\/\/conseillerfinanciergeneve.ch\/wp-content\/uploads\/2026\/04\/analyse-financiere-et-planification-depargne.jpg","contentUrl":"https:\/\/conseillerfinanciergeneve.ch\/wp-content\/uploads\/2026\/04\/analyse-financiere-et-planification-depargne.jpg","width":1376,"height":768,"caption":"Visualisez l'avenir de vos investissements ! Un expert analyse les march\u00e9s mondiaux avec des technologies de pointe pour optimiser croissance et r\u00e9silience."},{"@type":"BreadcrumbList","@id":"https:\/\/conseillerfinanciergeneve.ch\/marches-rachat-lpp\/#breadcrumb","itemListElement":[{"@type":"ListItem","position":1,"name":"Accueil","item":"https:\/\/conseillerfinanciergeneve.ch\/"},{"@type":"ListItem","position":2,"name":"Investissements","item":"https:\/\/conseillerfinanciergeneve.ch\/investissements\/"},{"@type":"ListItem","position":3,"name":"Analyse march\u00e9s financiers : r\u00e9silience et fiscalit\u00e9"}]},{"@type":"WebSite","@id":"https:\/\/conseillerfinanciergeneve.ch\/#website","url":"https:\/\/conseillerfinanciergeneve.ch\/","name":"Financial advisor Geneva","description":"","publisher":{"@id":"https:\/\/conseillerfinanciergeneve.ch\/#organization"},"potentialAction":[{"@type":"SearchAction","target":{"@type":"EntryPoint","urlTemplate":"https:\/\/conseillerfinanciergeneve.ch\/?s={search_term_string}"},"query-input":{"@type":"PropertyValueSpecification","valueRequired":true,"valueName":"search_term_string"}}],"inLanguage":"en-US"},{"@type":"Organization","@id":"https:\/\/conseillerfinanciergeneve.ch\/#organization","name":"Financial advisor Geneva","url":"https:\/\/conseillerfinanciergeneve.ch\/","logo":{"@type":"ImageObject","inLanguage":"en-US","@id":"https:\/\/conseillerfinanciergeneve.ch\/#\/schema\/logo\/image\/","url":"https:\/\/conseillerfinanciergeneve.ch\/wp-content\/uploads\/2024\/11\/cropped-cropped-conseiller-financier-2-2.png","contentUrl":"https:\/\/conseillerfinanciergeneve.ch\/wp-content\/uploads\/2024\/11\/cropped-cropped-conseiller-financier-2-2.png","width":499,"height":258,"caption":"Conseiller financier Gen\u00e8ve"},"image":{"@id":"https:\/\/conseillerfinanciergeneve.ch\/#\/schema\/logo\/image\/"}},{"@type":"Person","@id":"https:\/\/conseillerfinanciergeneve.ch\/#\/schema\/person\/fe24fe6787fe0cb362b7de00dd996498","name":"administrateur","image":{"@type":"ImageObject","inLanguage":"en-US","@id":"https:\/\/secure.gravatar.com\/avatar\/4a8b18800befc1a369b14c97823a8dcd4c383cddeeda04aa2c53e53058caa45e?s=96&d=mm&r=g","url":"https:\/\/secure.gravatar.com\/avatar\/4a8b18800befc1a369b14c97823a8dcd4c383cddeeda04aa2c53e53058caa45e?s=96&d=mm&r=g","contentUrl":"https:\/\/secure.gravatar.com\/avatar\/4a8b18800befc1a369b14c97823a8dcd4c383cddeeda04aa2c53e53058caa45e?s=96&d=mm&r=g","caption":"administrateur"},"sameAs":["https:\/\/conseillerfinanciergeneve.ch"],"url":"https:\/\/conseillerfinanciergeneve.ch\/en\/author\/admin\/"}]}},"_links":{"self":[{"href":"https:\/\/conseillerfinanciergeneve.ch\/en\/wp-json\/wp\/v2\/posts\/6435","targetHints":{"allow":["GET"]}}],"collection":[{"href":"https:\/\/conseillerfinanciergeneve.ch\/en\/wp-json\/wp\/v2\/posts"}],"about":[{"href":"https:\/\/conseillerfinanciergeneve.ch\/en\/wp-json\/wp\/v2\/types\/post"}],"author":[{"embeddable":true,"href":"https:\/\/conseillerfinanciergeneve.ch\/en\/wp-json\/wp\/v2\/users\/1"}],"replies":[{"embeddable":true,"href":"https:\/\/conseillerfinanciergeneve.ch\/en\/wp-json\/wp\/v2\/comments?post=6435"}],"version-history":[{"count":2,"href":"https:\/\/conseillerfinanciergeneve.ch\/en\/wp-json\/wp\/v2\/posts\/6435\/revisions"}],"predecessor-version":[{"id":6440,"href":"https:\/\/conseillerfinanciergeneve.ch\/en\/wp-json\/wp\/v2\/posts\/6435\/revisions\/6440"}],"wp:featuredmedia":[{"embeddable":true,"href":"https:\/\/conseillerfinanciergeneve.ch\/en\/wp-json\/wp\/v2\/media\/6436"}],"wp:attachment":[{"href":"https:\/\/conseillerfinanciergeneve.ch\/en\/wp-json\/wp\/v2\/media?parent=6435"}],"wp:term":[{"taxonomy":"category","embeddable":true,"href":"https:\/\/conseillerfinanciergeneve.ch\/en\/wp-json\/wp\/v2\/categories?post=6435"},{"taxonomy":"post_tag","embeddable":true,"href":"https:\/\/conseillerfinanciergeneve.ch\/en\/wp-json\/wp\/v2\/tags?post=6435"}],"curies":[{"name":"wp","href":"https:\/\/api.w.org\/{rel}","templated":true}]}}