{"id":6658,"date":"2026-09-01T02:29:12","date_gmt":"2026-09-01T00:29:12","guid":{"rendered":"https:\/\/conseillerfinanciergeneve.ch\/retraite-frontaliers-suisse-guide-complet\/"},"modified":"2026-09-01T02:29:19","modified_gmt":"2026-09-01T00:29:19","slug":"retraite-frontaliers-suisse-guide-complet","status":"publish","type":"post","link":"https:\/\/conseillerfinanciergeneve.ch\/en\/retraite-frontaliers-suisse-guide-complet\/","title":{"rendered":"Retraite frontalier suisse : optimisez votre pr\u00e9voyance"},"content":{"rendered":"<p style='padding: 24px; background: lightblue;'>L&rsquo;essentiel \u00e0 retenir : <strong>la retraite du frontalier repose sur la coordination rigoureuse<\/strong> des trois piliers suisses et du syst\u00e8me fran\u00e7ais. Pour <strong>maximiser vos revenus<\/strong>, privil\u00e9giez le rachat d&rsquo;ann\u00e9es LPP sous statut de quasi-r\u00e9sident et anticipez l&rsquo;arbitrage LAMal\/CMU six mois avant le d\u00e9part. Une carri\u00e8re compl\u00e8te garantit une rente AVS maximale de 2 520 CHF par mois d\u00e8s 2025.<\/p>\n<p>Pour une carri\u00e8re compl\u00e8te de 44 ans en Suisse, <strong>la rente maximale de l&rsquo;AVS atteint 2 520 CHF par mois<\/strong>, mais chaque ann\u00e9e de cotisation manquante r\u00e9duit ce montant de 2,3 % de mani\u00e8re irr\u00e9versible.<\/p>\n<p>Pourtant, de nombreux frontaliers voient leur pouvoir d&rsquo;achat s&rsquo;effriter au moment du d\u00e9part faute d&rsquo;avoir anticip\u00e9 la coordination de leurs droits ou l&rsquo;impact fiscal de leur deuxi\u00e8me pilier. Nous allons d\u00e9tailler les leviers d&rsquo;optimisation et les d\u00e9marches administratives n\u00e9cessaires pour <strong>s\u00e9curiser votre avenir financier<\/strong> entre la France et la Suisse.<\/p>\n<ol>\n<li><a href=\"#le-systeme-des-trois-piliers-pour-la-retraite-du-frontalier-suisse\">Le syst\u00e8me des trois piliers pour la retraite du frontalier suisse<\/a><\/li>\n<li><a href=\"#coordination-des-droits-pour-une-carriere-mixte-franco-suisse\">Coordination des droits pour une carriere mixte franco-suisse<\/a><\/li>\n<li><a href=\"#strategies-valorisation-revenus-prevoyance\">Strat\u00e9gies pour valoriser vos revenus de pr\u00e9voyance<\/a><\/li>\n<li><a href=\"#fiscalite-choix-couverture-sante-depart\">Fiscalit\u00e9 et choix de couverture sant\u00e9 \u00e0 l&rsquo;heure du d\u00e9part<\/a><\/li>\n<\/ol>\n<h2 id=\"le-systeme-des-trois-piliers-pour-la-retraite-du-frontalier-suisse\">Le syst\u00e8me des trois piliers pour la retraite du frontalier suisse<\/h2>\n<p>La retraite suisse repose sur l&rsquo;AVS (1er pilier), la LPP (2e pilier) et l&rsquo;\u00e9pargne priv\u00e9e (3e pilier). Le montant d\u00e9pend de la dur\u00e9e de cotisation (44 ans pour une rente compl\u00e8te) et du capital accumul\u00e9, des \u00e9l\u00e9ments d\u00e9terminants pour le <strong>calcul de la future pension AVS<\/strong>.<\/p>\n<p>Avant d&rsquo;analyser votre capitalisation, examinons comment <strong>votre socle de base se construit<\/strong> durant votre carri\u00e8re.<\/p>\n<h3>Le fonctionnement de la rente AVS de base<\/h3>\n<p>Votre rente d\u00e9pend du revenu annuel moyen et des ann\u00e9es de cotisation. Une ann\u00e9e manquante r\u00e9duit la prestation de 1\/44\u00e8me. Envisagez une <a href=\"https:\/\/conseillerfinanciergeneve.ch\/optimiser-rente-avs\/\"><strong>optimisation de votre rente AVS pour une retraite maximale<\/strong><\/a> afin de s\u00e9curiser vos droits futurs.<\/p>\n<p>La r\u00e9forme AVS 21 harmonise l&rsquo;\u00e2ge de d\u00e9part \u00e0 65 ans. <strong>La 13e rente, vot\u00e9e r\u00e9cemment, soutiendra votre pouvoir d&rsquo;achat<\/strong>. C&rsquo;est un gain notable pour les retrait\u00e9s.<\/p>\n<p>Une carri\u00e8re incompl\u00e8te peut s&rsquo;av\u00e9rer d\u00e9cevante. Surveillez vos relev\u00e9s de compte individuels pour \u00e9viter toute <strong>lacune impr\u00e9vue<\/strong>.<\/p>\n<p>Pourtant, le premier pilier ne suffit pas ; votre confort d\u00e9pendra surtout de <strong>l&rsquo;\u00e9pargne accumul\u00e9e professionnellement<\/strong>.<\/p>\n<h3>La capitalisation via le deuxi\u00e8me pilier LPP<\/h3>\n<p>Le capital cro\u00eet via les cotisations paritaires. Le taux de conversion transforme ensuite ce stock en rente annuelle viag\u00e8re.<\/p>\n<p>Le capital offre une libert\u00e9 totale, alors que la rente garantit un revenu. Consultez ce guide sur le <a href=\"https:\/\/conseillerfinanciergeneve.ch\/2e-pilier-frontalier-suisse\/\">2e pilier frontalier : optimisation retraite 2025<\/a> pour <strong>arbitrer sereinement<\/strong>.<\/p>\n<p>N&rsquo;ignorez pas vos <strong>avoirs oubli\u00e9s sur des comptes de libre-passage<\/strong>. Contactez la Centrale du 2\u00e8me pilier pour les r\u00e9cup\u00e9rer promptement.<\/p>\n<ul>\n<li><strong>Avantages du retrait en capital<\/strong><\/li>\n<li><strong>S\u00e9curit\u00e9 de la rente<\/strong> viag\u00e8re<\/li>\n<li><strong>Flexibilit\u00e9 du libre-passage<\/strong><\/li>\n<\/ul>\n<p><img decoding=\"async\" src=\"https:\/\/conseillerfinanciergeneve.ch\/wp-content\/uploads\/2026\/09\/systeme-des-3-piliers-retraite-frontalier-suisse.jpg\" alt=\"Sch\u00e9ma explicatif du syst\u00e8me des trois piliers de la retraite suisse pour les frontaliers\"><\/p>\n<p>Pour affiner votre strat\u00e9gie, contactez un conseiller financier Gen\u00e8ve afin de r\u00e9aliser un bilan patrimonial complet.<\/p>\n<h2 id=\"coordination-des-droits-pour-une-carriere-mixte-franco-suisse\">Coordination des droits pour une carriere mixte franco-suisse<\/h2>\n<p>Mais avoir cotis\u00e9 dans deux pays demande une gymnastique administrative pr\u00e9cise pour <strong>ne perdre aucun droit acquis<\/strong> durant votre parcours professionnel.<\/p>\n<h3>Impact des p\u00e9riodes travaill\u00e9es sur le calcul europ\u00e9en<\/h3>\n<p>Le syst\u00e8me repose sur le principe du prorata. Chaque pays finance votre pension proportionnellement au temps de cotisation effectu\u00e9 sur son sol. Les r\u00e8glements europ\u00e9ens s\u00e9curisent vos acquis. <a href=\"https:\/\/conseillerfinanciergeneve.ch\/calcul-rente-avs-lpp\/\">Calcul de Rente AVS et LPP : Estimez votre retraite &#8230;<\/a>.<\/p>\n<p>La validation des trimestres est automatique. Vos ann\u00e9es en Suisse servent \u00e0 atteindre le taux plein en France. Cela <strong>prot\u00e8ge votre pension fran\u00e7aise contre toute d\u00e9cote injustifi\u00e9e<\/strong>.<\/p>\n<p>Vos droits sont maintenus. Les accords bilat\u00e9raux s\u00e9curisent votre <strong>future pension mixte<\/strong>.<\/p>\n<p><img decoding=\"async\" src=\"https:\/\/conseillerfinanciergeneve.ch\/wp-content\/uploads\/2026\/09\/carriere-mixte-franco-suisse-droits-et-demarches.jpg\" alt=\"Illustration de la coordination des retraites pour les frontaliers franco-suisses\"><\/p>\n<h3>Formalit\u00e9s de demande aupr\u00e8s des caisses comp\u00e9tentes<\/h3>\n<p>Identifiez bien les organismes concern\u00e9s. D\u00e9posez votre dossier complet aupr\u00e8s de la caisse de votre domicile actuel. <strong>Elle coordonnera les \u00e9changes<\/strong> avec la structure helv\u00e9tique correspondante.<\/p>\n<p>Respectez scrupuleusement les d\u00e9lais. <strong>Anticipez vos d\u00e9marches six mois avant le d\u00e9part<\/strong>. Les dossiers transfrontaliers requi\u00e8rent souvent des v\u00e9rifications administratives plus longues.<\/p>\n<p>Rassemblez vos <strong>documents indispensables<\/strong>. Pr\u00e9parez vos certificats de travail et vos relev\u00e9s de compte individuels. Une pi\u00e8ce d&rsquo;identit\u00e9 en cours de validit\u00e9 demeure exig\u00e9e.<\/p>\n<ul>\n<li><strong>CARSAT en France<\/strong><\/li>\n<li><strong>Caisse Suisse de Compensation<\/strong> \u00e0 Gen\u00e8ve<\/li>\n<li><strong>Relev\u00e9s de carri\u00e8re individuels<\/strong><\/li>\n<\/ul>\n<p>Ce document aborde la <strong>planification de la retraite<\/strong> pour les travailleurs frontaliers en Suisse, en d\u00e9taillant les sp\u00e9cificit\u00e9s de l&rsquo;AVS, de la LPP, du 3e pilier et de la fiscalit\u00e9, ainsi que les d\u00e9marches pour optimiser cette p\u00e9riode cruciale. Pour s\u00e9curiser votre avenir, sollicitez d\u00e8s maintenant un conseiller financier Gen\u00e8ve.<\/p>\n<h2 id=\"strategies-valorisation-revenus-prevoyance\">Strat\u00e9gies pour valoriser vos revenus de pr\u00e9voyance<\/h2>\n<p>Alors, pour ne pas subir votre fin de carri\u00e8re, il existe des leviers concrets pour <strong>doper vos futures rentes<\/strong>.<\/p>\n<h3>Avantages fiscaux et financiers du rachat d&rsquo;ann\u00e9es LPP<\/h3>\n<p>Le rachat d&rsquo;ann\u00e9es <strong>augmente votre rente<\/strong>. C&rsquo;est un investissement rentable sur le long terme. Les lacunes de cotisation sont ainsi combl\u00e9es. Vous s\u00e9curisez votre avenir sereinement.<\/p>\n<p>Exploitons la d\u00e9ductibilit\u00e9 fiscale. Les quasi-r\u00e9sidents d\u00e9duisent ces montants de leur revenu imposable. C&rsquo;est un avantage majeur pour les gros salaires. <strong>Votre fiscalit\u00e9 s&rsquo;en trouve all\u00e9g\u00e9e<\/strong>.<\/p>\n<p>Prenez rendez-vous avec un conseiller financier Gen\u00e8ve. Un bilan patrimonial validera votre strat\u00e9gie. C&rsquo;est l&rsquo;\u00e9tape indispensable.<\/p>\n<h3>S\u00e9lection du troisi\u00e8me pilier adapt\u00e9 au statut de frontalier<\/h3>\n<p>Diff\u00e9renciez le 3a et le 3b. Le 3a est li\u00e9 et <strong>fiscalement avantageux sous conditions<\/strong>. Le 3b reste libre et plus souple. <a href=\"https:\/\/conseillerfinanciergeneve.ch\/3eme-pilier\/\">3\u00e8me pilier : Optimisez votre retraite, Solutions sur mesure<\/a>.<\/p>\n<p>Comparez avec les produits fran\u00e7ais. Le PER ou l&rsquo;assurance vie sont <strong>des alternatives solides<\/strong>. Tout d\u00e9pend de votre r\u00e9sidence fiscale future. <a href=\"https:\/\/conseillerfinanciergeneve.ch\/per-3e-pilier-retraite\/\">Optimiser sa retraite en 2026 : PER ou 3\u00e8me pilier<\/a>.<\/p>\n<p>Soulignez l&rsquo;importance de l&rsquo;\u00e9pargne. Les piliers obligatoires ne suffisent plus. Il faut <strong>compenser la baisse in\u00e9vitable<\/strong> du niveau de vie. Anticiper est votre meilleure arme.<\/p>\n<h2 id=\"fiscalite-choix-couverture-sante-depart\">Fiscalit\u00e9 et choix de couverture sant\u00e9 \u00e0 l&rsquo;heure du d\u00e9part<\/h2>\n<p>Pourtant, tous ces efforts de capitalisation pourraient \u00eatre rogn\u00e9s par une <strong>fiscalit\u00e9 mal anticip\u00e9e ou des frais de sant\u00e9 mal ma\u00eetris\u00e9s<\/strong>.<\/p>\n<h3>Traitement fiscal des prestations suisses per\u00e7ues en France<\/h3>\n<p>Vos rentes sont imposables en France apr\u00e8s abattement. Le capital subit un <strong>pr\u00e9l\u00e8vement sp\u00e9cifique<\/strong>. Lisez cette analyse : <a href=\"https:\/\/conseillerfinanciergeneve.ch\/impots-retraite-suisse\/\">Fiscalit\u00e9 retraite suisse | fin du plafonnement 2026<\/a>.<\/p>\n<p>Le pr\u00e9l\u00e8vement lib\u00e9ratoire est une option pour le capital. <strong>Le taux est fixe sous conditions<\/strong>. V\u00e9rifiez votre \u00e9ligibilit\u00e9 selon la convention fiscale.<\/p>\n<p>Sollicitez une expertise pointue. Un bilan complet \u00e9vite les surprises.<\/p>\n<h3>Impact du choix d&rsquo;assurance maladie sur votre budget<\/h3>\n<p>Comparez LAMal et CMU. <strong>La premi\u00e8re offre un tarif fixe. La seconde d\u00e9pend de votre revenu.<\/strong> Voir le <a href=\"https:\/\/conseillerfinanciergeneve.ch\/assurance-frontalier\/\">Droit d&rsquo;option frontalier 2026 | Guide LAMal ou CMU<\/a>.<\/p>\n<p>Votre statut change radicalement \u00e0 la retraite. Ce choix initial <strong>impacte votre budget<\/strong> pour des d\u00e9cennies. Anticipez cette transition d\u00e8s maintenant.<\/p>\n<p>Une simulation pr\u00e9cise est imp\u00e9rative. Le reste \u00e0 vivre est l&rsquo;indicateur majeur. Ne n\u00e9gligez pas le co\u00fbt des mutuelles.<\/p>\n<div style=\"overflow:auto;max-width:100%\">\n<table>\n<thead>\n<tr>\n<th>Crit\u00e8re<\/th>\n<th>Option LAMal<\/th>\n<th>Option CMU<\/th>\n<th>Verdict retrait\u00e9<\/th>\n<\/tr>\n<\/thead>\n<tbody>\n<tr>\n<td>Co\u00fbt mensuel<\/td>\n<td>Forfait fixe<\/td>\n<td>Variable<\/td>\n<td>Selon revenus<\/td>\n<\/tr>\n<tr>\n<td>Calcul prime<\/td>\n<td>Forfaitaire<\/td>\n<td>8% revenus<\/td>\n<td>LAMal si hauts revenus<\/td>\n<\/tr>\n<tr>\n<td>Soins Suisse<\/td>\n<td>\u2705 Oui<\/td>\n<td>\u274c Non<\/td>\n<td>Avantage LAMal<\/td>\n<\/tr>\n<tr>\n<td>Soins France<\/td>\n<td>\u2705 Oui<\/td>\n<td>\u2705 Oui<\/td>\n<td>\u00c9quivalent<\/td>\n<\/tr>\n<tr>\n<td>Revenus \u00e9lev\u00e9s<\/td>\n<td>Neutre<\/td>\n<td>\u00c9lev\u00e9<\/td>\n<td>LAMal conseill\u00e9e<\/td>\n<\/tr>\n<tr>\n<td>Recommandation<\/td>\n<td>Libert\u00e9 soins<\/td>\n<td>\u00c9conomie<\/td>\n<td>Bilan n\u00e9cessaire<\/td>\n<\/tr>\n<\/tbody>\n<\/table>\n<\/div>\n<p>Prenez rendez-vous avec un conseiller financier Gen\u00e8ve pour un <strong>bilan patrimonial complet et optimiser votre future fiscalit\u00e9<\/strong>.<\/p>\n<p>S\u00e9curisez votre avenir en coordonnant l&rsquo;AVS, le 2e pilier et une \u00e9pargne priv\u00e9e adapt\u00e9e. Anticipez d\u00e8s maintenant vos rachats LPP et votre choix d&rsquo;assurance maladie pour maximiser votre pouvoir d&rsquo;achat. Une planification rigoureuse de votre retraite frontalier suisse garantit une transition sereine vers une libert\u00e9 financi\u00e8re durablement pr\u00e9serv\u00e9e.<\/p>\n<p><script type=\"application\/ld+json\">{\"@context\":\"https:\/\/schema.org\",\"@type\":\"Article\",\"headline\":\"Retraite frontalier suisse : optimisez votre pr\u00e9voyance\",\"description\":\"Ce document aborde la planification de la retraite pour les travailleurs frontaliers en Suisse, en d\u00e9taillant les sp\u00e9cificit\u00e9s de l'AVS, de la LPP, du 3e pilier et de la fiscalit\u00e9, ainsi que les d\u00e9marches pour optimiser cette p\u00e9riode cruciale.\",\"inLanguage\":\"fr\",\"articleBody\":\"L'essentiel \u00e0 retenir : la retraite du frontalier repose sur la coordination rigoureuse des trois piliers suisses et du syst\u00e8me fran\u00e7ais. Pour maximiser vos revenus, privil\u00e9giez le rachat d'ann\u00e9es LPP sous statut de quasi-r\u00e9sident et anticipez l'arbitrage LAMal\/CMU six mois avant le d\u00e9part. Une carri\u00e8re compl\u00e8te garantit une rente AVS maximale de 2 520 CHF par mois d\u00e8s 2025. Pour une carri\u00e8re compl\u00e8te de 44 ans en Suisse, la rente maximale de l'AVS atteint 2 520 CHF par mois, mais chaque ann\u00e9e de cotisation manquante r\u00e9duit ce montant de 2,3 % de mani\u00e8re irr\u00e9versible. Pourtant, de nombreux frontaliers voient leur pouvoir d'achat s'effriter au moment du d\u00e9part faute d'avoir anticip\u00e9 la coordination de leurs droits ou l'impact fiscal de leur deuxi\u00e8me pilier. Nous allons d\u00e9tailler les leviers d'optimisation et les d\u00e9marches administratives n\u00e9cessaires pour s\u00e9curiser votre avenir financier entre la France et la Suisse.\",\"abstract\":\"Guide complet sur la retraite des frontaliers suisses : fonctionnement de l'AVS, capitalisation du 2e pilier (LPP), coordination des droits franco-suisses, optimisation fiscale et choix de l'assurance maladie (LAMal vs CMU).\",\"hasPart\":[{\"@type\":\"Table\",\"about\":\"Comparaison entre l'option LAMal et l'option CMU pour les retrait\u00e9s frontaliers\"}]}<\/script><\/p>\n","protected":false},"excerpt":{"rendered":"<p>L&rsquo;essentiel \u00e0 retenir : la retraite du frontalier repose sur la coordination rigoureuse des trois piliers suisses et du syst\u00e8me fran\u00e7ais. Pour maximiser vos revenus, privil\u00e9giez le rachat d&rsquo;ann\u00e9es LPP sous statut de quasi-r\u00e9sident et anticipez l&rsquo;arbitrage LAMal\/CMU six mois avant le d\u00e9part. Une carri\u00e8re compl\u00e8te garantit une rente AVS maximale de 2 520 CHF [&hellip;]<\/p>\n","protected":false},"author":1,"featured_media":6659,"comment_status":"open","ping_status":"open","sticky":false,"template":"","format":"standard","meta":{"footnotes":""},"categories":[32],"tags":[],"class_list":["post-6658","post","type-post","status-publish","format-standard","has-post-thumbnail","hentry","category-retraite"],"yoast_head":"<!-- This site is optimized with the Yoast SEO plugin v28.3 - https:\/\/yoast.com\/product\/yoast-seo-wordpress\/ -->\n<title>Retraite frontalier suisse : optimisez votre pr\u00e9voyance | Conseiller financier Gen\u00e8ve<\/title>\n<meta name=\"robots\" content=\"index, follow, max-snippet:-1, max-image-preview:large, max-video-preview:-1\" \/>\n<link rel=\"canonical\" href=\"https:\/\/conseillerfinanciergeneve.ch\/en\/retraite-frontaliers-suisse-guide-complet\/\" \/>\n<meta property=\"og:locale\" content=\"en_US\" \/>\n<meta property=\"og:type\" content=\"article\" \/>\n<meta property=\"og:title\" content=\"Retraite frontalier suisse : optimisez votre pr\u00e9voyance | Conseiller financier Gen\u00e8ve\" \/>\n<meta property=\"og:description\" content=\"L&rsquo;essentiel \u00e0 retenir : la retraite du frontalier repose sur la coordination rigoureuse des trois piliers suisses et du syst\u00e8me fran\u00e7ais. Pour maximiser vos revenus, privil\u00e9giez le rachat d&rsquo;ann\u00e9es LPP sous statut de quasi-r\u00e9sident et anticipez l&rsquo;arbitrage LAMal\/CMU six mois avant le d\u00e9part. Une carri\u00e8re compl\u00e8te garantit une rente AVS maximale de 2 520 CHF [&hellip;]\" \/>\n<meta property=\"og:url\" content=\"https:\/\/conseillerfinanciergeneve.ch\/en\/retraite-frontaliers-suisse-guide-complet\/\" \/>\n<meta property=\"og:site_name\" content=\"Conseiller financier Gen\u00e8ve\" \/>\n<meta property=\"article:published_time\" content=\"2026-09-01T00:29:12+00:00\" \/>\n<meta property=\"article:modified_time\" content=\"2026-09-01T00:29:19+00:00\" \/>\n<meta property=\"og:image\" content=\"https:\/\/conseillerfinanciergeneve.ch\/wp-content\/uploads\/2026\/09\/retraite-prospere-en-suisse.jpg\" \/>\n\t<meta property=\"og:image:width\" content=\"1376\" \/>\n\t<meta property=\"og:image:height\" content=\"768\" \/>\n\t<meta property=\"og:image:type\" content=\"image\/jpeg\" \/>\n<meta name=\"author\" content=\"administrateur\" \/>\n<meta name=\"twitter:card\" content=\"summary_large_image\" \/>\n<meta name=\"twitter:label1\" content=\"Written by\" \/>\n\t<meta name=\"twitter:data1\" content=\"administrateur\" \/>\n\t<meta name=\"twitter:label2\" content=\"Est. reading time\" \/>\n\t<meta name=\"twitter:data2\" content=\"7 minutes\" \/>\n<script type=\"application\/ld+json\" class=\"yoast-schema-graph\">{\"@context\":\"https:\\\/\\\/schema.org\",\"@graph\":[{\"@type\":\"Article\",\"@id\":\"https:\\\/\\\/conseillerfinanciergeneve.ch\\\/retraite-frontaliers-suisse-guide-complet\\\/#article\",\"isPartOf\":{\"@id\":\"https:\\\/\\\/conseillerfinanciergeneve.ch\\\/retraite-frontaliers-suisse-guide-complet\\\/\"},\"author\":{\"name\":\"administrateur\",\"@id\":\"https:\\\/\\\/conseillerfinanciergeneve.ch\\\/#\\\/schema\\\/person\\\/fe24fe6787fe0cb362b7de00dd996498\"},\"headline\":\"Retraite frontalier suisse : optimisez votre pr\u00e9voyance\",\"datePublished\":\"2026-09-01T00:29:12+00:00\",\"dateModified\":\"2026-09-01T00:29:19+00:00\",\"mainEntityOfPage\":{\"@id\":\"https:\\\/\\\/conseillerfinanciergeneve.ch\\\/retraite-frontaliers-suisse-guide-complet\\\/\"},\"wordCount\":1370,\"commentCount\":0,\"publisher\":{\"@id\":\"https:\\\/\\\/conseillerfinanciergeneve.ch\\\/#organization\"},\"image\":{\"@id\":\"https:\\\/\\\/conseillerfinanciergeneve.ch\\\/retraite-frontaliers-suisse-guide-complet\\\/#primaryimage\"},\"thumbnailUrl\":\"https:\\\/\\\/conseillerfinanciergeneve.ch\\\/wp-content\\\/uploads\\\/2026\\\/09\\\/retraite-prospere-en-suisse.jpg\",\"articleSection\":[\"Retraite\"],\"inLanguage\":\"en-US\",\"potentialAction\":[{\"@type\":\"CommentAction\",\"name\":\"Comment\",\"target\":[\"https:\\\/\\\/conseillerfinanciergeneve.ch\\\/retraite-frontaliers-suisse-guide-complet\\\/#respond\"]}]},{\"@type\":\"WebPage\",\"@id\":\"https:\\\/\\\/conseillerfinanciergeneve.ch\\\/retraite-frontaliers-suisse-guide-complet\\\/\",\"url\":\"https:\\\/\\\/conseillerfinanciergeneve.ch\\\/retraite-frontaliers-suisse-guide-complet\\\/\",\"name\":\"Retraite frontalier suisse : optimisez votre pr\u00e9voyance | Conseiller financier Gen\u00e8ve\",\"isPartOf\":{\"@id\":\"https:\\\/\\\/conseillerfinanciergeneve.ch\\\/#website\"},\"primaryImageOfPage\":{\"@id\":\"https:\\\/\\\/conseillerfinanciergeneve.ch\\\/retraite-frontaliers-suisse-guide-complet\\\/#primaryimage\"},\"image\":{\"@id\":\"https:\\\/\\\/conseillerfinanciergeneve.ch\\\/retraite-frontaliers-suisse-guide-complet\\\/#primaryimage\"},\"thumbnailUrl\":\"https:\\\/\\\/conseillerfinanciergeneve.ch\\\/wp-content\\\/uploads\\\/2026\\\/09\\\/retraite-prospere-en-suisse.jpg\",\"datePublished\":\"2026-09-01T00:29:12+00:00\",\"dateModified\":\"2026-09-01T00:29:19+00:00\",\"breadcrumb\":{\"@id\":\"https:\\\/\\\/conseillerfinanciergeneve.ch\\\/retraite-frontaliers-suisse-guide-complet\\\/#breadcrumb\"},\"inLanguage\":\"en-US\",\"potentialAction\":[{\"@type\":\"ReadAction\",\"target\":[\"https:\\\/\\\/conseillerfinanciergeneve.ch\\\/retraite-frontaliers-suisse-guide-complet\\\/\"]}]},{\"@type\":\"ImageObject\",\"inLanguage\":\"en-US\",\"@id\":\"https:\\\/\\\/conseillerfinanciergeneve.ch\\\/retraite-frontaliers-suisse-guide-complet\\\/#primaryimage\",\"url\":\"https:\\\/\\\/conseillerfinanciergeneve.ch\\\/wp-content\\\/uploads\\\/2026\\\/09\\\/retraite-prospere-en-suisse.jpg\",\"contentUrl\":\"https:\\\/\\\/conseillerfinanciergeneve.ch\\\/wp-content\\\/uploads\\\/2026\\\/09\\\/retraite-prospere-en-suisse.jpg\",\"width\":1376,\"height\":768,\"caption\":\"Anticipez votre retraite en Suisse avec s\u00e9r\u00e9nit\u00e9 : optimisez vos revenus et assurez votre avenir financier d\u00e8s maintenant.\"},{\"@type\":\"BreadcrumbList\",\"@id\":\"https:\\\/\\\/conseillerfinanciergeneve.ch\\\/retraite-frontaliers-suisse-guide-complet\\\/#breadcrumb\",\"itemListElement\":[{\"@type\":\"ListItem\",\"position\":1,\"name\":\"Accueil\",\"item\":\"https:\\\/\\\/conseillerfinanciergeneve.ch\\\/\"},{\"@type\":\"ListItem\",\"position\":2,\"name\":\"Retraite\",\"item\":\"https:\\\/\\\/conseillerfinanciergeneve.ch\\\/retraite\\\/\"},{\"@type\":\"ListItem\",\"position\":3,\"name\":\"Retraite frontalier suisse : optimisez votre pr\u00e9voyance\"}]},{\"@type\":\"WebSite\",\"@id\":\"https:\\\/\\\/conseillerfinanciergeneve.ch\\\/#website\",\"url\":\"https:\\\/\\\/conseillerfinanciergeneve.ch\\\/\",\"name\":\"Conseiller financier Gen\u00e8ve\",\"description\":\"\",\"publisher\":{\"@id\":\"https:\\\/\\\/conseillerfinanciergeneve.ch\\\/#organization\"},\"potentialAction\":[{\"@type\":\"SearchAction\",\"target\":{\"@type\":\"EntryPoint\",\"urlTemplate\":\"https:\\\/\\\/conseillerfinanciergeneve.ch\\\/?s={search_term_string}\"},\"query-input\":{\"@type\":\"PropertyValueSpecification\",\"valueRequired\":true,\"valueName\":\"search_term_string\"}}],\"inLanguage\":\"en-US\"},{\"@type\":\"Organization\",\"@id\":\"https:\\\/\\\/conseillerfinanciergeneve.ch\\\/#organization\",\"name\":\"Conseiller financier Gen\u00e8ve\",\"url\":\"https:\\\/\\\/conseillerfinanciergeneve.ch\\\/\",\"logo\":{\"@type\":\"ImageObject\",\"inLanguage\":\"en-US\",\"@id\":\"https:\\\/\\\/conseillerfinanciergeneve.ch\\\/#\\\/schema\\\/logo\\\/image\\\/\",\"url\":\"https:\\\/\\\/conseillerfinanciergeneve.ch\\\/wp-content\\\/uploads\\\/2024\\\/11\\\/cropped-cropped-conseiller-financier-2-2.png\",\"contentUrl\":\"https:\\\/\\\/conseillerfinanciergeneve.ch\\\/wp-content\\\/uploads\\\/2024\\\/11\\\/cropped-cropped-conseiller-financier-2-2.png\",\"width\":499,\"height\":258,\"caption\":\"Conseiller financier Gen\u00e8ve\"},\"image\":{\"@id\":\"https:\\\/\\\/conseillerfinanciergeneve.ch\\\/#\\\/schema\\\/logo\\\/image\\\/\"}},{\"@type\":\"Person\",\"@id\":\"https:\\\/\\\/conseillerfinanciergeneve.ch\\\/#\\\/schema\\\/person\\\/fe24fe6787fe0cb362b7de00dd996498\",\"name\":\"administrateur\",\"image\":{\"@type\":\"ImageObject\",\"inLanguage\":\"en-US\",\"@id\":\"https:\\\/\\\/secure.gravatar.com\\\/avatar\\\/4a8b18800befc1a369b14c97823a8dcd4c383cddeeda04aa2c53e53058caa45e?s=96&d=mm&r=g\",\"url\":\"https:\\\/\\\/secure.gravatar.com\\\/avatar\\\/4a8b18800befc1a369b14c97823a8dcd4c383cddeeda04aa2c53e53058caa45e?s=96&d=mm&r=g\",\"contentUrl\":\"https:\\\/\\\/secure.gravatar.com\\\/avatar\\\/4a8b18800befc1a369b14c97823a8dcd4c383cddeeda04aa2c53e53058caa45e?s=96&d=mm&r=g\",\"caption\":\"administrateur\"},\"sameAs\":[\"https:\\\/\\\/conseillerfinanciergeneve.ch\"],\"url\":\"https:\\\/\\\/conseillerfinanciergeneve.ch\\\/en\\\/author\\\/admin\\\/\"}]}<\/script>\n<!-- \/ Yoast SEO plugin. -->","yoast_head_json":{"title":"Retraite frontalier suisse : optimisez votre pr\u00e9voyance | Conseiller financier Gen\u00e8ve","robots":{"index":"index","follow":"follow","max-snippet":"max-snippet:-1","max-image-preview":"max-image-preview:large","max-video-preview":"max-video-preview:-1"},"canonical":"https:\/\/conseillerfinanciergeneve.ch\/en\/retraite-frontaliers-suisse-guide-complet\/","og_locale":"en_US","og_type":"article","og_title":"Retraite frontalier suisse : optimisez votre pr\u00e9voyance | Conseiller financier Gen\u00e8ve","og_description":"L&rsquo;essentiel \u00e0 retenir : la retraite du frontalier repose sur la coordination rigoureuse des trois piliers suisses et du syst\u00e8me fran\u00e7ais. Pour maximiser vos revenus, privil\u00e9giez le rachat d&rsquo;ann\u00e9es LPP sous statut de quasi-r\u00e9sident et anticipez l&rsquo;arbitrage LAMal\/CMU six mois avant le d\u00e9part. Une carri\u00e8re compl\u00e8te garantit une rente AVS maximale de 2 520 CHF [&hellip;]","og_url":"https:\/\/conseillerfinanciergeneve.ch\/en\/retraite-frontaliers-suisse-guide-complet\/","og_site_name":"Conseiller financier Gen\u00e8ve","article_published_time":"2026-09-01T00:29:12+00:00","article_modified_time":"2026-09-01T00:29:19+00:00","og_image":[{"width":1376,"height":768,"url":"https:\/\/conseillerfinanciergeneve.ch\/wp-content\/uploads\/2026\/09\/retraite-prospere-en-suisse.jpg","type":"image\/jpeg"}],"author":"administrateur","twitter_card":"summary_large_image","twitter_misc":{"Written by":"administrateur","Est. reading time":"7 minutes"},"schema":{"@context":"https:\/\/schema.org","@graph":[{"@type":"Article","@id":"https:\/\/conseillerfinanciergeneve.ch\/retraite-frontaliers-suisse-guide-complet\/#article","isPartOf":{"@id":"https:\/\/conseillerfinanciergeneve.ch\/retraite-frontaliers-suisse-guide-complet\/"},"author":{"name":"administrateur","@id":"https:\/\/conseillerfinanciergeneve.ch\/#\/schema\/person\/fe24fe6787fe0cb362b7de00dd996498"},"headline":"Retraite frontalier suisse : optimisez votre pr\u00e9voyance","datePublished":"2026-09-01T00:29:12+00:00","dateModified":"2026-09-01T00:29:19+00:00","mainEntityOfPage":{"@id":"https:\/\/conseillerfinanciergeneve.ch\/retraite-frontaliers-suisse-guide-complet\/"},"wordCount":1370,"commentCount":0,"publisher":{"@id":"https:\/\/conseillerfinanciergeneve.ch\/#organization"},"image":{"@id":"https:\/\/conseillerfinanciergeneve.ch\/retraite-frontaliers-suisse-guide-complet\/#primaryimage"},"thumbnailUrl":"https:\/\/conseillerfinanciergeneve.ch\/wp-content\/uploads\/2026\/09\/retraite-prospere-en-suisse.jpg","articleSection":["Retraite"],"inLanguage":"en-US","potentialAction":[{"@type":"CommentAction","name":"Comment","target":["https:\/\/conseillerfinanciergeneve.ch\/retraite-frontaliers-suisse-guide-complet\/#respond"]}]},{"@type":"WebPage","@id":"https:\/\/conseillerfinanciergeneve.ch\/retraite-frontaliers-suisse-guide-complet\/","url":"https:\/\/conseillerfinanciergeneve.ch\/retraite-frontaliers-suisse-guide-complet\/","name":"Retraite frontalier suisse : optimisez votre pr\u00e9voyance | Conseiller financier Gen\u00e8ve","isPartOf":{"@id":"https:\/\/conseillerfinanciergeneve.ch\/#website"},"primaryImageOfPage":{"@id":"https:\/\/conseillerfinanciergeneve.ch\/retraite-frontaliers-suisse-guide-complet\/#primaryimage"},"image":{"@id":"https:\/\/conseillerfinanciergeneve.ch\/retraite-frontaliers-suisse-guide-complet\/#primaryimage"},"thumbnailUrl":"https:\/\/conseillerfinanciergeneve.ch\/wp-content\/uploads\/2026\/09\/retraite-prospere-en-suisse.jpg","datePublished":"2026-09-01T00:29:12+00:00","dateModified":"2026-09-01T00:29:19+00:00","breadcrumb":{"@id":"https:\/\/conseillerfinanciergeneve.ch\/retraite-frontaliers-suisse-guide-complet\/#breadcrumb"},"inLanguage":"en-US","potentialAction":[{"@type":"ReadAction","target":["https:\/\/conseillerfinanciergeneve.ch\/retraite-frontaliers-suisse-guide-complet\/"]}]},{"@type":"ImageObject","inLanguage":"en-US","@id":"https:\/\/conseillerfinanciergeneve.ch\/retraite-frontaliers-suisse-guide-complet\/#primaryimage","url":"https:\/\/conseillerfinanciergeneve.ch\/wp-content\/uploads\/2026\/09\/retraite-prospere-en-suisse.jpg","contentUrl":"https:\/\/conseillerfinanciergeneve.ch\/wp-content\/uploads\/2026\/09\/retraite-prospere-en-suisse.jpg","width":1376,"height":768,"caption":"Anticipez votre retraite en Suisse avec s\u00e9r\u00e9nit\u00e9 : optimisez vos revenus et assurez votre avenir financier d\u00e8s maintenant."},{"@type":"BreadcrumbList","@id":"https:\/\/conseillerfinanciergeneve.ch\/retraite-frontaliers-suisse-guide-complet\/#breadcrumb","itemListElement":[{"@type":"ListItem","position":1,"name":"Accueil","item":"https:\/\/conseillerfinanciergeneve.ch\/"},{"@type":"ListItem","position":2,"name":"Retraite","item":"https:\/\/conseillerfinanciergeneve.ch\/retraite\/"},{"@type":"ListItem","position":3,"name":"Retraite frontalier suisse : optimisez votre pr\u00e9voyance"}]},{"@type":"WebSite","@id":"https:\/\/conseillerfinanciergeneve.ch\/#website","url":"https:\/\/conseillerfinanciergeneve.ch\/","name":"Financial advisor Geneva","description":"","publisher":{"@id":"https:\/\/conseillerfinanciergeneve.ch\/#organization"},"potentialAction":[{"@type":"SearchAction","target":{"@type":"EntryPoint","urlTemplate":"https:\/\/conseillerfinanciergeneve.ch\/?s={search_term_string}"},"query-input":{"@type":"PropertyValueSpecification","valueRequired":true,"valueName":"search_term_string"}}],"inLanguage":"en-US"},{"@type":"Organization","@id":"https:\/\/conseillerfinanciergeneve.ch\/#organization","name":"Financial advisor Geneva","url":"https:\/\/conseillerfinanciergeneve.ch\/","logo":{"@type":"ImageObject","inLanguage":"en-US","@id":"https:\/\/conseillerfinanciergeneve.ch\/#\/schema\/logo\/image\/","url":"https:\/\/conseillerfinanciergeneve.ch\/wp-content\/uploads\/2024\/11\/cropped-cropped-conseiller-financier-2-2.png","contentUrl":"https:\/\/conseillerfinanciergeneve.ch\/wp-content\/uploads\/2024\/11\/cropped-cropped-conseiller-financier-2-2.png","width":499,"height":258,"caption":"Conseiller financier Gen\u00e8ve"},"image":{"@id":"https:\/\/conseillerfinanciergeneve.ch\/#\/schema\/logo\/image\/"}},{"@type":"Person","@id":"https:\/\/conseillerfinanciergeneve.ch\/#\/schema\/person\/fe24fe6787fe0cb362b7de00dd996498","name":"administrateur","image":{"@type":"ImageObject","inLanguage":"en-US","@id":"https:\/\/secure.gravatar.com\/avatar\/4a8b18800befc1a369b14c97823a8dcd4c383cddeeda04aa2c53e53058caa45e?s=96&d=mm&r=g","url":"https:\/\/secure.gravatar.com\/avatar\/4a8b18800befc1a369b14c97823a8dcd4c383cddeeda04aa2c53e53058caa45e?s=96&d=mm&r=g","contentUrl":"https:\/\/secure.gravatar.com\/avatar\/4a8b18800befc1a369b14c97823a8dcd4c383cddeeda04aa2c53e53058caa45e?s=96&d=mm&r=g","caption":"administrateur"},"sameAs":["https:\/\/conseillerfinanciergeneve.ch"],"url":"https:\/\/conseillerfinanciergeneve.ch\/en\/author\/admin\/"}]}},"_links":{"self":[{"href":"https:\/\/conseillerfinanciergeneve.ch\/en\/wp-json\/wp\/v2\/posts\/6658","targetHints":{"allow":["GET"]}}],"collection":[{"href":"https:\/\/conseillerfinanciergeneve.ch\/en\/wp-json\/wp\/v2\/posts"}],"about":[{"href":"https:\/\/conseillerfinanciergeneve.ch\/en\/wp-json\/wp\/v2\/types\/post"}],"author":[{"embeddable":true,"href":"https:\/\/conseillerfinanciergeneve.ch\/en\/wp-json\/wp\/v2\/users\/1"}],"replies":[{"embeddable":true,"href":"https:\/\/conseillerfinanciergeneve.ch\/en\/wp-json\/wp\/v2\/comments?post=6658"}],"version-history":[{"count":2,"href":"https:\/\/conseillerfinanciergeneve.ch\/en\/wp-json\/wp\/v2\/posts\/6658\/revisions"}],"predecessor-version":[{"id":6663,"href":"https:\/\/conseillerfinanciergeneve.ch\/en\/wp-json\/wp\/v2\/posts\/6658\/revisions\/6663"}],"wp:featuredmedia":[{"embeddable":true,"href":"https:\/\/conseillerfinanciergeneve.ch\/en\/wp-json\/wp\/v2\/media\/6659"}],"wp:attachment":[{"href":"https:\/\/conseillerfinanciergeneve.ch\/en\/wp-json\/wp\/v2\/media?parent=6658"}],"wp:term":[{"taxonomy":"category","embeddable":true,"href":"https:\/\/conseillerfinanciergeneve.ch\/en\/wp-json\/wp\/v2\/categories?post=6658"},{"taxonomy":"post_tag","embeddable":true,"href":"https:\/\/conseillerfinanciergeneve.ch\/en\/wp-json\/wp\/v2\/tags?post=6658"}],"curies":[{"name":"wp","href":"https:\/\/api.w.org\/{rel}","templated":true}]}}